{"id":42302,"date":"2026-09-03T07:51:00","date_gmt":"2026-09-03T07:51:00","guid":{"rendered":"https:\/\/www.abchukuk.com\/index.php\/2026\/09\/03\/uskudar-belediyesine-pes-pese-operasyon-oy-verecek-isimlere-gozalti\/"},"modified":"2026-09-03T07:51:00","modified_gmt":"2026-09-03T07:51:00","slug":"uskudar-belediyesine-pes-pese-operasyon-oy-verecek-isimlere-gozalti","status":"publish","type":"post","link":"https:\/\/www.abchukuk.com\/index.php\/2026\/09\/03\/uskudar-belediyesine-pes-pese-operasyon-oy-verecek-isimlere-gozalti\/","title":{"rendered":"\u00dcsk\u00fcdar Belediyesi&#8217;ne pe\u015f pe\u015fe operasyon: Oy verecek isimlere g\u00f6zalt\u0131!"},"content":{"rendered":"<p>\u00dcsk\u00fcdar Belediye Ba\u015fkan\u0131 Sinem Dedeta\u015f\u2019\u0131n tutuklanarak g\u00f6revden uzakla\u015ft\u0131r\u0131lmas\u0131n\u0131n ard\u0131ndan yap\u0131lan ba\u015fkanvekilli\u011fi se\u00e7imi yarg\u0131 karar\u0131yla yenilenecek. \u0130stanbul Valili\u011fi se\u00e7imin 5 Eyl\u00fcl\u2019de yap\u0131laca\u011f\u0131n\u0131 a\u00e7\u0131klarken, iki CHP\u2019li belediye ba\u015fkan yard\u0131mc\u0131s\u0131n\u0131n g\u00f6zalt\u0131na al\u0131nmas\u0131 yeni se\u00e7im \u00f6ncesinde tart\u0131\u015fma yaratt\u0131.\u00dcsk\u00fcdar Belediye Ba\u015fkan\u0131 Sinem Dedeta\u015f\u2019\u0131n tutuklanarak g\u00f6revden uzakla\u015ft\u0131r\u0131lmas\u0131n\u0131n ard\u0131ndan yap\u0131lan ba\u015fkanvekilli\u011fi se\u00e7imi yarg\u0131 karar\u0131yla yenilenecek. \u0130stanbul Valili\u011fi se\u00e7imin 5 Eyl\u00fcl\u2019de yap\u0131laca\u011f\u0131n\u0131 a\u00e7\u0131klarken, iki CHP\u2019li belediye ba\u015fkan yard\u0131mc\u0131s\u0131n\u0131n g\u00f6zalt\u0131na al\u0131nmas\u0131 yeni se\u00e7im \u00f6ncesinde tart\u0131\u015fma yaratt\u0131.\u00a0<a href=\"https:\/\/www.cumhuriyet.com.tr\/turkiye\/uskudar-belediyesi-ne-pes-pese-operasyon-oy-verecek-isimlere-gozalti-2534540\" target=\"_blank\" class=\"feedzy-rss-link-icon\">Read More<\/a><\/p>","protected":false},"excerpt":{"rendered":"<p>\u00dcsk\u00fcdar Belediye Ba\u015fkan\u0131 Sinem Dedeta\u015f\u2019\u0131n tutuklanarak g\u00f6revden uzakla\u015ft\u0131r\u0131lmas\u0131n\u0131n ard\u0131ndan yap\u0131lan ba\u015fkanvekilli\u011fi se\u00e7imi yarg\u0131 karar\u0131yla yenilenecek. \u0130stanbul Valili\u011fi se\u00e7imin 5 Eyl\u00fcl\u2019de yap\u0131laca\u011f\u0131n\u0131 a\u00e7\u0131klarken, iki CHP\u2019li belediye ba\u015fkan yard\u0131mc\u0131s\u0131n\u0131n g\u00f6zalt\u0131na al\u0131nmas\u0131 yeni se\u00e7im \u00f6ncesinde tart\u0131\u015fma yaratt\u0131.\u00dcsk\u00fcdar Belediye Ba\u015fkan\u0131 Sinem Dedeta\u015f\u2019\u0131n tutuklanarak g\u00f6revden uzakla\u015ft\u0131r\u0131lmas\u0131n\u0131n ard\u0131ndan yap\u0131lan ba\u015fkanvekilli\u011fi se\u00e7imi yarg\u0131 karar\u0131yla yenilenecek. \u0130stanbul Valili\u011fi se\u00e7imin 5 Eyl\u00fcl\u2019de yap\u0131laca\u011f\u0131n\u0131 a\u00e7\u0131klarken, [&hellip;]<\/p>\n","protected":false},"author":1,"featured_media":42303,"comment_status":"open","ping_status":"open","sticky":false,"template":"","format":"standard","meta":{"footnotes":"","_links_to":"","_links_to_target":""},"categories":[1],"tags":[],"class_list":["post-42302","post","type-post","status-publish","format-standard","has-post-thumbnail","hentry","category-haberler"],"_links":{"self":[{"href":"https:\/\/www.abchukuk.com\/index.php\/wp-json\/wp\/v2\/posts\/42302","targetHints":{"allow":["GET"]}}],"collection":[{"href":"https:\/\/www.abchukuk.com\/index.php\/wp-json\/wp\/v2\/posts"}],"about":[{"href":"https:\/\/www.abchukuk.com\/index.php\/wp-json\/wp\/v2\/types\/post"}],"author":[{"embeddable":true,"href":"https:\/\/www.abchukuk.com\/index.php\/wp-json\/wp\/v2\/users\/1"}],"replies":[{"embeddable":true,"href":"https:\/\/www.abchukuk.com\/index.php\/wp-json\/wp\/v2\/comments?post=42302"}],"version-history":[{"count":0,"href":"https:\/\/www.abchukuk.com\/index.php\/wp-json\/wp\/v2\/posts\/42302\/revisions"}],"wp:featuredmedia":[{"embeddable":true,"href":"https:\/\/www.abchukuk.com\/index.php\/wp-json\/wp\/v2\/media\/42303"}],"wp:attachment":[{"href":"https:\/\/www.abchukuk.com\/index.php\/wp-json\/wp\/v2\/media?parent=42302"}],"wp:term":[{"taxonomy":"category","embeddable":true,"href":"https:\/\/www.abchukuk.com\/index.php\/wp-json\/wp\/v2\/categories?post=42302"},{"taxonomy":"post_tag","embeddable":true,"href":"https:\/\/www.abchukuk.com\/index.php\/wp-json\/wp\/v2\/tags?post=42302"}],"curies":[{"name":"wp","href":"https:\/\/api.w.org\/{rel}","templated":true}]}}