{"id":4230,"date":"2025-09-10T14:47:14","date_gmt":"2025-09-10T14:47:14","guid":{"rendered":"https:\/\/www.abchukuk.com\/index.php\/2025\/09\/10\/fransada-hukumet-karsiti-protestolar-caddeler-kapatildi-yuzlerce-kisi-gozaltina-alindi\/"},"modified":"2025-09-10T14:47:14","modified_gmt":"2025-09-10T14:47:14","slug":"fransada-hukumet-karsiti-protestolar-caddeler-kapatildi-yuzlerce-kisi-gozaltina-alindi","status":"publish","type":"post","link":"https:\/\/www.abchukuk.com\/index.php\/2025\/09\/10\/fransada-hukumet-karsiti-protestolar-caddeler-kapatildi-yuzlerce-kisi-gozaltina-alindi\/","title":{"rendered":"Fransa&#8217;da h\u00fck\u00fcmet kar\u015f\u0131t\u0131 protestolar: Caddeler kapat\u0131ld\u0131, y\u00fczlerce ki\u015fi g\u00f6zalt\u0131na al\u0131nd\u0131"},"content":{"rendered":"<p>Fransa&#8217;da Ba\u015fbakan Fran\u00e7ois Bayrou&#8217;nun g\u00fcvenoyu alamay\u0131p Cumhurba\u015fkan\u0131 Emmanuel Macron&#8217;a istifas\u0131n\u0131 sunmas\u0131n\u0131n ard\u0131ndan \u00fclkenin yeni ba\u015fbakan\u0131 belli oldu. Macron, Savunma Bakan\u0131 Lecornu&#8217;yu ba\u015fbakan olarak atad\u0131.Fransa&#8217;da Ba\u015fbakan Fran\u00e7ois Bayrou&#8217;nun g\u00fcvenoyu alamay\u0131p Cumhurba\u015fkan\u0131 Emmanuel Macron&#8217;a istifas\u0131n\u0131 sunmas\u0131n\u0131n ard\u0131ndan \u00fclkenin yeni ba\u015fbakan\u0131 belli oldu. Macron, Savunma Bakan\u0131 Lecornu&#8217;yu ba\u015fbakan olarak atad\u0131.\u00a0<a href=\"https:\/\/www.bbc.com\/turkce\/articles\/c0ezw3w27r2o?at_medium=RSS&amp;at_campaign=rss\" target=\"_blank\" class=\"feedzy-rss-link-icon\">Read More<\/a><\/p>","protected":false},"excerpt":{"rendered":"<p>Fransa&#8217;da Ba\u015fbakan Fran\u00e7ois Bayrou&#8217;nun g\u00fcvenoyu alamay\u0131p Cumhurba\u015fkan\u0131 Emmanuel Macron&#8217;a istifas\u0131n\u0131 sunmas\u0131n\u0131n ard\u0131ndan \u00fclkenin yeni ba\u015fbakan\u0131 belli oldu. Macron, Savunma Bakan\u0131 Lecornu&#8217;yu ba\u015fbakan olarak atad\u0131.Fransa&#8217;da Ba\u015fbakan Fran\u00e7ois Bayrou&#8217;nun g\u00fcvenoyu alamay\u0131p Cumhurba\u015fkan\u0131 Emmanuel Macron&#8217;a istifas\u0131n\u0131 sunmas\u0131n\u0131n ard\u0131ndan \u00fclkenin yeni ba\u015fbakan\u0131 belli oldu. Macron, Savunma Bakan\u0131 Lecornu&#8217;yu ba\u015fbakan olarak atad\u0131.\u00a0Read More<\/p>\n","protected":false},"author":1,"featured_media":4189,"comment_status":"open","ping_status":"open","sticky":false,"template":"","format":"standard","meta":{"footnotes":"","_links_to":"","_links_to_target":""},"categories":[1],"tags":[],"class_list":["post-4230","post","type-post","status-publish","format-standard","has-post-thumbnail","hentry","category-haberler"],"_links":{"self":[{"href":"https:\/\/www.abchukuk.com\/index.php\/wp-json\/wp\/v2\/posts\/4230","targetHints":{"allow":["GET"]}}],"collection":[{"href":"https:\/\/www.abchukuk.com\/index.php\/wp-json\/wp\/v2\/posts"}],"about":[{"href":"https:\/\/www.abchukuk.com\/index.php\/wp-json\/wp\/v2\/types\/post"}],"author":[{"embeddable":true,"href":"https:\/\/www.abchukuk.com\/index.php\/wp-json\/wp\/v2\/users\/1"}],"replies":[{"embeddable":true,"href":"https:\/\/www.abchukuk.com\/index.php\/wp-json\/wp\/v2\/comments?post=4230"}],"version-history":[{"count":0,"href":"https:\/\/www.abchukuk.com\/index.php\/wp-json\/wp\/v2\/posts\/4230\/revisions"}],"wp:featuredmedia":[{"embeddable":true,"href":"https:\/\/www.abchukuk.com\/index.php\/wp-json\/wp\/v2\/media\/4189"}],"wp:attachment":[{"href":"https:\/\/www.abchukuk.com\/index.php\/wp-json\/wp\/v2\/media?parent=4230"}],"wp:term":[{"taxonomy":"category","embeddable":true,"href":"https:\/\/www.abchukuk.com\/index.php\/wp-json\/wp\/v2\/categories?post=4230"},{"taxonomy":"post_tag","embeddable":true,"href":"https:\/\/www.abchukuk.com\/index.php\/wp-json\/wp\/v2\/tags?post=4230"}],"curies":[{"name":"wp","href":"https:\/\/api.w.org\/{rel}","templated":true}]}}