{"id":42297,"date":"2026-09-03T05:32:09","date_gmt":"2026-09-03T05:32:09","guid":{"rendered":"https:\/\/www.abchukuk.com\/index.php\/2026\/09\/03\/abdde-federal-yargic-trumpin-dogustan-vatandasligi-kaldirma-girisimini-engelledi\/"},"modified":"2026-09-03T05:32:09","modified_gmt":"2026-09-03T05:32:09","slug":"abdde-federal-yargic-trumpin-dogustan-vatandasligi-kaldirma-girisimini-engelledi","status":"publish","type":"post","link":"https:\/\/www.abchukuk.com\/index.php\/2026\/09\/03\/abdde-federal-yargic-trumpin-dogustan-vatandasligi-kaldirma-girisimini-engelledi\/","title":{"rendered":"ABD&#8217;de federal yarg\u0131\u00e7, Trump\u2019\u0131n do\u011fu\u015ftan vatanda\u015fl\u0131\u011f\u0131 kald\u0131rma giri\u015fimini engelledi"},"content":{"rendered":"<p>Karar, Trump\u2019\u0131n anayasal do\u011fu\u015ftan vatanda\u015fl\u0131k hakk\u0131n\u0131 kald\u0131rma plan\u0131n\u0131n federal mahkemelerce ikinci kez engellenmesi oldu. Y\u00fcksek Mahkeme de daha \u00f6nce, yasal stat\u00fcs\u00fc olmayan ebeveynlerin ABD\u2019de do\u011fan \u00e7ocuklar\u0131n\u0131n vatanda\u015fl\u0131k hakk\u0131n\u0131n kald\u0131r\u0131lmas\u0131n\u0131 engellemi\u015fti.Karar, Trump\u2019\u0131n anayasal do\u011fu\u015ftan vatanda\u015fl\u0131k hakk\u0131n\u0131 kald\u0131rma plan\u0131n\u0131n federal mahkemelerce ikinci kez engellenmesi oldu. Y\u00fcksek Mahkeme de daha \u00f6nce, yasal stat\u00fcs\u00fc olmayan ebeveynlerin ABD\u2019de do\u011fan \u00e7ocuklar\u0131n\u0131n vatanda\u015fl\u0131k hakk\u0131n\u0131n kald\u0131r\u0131lmas\u0131n\u0131 engellemi\u015fti.\u00a0<a href=\"http:\/\/tr.euronews.com\/2026\/09\/03\/abdde-federal-yargic-trumpin-dogustan-vatandasligi-kaldirma-girisimini-engelledi\" target=\"_blank\" class=\"feedzy-rss-link-icon\">Read More<\/a><\/p>","protected":false},"excerpt":{"rendered":"<p>Karar, Trump\u2019\u0131n anayasal do\u011fu\u015ftan vatanda\u015fl\u0131k hakk\u0131n\u0131 kald\u0131rma plan\u0131n\u0131n federal mahkemelerce ikinci kez engellenmesi oldu. Y\u00fcksek Mahkeme de daha \u00f6nce, yasal stat\u00fcs\u00fc olmayan ebeveynlerin ABD\u2019de do\u011fan \u00e7ocuklar\u0131n\u0131n vatanda\u015fl\u0131k hakk\u0131n\u0131n kald\u0131r\u0131lmas\u0131n\u0131 engellemi\u015fti.Karar, Trump\u2019\u0131n anayasal do\u011fu\u015ftan vatanda\u015fl\u0131k hakk\u0131n\u0131 kald\u0131rma plan\u0131n\u0131n federal mahkemelerce ikinci kez engellenmesi oldu. Y\u00fcksek Mahkeme de daha \u00f6nce, yasal stat\u00fcs\u00fc olmayan ebeveynlerin ABD\u2019de do\u011fan \u00e7ocuklar\u0131n\u0131n [&hellip;]<\/p>\n","protected":false},"author":1,"featured_media":0,"comment_status":"open","ping_status":"open","sticky":false,"template":"","format":"standard","meta":{"footnotes":"","_links_to":"","_links_to_target":""},"categories":[1],"tags":[],"class_list":["post-42297","post","type-post","status-publish","format-standard","hentry","category-haberler"],"_links":{"self":[{"href":"https:\/\/www.abchukuk.com\/index.php\/wp-json\/wp\/v2\/posts\/42297","targetHints":{"allow":["GET"]}}],"collection":[{"href":"https:\/\/www.abchukuk.com\/index.php\/wp-json\/wp\/v2\/posts"}],"about":[{"href":"https:\/\/www.abchukuk.com\/index.php\/wp-json\/wp\/v2\/types\/post"}],"author":[{"embeddable":true,"href":"https:\/\/www.abchukuk.com\/index.php\/wp-json\/wp\/v2\/users\/1"}],"replies":[{"embeddable":true,"href":"https:\/\/www.abchukuk.com\/index.php\/wp-json\/wp\/v2\/comments?post=42297"}],"version-history":[{"count":0,"href":"https:\/\/www.abchukuk.com\/index.php\/wp-json\/wp\/v2\/posts\/42297\/revisions"}],"wp:attachment":[{"href":"https:\/\/www.abchukuk.com\/index.php\/wp-json\/wp\/v2\/media?parent=42297"}],"wp:term":[{"taxonomy":"category","embeddable":true,"href":"https:\/\/www.abchukuk.com\/index.php\/wp-json\/wp\/v2\/categories?post=42297"},{"taxonomy":"post_tag","embeddable":true,"href":"https:\/\/www.abchukuk.com\/index.php\/wp-json\/wp\/v2\/tags?post=42297"}],"curies":[{"name":"wp","href":"https:\/\/api.w.org\/{rel}","templated":true}]}}