{"id":42293,"date":"2026-09-03T05:42:00","date_gmt":"2026-09-03T05:42:00","guid":{"rendered":"https:\/\/www.abchukuk.com\/index.php\/2026\/09\/03\/son-dakika-ibbye-yeni-dalga-operasyon-13-kisiye-gozalti-karari\/"},"modified":"2026-09-03T05:42:00","modified_gmt":"2026-09-03T05:42:00","slug":"son-dakika-ibbye-yeni-dalga-operasyon-13-kisiye-gozalti-karari","status":"publish","type":"post","link":"https:\/\/www.abchukuk.com\/index.php\/2026\/09\/03\/son-dakika-ibbye-yeni-dalga-operasyon-13-kisiye-gozalti-karari\/","title":{"rendered":"Son Dakika&#8230; \u0130BB&#8217;ye yeni dalga operasyon: 13 ki\u015fiye g\u00f6zalt\u0131 karar\u0131!"},"content":{"rendered":"<p>Son dakika geli\u015fmesi&#8230; \u0130stanbul B\u00fcy\u00fck\u015fehir Belediyesi\u2019ne (\u0130BB) y\u00f6nelik yeni bir operasyon d\u00fczenlendi. Ba\u015fsvc\u0131l\u0131ktan yap\u0131lan a\u00e7\u0131klamaya g\u00f6re \u00e7ok say\u0131da ki\u015fi hakk\u0131nda g\u00f6zalt\u0131 karar\u0131 oldu\u011fu \u00f6\u011frenildi.Son dakika geli\u015fmesi&#8230; \u0130stanbul B\u00fcy\u00fck\u015fehir Belediyesi\u2019ne (\u0130BB) y\u00f6nelik yeni bir operasyon d\u00fczenlendi. Ba\u015fsvc\u0131l\u0131ktan yap\u0131lan a\u00e7\u0131klamaya g\u00f6re \u00e7ok say\u0131da ki\u015fi hakk\u0131nda g\u00f6zalt\u0131 karar\u0131 oldu\u011fu \u00f6\u011frenildi.\u00a0<a href=\"https:\/\/www.cumhuriyet.com.tr\/turkiye\/son-dakika-ibb-ye-yeni-dalga-operasyon-13-kisiye-gozalti-karari-2534488\" target=\"_blank\" class=\"feedzy-rss-link-icon\">Read More<\/a><\/p>","protected":false},"excerpt":{"rendered":"<p>Son dakika geli\u015fmesi&#8230; \u0130stanbul B\u00fcy\u00fck\u015fehir Belediyesi\u2019ne (\u0130BB) y\u00f6nelik yeni bir operasyon d\u00fczenlendi. Ba\u015fsvc\u0131l\u0131ktan yap\u0131lan a\u00e7\u0131klamaya g\u00f6re \u00e7ok say\u0131da ki\u015fi hakk\u0131nda g\u00f6zalt\u0131 karar\u0131 oldu\u011fu \u00f6\u011frenildi.Son dakika geli\u015fmesi&#8230; \u0130stanbul B\u00fcy\u00fck\u015fehir Belediyesi\u2019ne (\u0130BB) y\u00f6nelik yeni bir operasyon d\u00fczenlendi. Ba\u015fsvc\u0131l\u0131ktan yap\u0131lan a\u00e7\u0131klamaya g\u00f6re \u00e7ok say\u0131da ki\u015fi hakk\u0131nda g\u00f6zalt\u0131 karar\u0131 oldu\u011fu \u00f6\u011frenildi.\u00a0Read More<\/p>\n","protected":false},"author":1,"featured_media":42294,"comment_status":"open","ping_status":"open","sticky":false,"template":"","format":"standard","meta":{"footnotes":"","_links_to":"","_links_to_target":""},"categories":[1],"tags":[],"class_list":["post-42293","post","type-post","status-publish","format-standard","has-post-thumbnail","hentry","category-haberler"],"_links":{"self":[{"href":"https:\/\/www.abchukuk.com\/index.php\/wp-json\/wp\/v2\/posts\/42293","targetHints":{"allow":["GET"]}}],"collection":[{"href":"https:\/\/www.abchukuk.com\/index.php\/wp-json\/wp\/v2\/posts"}],"about":[{"href":"https:\/\/www.abchukuk.com\/index.php\/wp-json\/wp\/v2\/types\/post"}],"author":[{"embeddable":true,"href":"https:\/\/www.abchukuk.com\/index.php\/wp-json\/wp\/v2\/users\/1"}],"replies":[{"embeddable":true,"href":"https:\/\/www.abchukuk.com\/index.php\/wp-json\/wp\/v2\/comments?post=42293"}],"version-history":[{"count":0,"href":"https:\/\/www.abchukuk.com\/index.php\/wp-json\/wp\/v2\/posts\/42293\/revisions"}],"wp:featuredmedia":[{"embeddable":true,"href":"https:\/\/www.abchukuk.com\/index.php\/wp-json\/wp\/v2\/media\/42294"}],"wp:attachment":[{"href":"https:\/\/www.abchukuk.com\/index.php\/wp-json\/wp\/v2\/media?parent=42293"}],"wp:term":[{"taxonomy":"category","embeddable":true,"href":"https:\/\/www.abchukuk.com\/index.php\/wp-json\/wp\/v2\/categories?post=42293"},{"taxonomy":"post_tag","embeddable":true,"href":"https:\/\/www.abchukuk.com\/index.php\/wp-json\/wp\/v2\/tags?post=42293"}],"curies":[{"name":"wp","href":"https:\/\/api.w.org\/{rel}","templated":true}]}}