{"id":42289,"date":"2026-09-03T01:00:00","date_gmt":"2026-09-03T01:00:00","guid":{"rendered":"https:\/\/www.abchukuk.com\/index.php\/2026\/09\/03\/akpde-secim-hesabina-transfer-golgesi-yeni-yasama-yilinda-anayasa-ve-secim-pazarliklari\/"},"modified":"2026-09-03T01:00:00","modified_gmt":"2026-09-03T01:00:00","slug":"akpde-secim-hesabina-transfer-golgesi-yeni-yasama-yilinda-anayasa-ve-secim-pazarliklari","status":"publish","type":"post","link":"https:\/\/www.abchukuk.com\/index.php\/2026\/09\/03\/akpde-secim-hesabina-transfer-golgesi-yeni-yasama-yilinda-anayasa-ve-secim-pazarliklari\/","title":{"rendered":"AKP\u2019de se\u00e7im hesab\u0131na transfer g\u00f6lgesi: Yeni yasama y\u0131l\u0131nda \u2018anayasa\u2019 ve \u2018se\u00e7im\u2019 pazarl\u0131klar\u0131&#8230;"},"content":{"rendered":"<p>Meclis\u2019in a\u00e7\u0131lmas\u0131yla h\u0131z kazanmas\u0131 beklenen anayasa \u00e7al\u0131\u015fmalar\u0131n\u0131n referanduma uzanaca\u011f\u0131, ard\u0131ndan erken se\u00e7imin g\u00fcndeme gelece\u011fi konu\u015fuluyor. Bu takvimin adayl\u0131k tart\u0131\u015fmalar\u0131n\u0131 da beraberinde getirmesi beklenirken AKP\u2019de ba\u015fka partilerden gelen isimlere y\u00f6nelik rahats\u0131zl\u0131k dikkat \u00e7ekiyor.Meclis\u2019in a\u00e7\u0131lmas\u0131yla h\u0131z kazanmas\u0131 beklenen anayasa \u00e7al\u0131\u015fmalar\u0131n\u0131n referanduma uzanaca\u011f\u0131, ard\u0131ndan erken se\u00e7imin g\u00fcndeme gelece\u011fi konu\u015fuluyor. Bu takvimin adayl\u0131k tart\u0131\u015fmalar\u0131n\u0131 da beraberinde getirmesi beklenirken AKP\u2019de ba\u015fka partilerden gelen isimlere y\u00f6nelik rahats\u0131zl\u0131k dikkat \u00e7ekiyor.\u00a0<a href=\"https:\/\/www.cumhuriyet.com.tr\/turkiye\/akp-de-secim-hesabina-transfer-golgesi-yeni-yasama-yilinda-anayasa-ve-secim-pazarliklari-2534407\" target=\"_blank\" class=\"feedzy-rss-link-icon\">Read More<\/a><\/p>","protected":false},"excerpt":{"rendered":"<p>Meclis\u2019in a\u00e7\u0131lmas\u0131yla h\u0131z kazanmas\u0131 beklenen anayasa \u00e7al\u0131\u015fmalar\u0131n\u0131n referanduma uzanaca\u011f\u0131, ard\u0131ndan erken se\u00e7imin g\u00fcndeme gelece\u011fi konu\u015fuluyor. Bu takvimin adayl\u0131k tart\u0131\u015fmalar\u0131n\u0131 da beraberinde getirmesi beklenirken AKP\u2019de ba\u015fka partilerden gelen isimlere y\u00f6nelik rahats\u0131zl\u0131k dikkat \u00e7ekiyor.Meclis\u2019in a\u00e7\u0131lmas\u0131yla h\u0131z kazanmas\u0131 beklenen anayasa \u00e7al\u0131\u015fmalar\u0131n\u0131n referanduma uzanaca\u011f\u0131, ard\u0131ndan erken se\u00e7imin g\u00fcndeme gelece\u011fi konu\u015fuluyor. Bu takvimin adayl\u0131k tart\u0131\u015fmalar\u0131n\u0131 da beraberinde getirmesi beklenirken AKP\u2019de [&hellip;]<\/p>\n","protected":false},"author":1,"featured_media":42290,"comment_status":"open","ping_status":"open","sticky":false,"template":"","format":"standard","meta":{"footnotes":"","_links_to":"","_links_to_target":""},"categories":[1],"tags":[],"class_list":["post-42289","post","type-post","status-publish","format-standard","has-post-thumbnail","hentry","category-haberler"],"_links":{"self":[{"href":"https:\/\/www.abchukuk.com\/index.php\/wp-json\/wp\/v2\/posts\/42289","targetHints":{"allow":["GET"]}}],"collection":[{"href":"https:\/\/www.abchukuk.com\/index.php\/wp-json\/wp\/v2\/posts"}],"about":[{"href":"https:\/\/www.abchukuk.com\/index.php\/wp-json\/wp\/v2\/types\/post"}],"author":[{"embeddable":true,"href":"https:\/\/www.abchukuk.com\/index.php\/wp-json\/wp\/v2\/users\/1"}],"replies":[{"embeddable":true,"href":"https:\/\/www.abchukuk.com\/index.php\/wp-json\/wp\/v2\/comments?post=42289"}],"version-history":[{"count":0,"href":"https:\/\/www.abchukuk.com\/index.php\/wp-json\/wp\/v2\/posts\/42289\/revisions"}],"wp:featuredmedia":[{"embeddable":true,"href":"https:\/\/www.abchukuk.com\/index.php\/wp-json\/wp\/v2\/media\/42290"}],"wp:attachment":[{"href":"https:\/\/www.abchukuk.com\/index.php\/wp-json\/wp\/v2\/media?parent=42289"}],"wp:term":[{"taxonomy":"category","embeddable":true,"href":"https:\/\/www.abchukuk.com\/index.php\/wp-json\/wp\/v2\/categories?post=42289"},{"taxonomy":"post_tag","embeddable":true,"href":"https:\/\/www.abchukuk.com\/index.php\/wp-json\/wp\/v2\/tags?post=42289"}],"curies":[{"name":"wp","href":"https:\/\/api.w.org\/{rel}","templated":true}]}}