{"id":42283,"date":"2026-09-02T22:20:55","date_gmt":"2026-09-02T22:20:55","guid":{"rendered":"https:\/\/www.abchukuk.com\/index.php\/2026\/09\/02\/kilis-adliyesinde-yeni-adli-yil-mesaji-adalet-tam-ayrica-dogru-ve-zamaninda-tecelli-etmeli\/"},"modified":"2026-09-02T22:20:55","modified_gmt":"2026-09-02T22:20:55","slug":"kilis-adliyesinde-yeni-adli-yil-mesaji-adalet-tam-ayrica-dogru-ve-zamaninda-tecelli-etmeli","status":"publish","type":"post","link":"https:\/\/www.abchukuk.com\/index.php\/2026\/09\/02\/kilis-adliyesinde-yeni-adli-yil-mesaji-adalet-tam-ayrica-dogru-ve-zamaninda-tecelli-etmeli\/","title":{"rendered":"Kilis Adliyesi\u2019nde yeni adli y\u0131l mesaj\u0131: Adalet tam ayr\u0131ca do\u011fru ve zaman\u0131nda tecelli etmeli"},"content":{"rendered":"<p><strong>SON.TV\/K\u0130L\u0130S<\/strong><\/p>\n<p><strong>Kilis Adliyesi\u2019nde 2026-2027 Adli Y\u0131l\u0131<\/strong>\u2019n\u0131n ba\u015flamas\u0131 dolay\u0131s\u0131yla a\u00e7\u0131l\u0131\u015f t\u00f6reni ger\u00e7ekle\u015ftirildi. Yarg\u0131 camias\u0131 ile il protokol\u00fcn\u00fc bir araya getiren programa hakimler, Cumhuriyet savc\u0131lar\u0131, avukatlar ve adliye personeli de kat\u0131ld\u0131.<\/p>\n<p><img fetchpriority=\"high\" decoding=\"async\" class=\"alignnone size-medium wp-image-197497\" src=\"https:\/\/www.son.tv\/wp-content\/uploads\/2026\/09\/IMG_8444-225x300.jpeg\" alt=\"\" width=\"225\" height=\"300\" \/><\/p>\n<p><strong>YARGI VE \u0130L PROTOKOL\u00dc B\u0130R ARAYA GELD\u0130<\/strong><\/p>\n<p><strong>Yeni adli y\u0131l dolay\u0131s\u0131yla ger\u00e7ekle\u015ftirilen programa Kilis Valisi \u00d6mer Kalayl\u0131, Kilis Adalet Komisyonu Ba\u015fkan\u0131 Ferhat Korkmaz, Kilis Cumhuriyet Ba\u015fsavc\u0131s\u0131 Emre Kaya ve Kilis Barosu Ba\u015fkan\u0131 Mehmet Ta\u015f\u00e7\u0131 kat\u0131ld\u0131.<\/strong><\/p>\n<p>T\u00f6rende ayr\u0131ca <strong>Kilis Adliyesi\u2019<\/strong>nde g\u00f6rev yapan hakimler, Cumhuriyet savc\u0131lar\u0131, avukatlar ve adliye personeli yer ald\u0131.<\/p>\n<p><img decoding=\"async\" class=\"alignnone size-medium wp-image-197498\" src=\"https:\/\/www.son.tv\/wp-content\/uploads\/2026\/09\/IMG_8445-225x300.jpeg\" alt=\"\" width=\"225\" height=\"300\" \/> <img decoding=\"async\" class=\"alignnone size-medium wp-image-197499\" src=\"https:\/\/www.son.tv\/wp-content\/uploads\/2026\/09\/IMG_8449-225x300.jpeg\" alt=\"\" width=\"225\" height=\"300\" \/> <img loading=\"lazy\" decoding=\"async\" loading=\"lazy\" class=\"alignnone size-medium wp-image-197500\" src=\"https:\/\/www.son.tv\/wp-content\/uploads\/2026\/09\/IMG_8453-225x300.jpeg\" alt=\"\" width=\"225\" height=\"300\" \/><\/p>\n<p><strong>ADALET\u0130N ZAMANINDA TECELL\u0130S\u0130 VURGULANDI<\/strong><\/p>\n<p>Yeni adli y\u0131l dolay\u0131s\u0131yla verilen mesajda, toplumlar\u0131n huzur ve g\u00fcven i\u00e7erisinde ya\u015fayabilmesinin adaletin tam, do\u011fru ve zaman\u0131nda tecelli etmesiyle m\u00fcmk\u00fcn oldu\u011fu belirtildi.<\/p>\n<p>Adaletin \u00fcst\u00fcnl\u00fc\u011f\u00fcn\u00fcn yaln\u0131zca yarg\u0131 mensuplar\u0131n\u0131n de\u011fil, milletin tamam\u0131n\u0131n ortak beklentisi oldu\u011fu ifade edildi.<\/p>\n<p><img loading=\"lazy\" decoding=\"async\" loading=\"lazy\" class=\"alignnone size-medium wp-image-197501\" src=\"https:\/\/www.son.tv\/wp-content\/uploads\/2026\/09\/IMG_8450-225x300.jpeg\" alt=\"\" width=\"225\" height=\"300\" \/> <img loading=\"lazy\" decoding=\"async\" loading=\"lazy\" class=\"alignnone size-medium wp-image-197502\" src=\"https:\/\/www.son.tv\/wp-content\/uploads\/2026\/09\/IMG_8451-225x300.jpeg\" alt=\"\" width=\"225\" height=\"300\" \/> <img loading=\"lazy\" decoding=\"async\" loading=\"lazy\" class=\"alignnone size-medium wp-image-197503\" src=\"https:\/\/www.son.tv\/wp-content\/uploads\/2026\/09\/IMG_8452-225x300.jpeg\" alt=\"\" width=\"225\" height=\"300\" \/> <img loading=\"lazy\" decoding=\"async\" loading=\"lazy\" class=\"alignnone size-medium wp-image-197504\" src=\"https:\/\/www.son.tv\/wp-content\/uploads\/2026\/09\/IMG_8447-225x300.jpeg\" alt=\"\" width=\"225\" height=\"300\" \/> <img loading=\"lazy\" decoding=\"async\" loading=\"lazy\" class=\"alignnone size-medium wp-image-197505\" src=\"https:\/\/www.son.tv\/wp-content\/uploads\/2026\/09\/IMG_8448-225x300.jpeg\" alt=\"\" width=\"225\" height=\"300\" \/><\/p>\n<p><strong>YARGI BA\u011eIMSIZLI\u011eI VE TARAFSIZLIK MESAJI<\/strong><\/p>\n<p><strong>2026-2027 Adli Y\u0131l\u0131\u2019<\/strong>na yeni bir heyecan, azim ve kararl\u0131l\u0131kla girildi\u011fi belirtilirken, yarg\u0131 ba\u011f\u0131ms\u0131zl\u0131\u011f\u0131 ve tarafs\u0131zl\u0131\u011f\u0131n\u0131n temel ilkeler aras\u0131nda bulundu\u011funa dikkat \u00e7ekildi.<\/p>\n<p>Adaletin herkese e\u015fit \u015fekilde sunulmas\u0131n\u0131n esas oldu\u011fu belirtilerek, vatanda\u015flar\u0131n hak arama \u00f6zg\u00fcrl\u00fc\u011f\u00fcn\u00fcn g\u00fc\u00e7l\u00fc \u015fekilde korunmas\u0131n\u0131n yarg\u0131n\u0131n temel g\u00f6revleri aras\u0131nda bulundu\u011fu kaydedildi.<\/p>\n<p><img loading=\"lazy\" decoding=\"async\" loading=\"lazy\" class=\"alignnone size-medium wp-image-197506\" src=\"https:\/\/www.son.tv\/wp-content\/uploads\/2026\/09\/IMG_8446-1-225x300.jpeg\" alt=\"\" width=\"225\" height=\"300\" \/> <img loading=\"lazy\" decoding=\"async\" loading=\"lazy\" class=\"alignnone size-medium wp-image-197507\" src=\"https:\/\/www.son.tv\/wp-content\/uploads\/2026\/09\/IMG_8438-300x200.png\" alt=\"\" width=\"300\" height=\"200\" \/> <img loading=\"lazy\" decoding=\"async\" loading=\"lazy\" class=\"alignnone size-medium wp-image-197508\" src=\"https:\/\/www.son.tv\/wp-content\/uploads\/2026\/09\/IMG_8436-300x200.jpeg\" alt=\"\" width=\"300\" height=\"200\" \/><\/p>\n<p><strong>ADALET H\u0130ZMETLER\u0130N\u0130N ER\u0130\u015e\u0130LEB\u0130L\u0130RL\u0130\u011e\u0130NE D\u0130KKAT \u00c7EK\u0130LD\u0130<\/strong><\/p>\n<p>Yeni adli y\u0131l\u0131n, hukukun \u00fcst\u00fcnl\u00fc\u011f\u00fcne olan inanc\u0131n peki\u015ftirilmesi ve adalet hizmetlerinin daha eri\u015filebilir hale getirilmesi a\u00e7\u0131s\u0131ndan yeni bir ba\u015flang\u0131\u00e7 oldu\u011fu belirtildi.<\/p>\n<p><strong>Kilis Adliyesi<\/strong>\u2019nde ba\u015flayan <strong>2026-2027 Adli Y\u0131l\u0131<\/strong>\u2019n\u0131n yarg\u0131 camias\u0131na ve millete hay\u0131rlar getirmesi temennisinde bulunuldu.<\/p>\n<p><img loading=\"lazy\" decoding=\"async\" loading=\"lazy\" class=\"alignnone size-medium wp-image-197509\" src=\"https:\/\/www.son.tv\/wp-content\/uploads\/2026\/09\/IMG_8443-225x300.jpeg\" alt=\"\" width=\"225\" height=\"300\" \/> <img loading=\"lazy\" decoding=\"async\" loading=\"lazy\" class=\"alignnone size-medium wp-image-197510\" src=\"https:\/\/www.son.tv\/wp-content\/uploads\/2026\/09\/IMG_8441-225x300.jpeg\" alt=\"\" width=\"225\" height=\"300\" \/> <img loading=\"lazy\" decoding=\"async\" loading=\"lazy\" class=\"alignnone size-medium wp-image-197511\" src=\"https:\/\/www.son.tv\/wp-content\/uploads\/2026\/09\/IMG_8439-300x200.png\" alt=\"\" width=\"300\" height=\"200\" \/> <img loading=\"lazy\" decoding=\"async\" loading=\"lazy\" class=\"alignnone size-medium wp-image-197512\" src=\"https:\/\/www.son.tv\/wp-content\/uploads\/2026\/09\/IMG_8441-1-225x300.jpeg\" alt=\"\" width=\"225\" height=\"300\" \/><\/p>\n<p><strong>K\u0130L\u0130S\u2019TE YEN\u0130 ADL\u0130 YIL BA\u015eLADI<\/strong><\/p>\n<p><strong>Kilis\u2019<\/strong>te yeni adli y\u0131l\u0131n ba\u015flamas\u0131yla birlikte hakimler, Cumhuriyet savc\u0131lar\u0131, avukatlar ve adliye personeli 2026-2027 d\u00f6nemi \u00e7al\u0131\u015fmalar\u0131na ba\u015flad\u0131. A\u00e7\u0131l\u0131\u015f t\u00f6reninde verilen mesajlarda adaletin zaman\u0131nda tecellisi, hukukun \u00fcst\u00fcnl\u00fc\u011f\u00fc, ba\u011f\u0131ms\u0131z ve tarafs\u0131z yarg\u0131 ile vatanda\u015flar\u0131n hak arama \u00f6zg\u00fcrl\u00fc\u011f\u00fcn\u00fcn korunmas\u0131 \u00f6ne \u00e7\u0131kt\u0131.<\/p>\n<p><strong>ET\u0130KETLER: #Kilis #KilisAdliyesi #EmreKaya #FerhatKorkmaz #\u00d6merKalayl\u0131 #MehmetTa\u015f\u00e7\u0131 #AdliY\u0131l #Yarg\u0131 #Adalet #Hukuk<\/strong><\/p>\n<p>Kilis Adliyesi\u2019nde 2026-2027 Adli Y\u0131l\u0131 d\u00fczenlenen t\u00f6renle ba\u015flad\u0131. Kilis Valisi \u00d6mer Kalayl\u0131, Adalet Komisyonu Ba\u015fkan\u0131 Ferhat Korkmaz, Cumhuriyet Ba\u015fsavc\u0131s\u0131 Emre Kaya ve Kilis Barosu Ba\u015fkan\u0131 Mehmet Ta\u015f\u00e7\u0131\u2019n\u0131n kat\u0131ld\u0131\u011f\u0131 t\u00f6rende; yarg\u0131 ba\u011f\u0131ms\u0131zl\u0131\u011f\u0131, tarafs\u0131zl\u0131k, hukukun \u00fcst\u00fcnl\u00fc\u011f\u00fc ve adalet hizmetlerinin vatanda\u015flara e\u015fit \u015fekilde sunulmas\u0131 vurguland\u0131.\u00a0<a href=\"https:\/\/www.son.tv\/kilis-adliyesinde-yeni-adli-yil-mesaji-adalet-tam-ayrica-dogru-ve-zamaninda-tecelli-etmeli\/\" target=\"_blank\" class=\"feedzy-rss-link-icon\">Read More<\/a><\/p>","protected":false},"excerpt":{"rendered":"<p>SON.TV\/K\u0130L\u0130S Kilis Adliyesi\u2019nde 2026-2027 Adli Y\u0131l\u0131\u2019n\u0131n ba\u015flamas\u0131 dolay\u0131s\u0131yla a\u00e7\u0131l\u0131\u015f t\u00f6reni ger\u00e7ekle\u015ftirildi. Yarg\u0131 camias\u0131 ile il protokol\u00fcn\u00fc bir araya getiren programa hakimler, Cumhuriyet savc\u0131lar\u0131, avukatlar ve adliye personeli de kat\u0131ld\u0131. YARGI VE \u0130L PROTOKOL\u00dc B\u0130R ARAYA GELD\u0130 Yeni adli y\u0131l dolay\u0131s\u0131yla ger\u00e7ekle\u015ftirilen programa Kilis Valisi \u00d6mer Kalayl\u0131, Kilis Adalet Komisyonu Ba\u015fkan\u0131 Ferhat Korkmaz, Kilis Cumhuriyet Ba\u015fsavc\u0131s\u0131 [&hellip;]<\/p>\n","protected":false},"author":1,"featured_media":42284,"comment_status":"open","ping_status":"open","sticky":false,"template":"","format":"standard","meta":{"footnotes":"","_links_to":"","_links_to_target":""},"categories":[1],"tags":[],"class_list":["post-42283","post","type-post","status-publish","format-standard","has-post-thumbnail","hentry","category-haberler"],"_links":{"self":[{"href":"https:\/\/www.abchukuk.com\/index.php\/wp-json\/wp\/v2\/posts\/42283","targetHints":{"allow":["GET"]}}],"collection":[{"href":"https:\/\/www.abchukuk.com\/index.php\/wp-json\/wp\/v2\/posts"}],"about":[{"href":"https:\/\/www.abchukuk.com\/index.php\/wp-json\/wp\/v2\/types\/post"}],"author":[{"embeddable":true,"href":"https:\/\/www.abchukuk.com\/index.php\/wp-json\/wp\/v2\/users\/1"}],"replies":[{"embeddable":true,"href":"https:\/\/www.abchukuk.com\/index.php\/wp-json\/wp\/v2\/comments?post=42283"}],"version-history":[{"count":0,"href":"https:\/\/www.abchukuk.com\/index.php\/wp-json\/wp\/v2\/posts\/42283\/revisions"}],"wp:featuredmedia":[{"embeddable":true,"href":"https:\/\/www.abchukuk.com\/index.php\/wp-json\/wp\/v2\/media\/42284"}],"wp:attachment":[{"href":"https:\/\/www.abchukuk.com\/index.php\/wp-json\/wp\/v2\/media?parent=42283"}],"wp:term":[{"taxonomy":"category","embeddable":true,"href":"https:\/\/www.abchukuk.com\/index.php\/wp-json\/wp\/v2\/categories?post=42283"},{"taxonomy":"post_tag","embeddable":true,"href":"https:\/\/www.abchukuk.com\/index.php\/wp-json\/wp\/v2\/tags?post=42283"}],"curies":[{"name":"wp","href":"https:\/\/api.w.org\/{rel}","templated":true}]}}