{"id":42281,"date":"2026-09-02T20:12:00","date_gmt":"2026-09-02T20:12:00","guid":{"rendered":"https:\/\/www.abchukuk.com\/index.php\/2026\/09\/02\/sosyal-medya-fenomenleri-cansum-kaya-ve-sinan-kaya-gozaltina-alindi\/"},"modified":"2026-09-02T20:12:00","modified_gmt":"2026-09-02T20:12:00","slug":"sosyal-medya-fenomenleri-cansum-kaya-ve-sinan-kaya-gozaltina-alindi","status":"publish","type":"post","link":"https:\/\/www.abchukuk.com\/index.php\/2026\/09\/02\/sosyal-medya-fenomenleri-cansum-kaya-ve-sinan-kaya-gozaltina-alindi\/","title":{"rendered":"Sosyal medya fenomenleri Cansum Kaya ve Sinan Kaya g\u00f6zalt\u0131na al\u0131nd\u0131"},"content":{"rendered":"<p>Sosyal medya platformu TikTok\u2019ta yapt\u0131klar\u0131 payla\u015f\u0131mlar nedeniyle haklar\u0131nda \u201chalk\u0131 kin ve d\u00fc\u015fmanl\u0131\u011fa tahrik veya a\u015fa\u011f\u0131lama\u201d su\u00e7undan soru\u015fturma ba\u015flat\u0131lan Cansum Kaya ve Sinan Kaya g\u00f6zalt\u0131na al\u0131nd\u0131.Sosyal medya platformu TikTok\u2019ta yapt\u0131klar\u0131 payla\u015f\u0131mlar nedeniyle haklar\u0131nda \u201chalk\u0131 kin ve d\u00fc\u015fmanl\u0131\u011fa tahrik veya a\u015fa\u011f\u0131lama\u201d su\u00e7undan soru\u015fturma ba\u015flat\u0131lan Cansum Kaya ve Sinan Kaya g\u00f6zalt\u0131na al\u0131nd\u0131.\u00a0<a href=\"https:\/\/www.cumhuriyet.com.tr\/turkiye\/sosyal-medya-fenomenleri-cansum-kaya-ve-sinan-kaya-gozaltina-alindi-2534440\" target=\"_blank\" class=\"feedzy-rss-link-icon\">Read More<\/a><\/p>","protected":false},"excerpt":{"rendered":"<p>Sosyal medya platformu TikTok\u2019ta yapt\u0131klar\u0131 payla\u015f\u0131mlar nedeniyle haklar\u0131nda \u201chalk\u0131 kin ve d\u00fc\u015fmanl\u0131\u011fa tahrik veya a\u015fa\u011f\u0131lama\u201d su\u00e7undan soru\u015fturma ba\u015flat\u0131lan Cansum Kaya ve Sinan Kaya g\u00f6zalt\u0131na al\u0131nd\u0131.Sosyal medya platformu TikTok\u2019ta yapt\u0131klar\u0131 payla\u015f\u0131mlar nedeniyle haklar\u0131nda \u201chalk\u0131 kin ve d\u00fc\u015fmanl\u0131\u011fa tahrik veya a\u015fa\u011f\u0131lama\u201d su\u00e7undan soru\u015fturma ba\u015flat\u0131lan Cansum Kaya ve Sinan Kaya g\u00f6zalt\u0131na al\u0131nd\u0131.\u00a0Read More<\/p>\n","protected":false},"author":1,"featured_media":42282,"comment_status":"open","ping_status":"open","sticky":false,"template":"","format":"standard","meta":{"footnotes":"","_links_to":"","_links_to_target":""},"categories":[1],"tags":[],"class_list":["post-42281","post","type-post","status-publish","format-standard","has-post-thumbnail","hentry","category-haberler"],"_links":{"self":[{"href":"https:\/\/www.abchukuk.com\/index.php\/wp-json\/wp\/v2\/posts\/42281","targetHints":{"allow":["GET"]}}],"collection":[{"href":"https:\/\/www.abchukuk.com\/index.php\/wp-json\/wp\/v2\/posts"}],"about":[{"href":"https:\/\/www.abchukuk.com\/index.php\/wp-json\/wp\/v2\/types\/post"}],"author":[{"embeddable":true,"href":"https:\/\/www.abchukuk.com\/index.php\/wp-json\/wp\/v2\/users\/1"}],"replies":[{"embeddable":true,"href":"https:\/\/www.abchukuk.com\/index.php\/wp-json\/wp\/v2\/comments?post=42281"}],"version-history":[{"count":0,"href":"https:\/\/www.abchukuk.com\/index.php\/wp-json\/wp\/v2\/posts\/42281\/revisions"}],"wp:featuredmedia":[{"embeddable":true,"href":"https:\/\/www.abchukuk.com\/index.php\/wp-json\/wp\/v2\/media\/42282"}],"wp:attachment":[{"href":"https:\/\/www.abchukuk.com\/index.php\/wp-json\/wp\/v2\/media?parent=42281"}],"wp:term":[{"taxonomy":"category","embeddable":true,"href":"https:\/\/www.abchukuk.com\/index.php\/wp-json\/wp\/v2\/categories?post=42281"},{"taxonomy":"post_tag","embeddable":true,"href":"https:\/\/www.abchukuk.com\/index.php\/wp-json\/wp\/v2\/tags?post=42281"}],"curies":[{"name":"wp","href":"https:\/\/api.w.org\/{rel}","templated":true}]}}