{"id":42279,"date":"2026-09-02T20:16:06","date_gmt":"2026-09-02T20:16:06","guid":{"rendered":"https:\/\/www.abchukuk.com\/index.php\/2026\/09\/02\/hsk-uyeleri-aydemir-ve-tiryaki-ile-rektor-botanlioglundan-adli-tip-kurumu-baskani-asliyukseke-ziyaret\/"},"modified":"2026-09-02T20:16:06","modified_gmt":"2026-09-02T20:16:06","slug":"hsk-uyeleri-aydemir-ve-tiryaki-ile-rektor-botanlioglundan-adli-tip-kurumu-baskani-asliyukseke-ziyaret","status":"publish","type":"post","link":"https:\/\/www.abchukuk.com\/index.php\/2026\/09\/02\/hsk-uyeleri-aydemir-ve-tiryaki-ile-rektor-botanlioglundan-adli-tip-kurumu-baskani-asliyukseke-ziyaret\/","title":{"rendered":"HSK \u00fcyeleri Aydemir ve Tiryaki ile Rekt\u00f6r Botanl\u0131o\u011flu\u2019ndan Adli T\u0131p Kurumu Ba\u015fkan\u0131 Asl\u0131y\u00fcksek\u2019e ziyaret"},"content":{"rendered":"<p><strong>SON.TV\/\u0130STANBUL<\/strong><\/p>\n<p><strong>Adli T\u0131p Kurumu Ba\u015fkan\u0131 Dr. H\u0131z\u0131r Asl\u0131y\u00fcksek, H\u00e2kimler ve Savc\u0131lar Kurulu \u00fcyeleri Cengiz Aydemir ve Ali\u015fan Tiryaki ile \u0130stanbul \u00dcniversitesi-Cerrahpa\u015fa Rekt\u00f6r\u00fc Prof. Dr. H\u00fcseyin Botanl\u0131o\u011flu\u2019nu a\u011f\u0131rlad\u0131.<\/strong><\/p>\n<p>\u00dc\u00e7 ayr\u0131 ziyarette <strong>Adli T\u0131p Kurumu<\/strong>\u2019nun \u00e7al\u0131\u015fmalar\u0131 ile yarg\u0131 ve akademi d\u00fcnyas\u0131yla y\u00fcr\u00fct\u00fclen temaslar \u00f6ne \u00e7\u0131kt\u0131.<\/p>\n<p><strong>CENG\u0130Z AYDEM\u0130R\u2019DEN ASLIY\u00dcKSEK\u2019E HAYIRLI OLSUN Z\u0130YARET\u0130<\/strong><\/p>\n<p><strong>H\u00e2kimler ve Savc\u0131lar Kurulu \u00dcyesi Cengiz Aydemir, Adli T\u0131p Kurumu Ba\u015fkan\u0131 D<\/strong>r. H\u0131z\u0131r Asl\u0131y\u00fcksek\u2019e hay\u0131rl\u0131 olsun ziyaretinde bulundu.<\/p>\n<p><strong>Aydemir, Adli T\u0131p Kurumu<\/strong>\u2019nda ger\u00e7ekle\u015fen ziyarette <strong>Asl\u0131y\u00fcksek<\/strong> ile bir araya geldi. G\u00f6r\u00fc\u015fmede kar\u015f\u0131l\u0131kl\u0131 de\u011ferlendirmelerde bulunulurken ziyaret, iyi dileklerin iletilmesinin ard\u0131ndan sona erdi.<\/p>\n<p><img fetchpriority=\"high\" decoding=\"async\" class=\"alignnone size-medium wp-image-197481\" src=\"https:\/\/www.son.tv\/wp-content\/uploads\/2026\/09\/IMG_8411-1-300x189.jpeg\" alt=\"\" width=\"300\" height=\"189\" \/> <img decoding=\"async\" class=\"alignnone size-medium wp-image-197482\" src=\"https:\/\/www.son.tv\/wp-content\/uploads\/2026\/09\/IMG_8414-300x169.jpeg\" alt=\"\" width=\"300\" height=\"169\" \/><\/p>\n<p><strong>AL\u0130\u015eAN T\u0130RYAK\u0130\u2019DEN ASLIY\u00dcKSEK\u2019E Z\u0130YARET<\/strong><\/p>\n<p><strong>H\u00e2kimler ve Savc\u0131lar Kurulu \u00dcyesi Ali\u015fan Tiryaki de Adli T\u0131p Kurumu Ba\u015fkan\u0131 Dr. H\u0131z\u0131r Asl\u0131y\u00fcksek\u2019i ziyaret etti.<\/strong><\/p>\n<p><strong>Tiryaki<\/strong>, hay\u0131rl\u0131 olsun ziyareti kapsam\u0131nda <strong>Ba\u015fkan<\/strong> <strong>Asl\u0131y\u00fcksek<\/strong> ile makam\u0131nda bir araya geldi. G\u00f6r\u00fc\u015fmede <strong>Adli T\u0131p Kurumu<\/strong>\u2019nun \u00e7al\u0131\u015fmalar\u0131 \u00fczerine de\u011ferlendirmelerde bulunuldu.<\/p>\n<p><img decoding=\"async\" class=\"alignnone size-medium wp-image-197483\" src=\"https:\/\/www.son.tv\/wp-content\/uploads\/2026\/09\/IMG_8413-300x191.jpeg\" alt=\"\" width=\"300\" height=\"191\" \/> <img loading=\"lazy\" decoding=\"async\" loading=\"lazy\" class=\"alignnone size-medium wp-image-197484\" src=\"https:\/\/www.son.tv\/wp-content\/uploads\/2026\/09\/IMG_8414-1-300x169.jpeg\" alt=\"\" width=\"300\" height=\"169\" \/><\/p>\n<p><strong>REKT\u00d6R BOTANLIO\u011eLU \u0130LE ADL\u0130 TIP VE ADL\u0130 B\u0130L\u0130MLER G\u00d6R\u00dc\u015e\u00dcLD\u00dc<\/strong><\/p>\n<p><strong>\u0130stanbul \u00dcniversitesi-Cerrahpa\u015fa Rekt\u00f6r\u00fc Prof. Dr. H\u00fcseyin Botanl\u0131o\u011flu da Adli T\u0131p Kurumu Ba\u015fkan\u0131 Dr. H\u0131z\u0131r Asl\u0131y\u00fcksek\u2019i ziyaret etti.<\/strong><\/p>\n<p><strong>Botanl\u0131o\u011flu<\/strong> ile <strong>Asl\u0131y\u00fcksek<\/strong> aras\u0131ndaki g\u00f6r\u00fc\u015fmede <strong>Adli T\u0131p<\/strong> ve <strong>Adli Bilimler<\/strong> alanlar\u0131nda kurumlar aras\u0131 i\u015f birli\u011finin geli\u015ftirilmesine y\u00f6nelik isti\u015farelerde bulunuldu.<\/p>\n<p><img loading=\"lazy\" decoding=\"async\" loading=\"lazy\" class=\"alignnone size-medium wp-image-197485\" src=\"https:\/\/www.son.tv\/wp-content\/uploads\/2026\/09\/IMG_8415-1-300x191.jpeg\" alt=\"\" width=\"300\" height=\"191\" \/> <img loading=\"lazy\" decoding=\"async\" loading=\"lazy\" class=\"alignnone size-medium wp-image-197486\" src=\"https:\/\/www.son.tv\/wp-content\/uploads\/2026\/09\/IMG_8416-1-300x168.jpeg\" alt=\"\" width=\"300\" height=\"168\" \/><\/p>\n<p>G\u00f6r\u00fc\u015fmede, <strong>\u0130stanbul \u00dcniversitesi-Cerrahpa\u015fa<\/strong> ile <strong>Adli T\u0131p Kurumu<\/strong> aras\u0131nda ilgili bilim alanlar\u0131nda y\u00fcr\u00fct\u00fclebilecek \u00e7al\u0131\u015fmalar ve i\u015f birli\u011fi imkanlar\u0131 de\u011ferlendirildi.<\/p>\n<p><strong>Prof. Dr. H\u00fcseyin Botanl\u0131o\u011flu<\/strong>, 17 A\u011fustos 2026 tarihinde <strong>\u0130stanbul \u00dcniversitesi-Cerrahpa\u015fa Rekt\u00f6rl\u00fc\u011f\u00fc<\/strong> g\u00f6revine atanm\u0131\u015ft\u0131.<\/p>\n<p><strong>ET\u0130KETLER: #CengizAydemir #Ali\u015fanTiryaki #H\u0131z\u0131rAsl\u0131y\u00fcksek #H\u00fcseyinBotanl\u0131o\u011flu #HSK #AdliT\u0131pKurumu #\u0130stanbul\u00dcniversitesiCerrahpa\u015fa #AdliT\u0131p #AdliBilimler #SonTV<\/strong><\/p>\n<p>\u00a0<\/p>\n<p>\u00a0<\/p>\n<p>H\u00e2kimler ve Savc\u0131lar Kurulu \u00fcyeleri Cengiz Aydemir ve Ali\u015fan Tiryaki ile \u0130stanbul \u00dcniversitesi-Cerrahpa\u015fa Rekt\u00f6r\u00fc Prof. Dr. H\u00fcseyin Botanl\u0131o\u011flu, Adli T\u0131p Kurumu Ba\u015fkan\u0131 Dr. H\u0131z\u0131r Asl\u0131y\u00fcksek\u2019i ayr\u0131 ayr\u0131 ziyaret etti. HSK \u00fcyeleri Aydemir ve Tiryaki, Asl\u0131y\u00fcksek\u2019e hay\u0131rl\u0131 olsun dileklerini iletirken, Rekt\u00f6r Botanl\u0131o\u011flu\u2019nun ziyaretinde Adli T\u0131p ve Adli Bilimler alanlar\u0131nda kurumlar aras\u0131 i\u015f birli\u011finin geli\u015ftirilmesi ele al\u0131nd\u0131.\u00a0<a href=\"https:\/\/www.son.tv\/istanbul-universitesi-cerrahpasa-rektoru-botanlioglundan-adli-tip-kurumu-baskani-asliyukseke-ziyaret\/\" target=\"_blank\" class=\"feedzy-rss-link-icon\">Read More<\/a><\/p>","protected":false},"excerpt":{"rendered":"<p>SON.TV\/\u0130STANBUL Adli T\u0131p Kurumu Ba\u015fkan\u0131 Dr. H\u0131z\u0131r Asl\u0131y\u00fcksek, H\u00e2kimler ve Savc\u0131lar Kurulu \u00fcyeleri Cengiz Aydemir ve Ali\u015fan Tiryaki ile \u0130stanbul \u00dcniversitesi-Cerrahpa\u015fa Rekt\u00f6r\u00fc Prof. Dr. H\u00fcseyin Botanl\u0131o\u011flu\u2019nu a\u011f\u0131rlad\u0131. \u00dc\u00e7 ayr\u0131 ziyarette Adli T\u0131p Kurumu\u2019nun \u00e7al\u0131\u015fmalar\u0131 ile yarg\u0131 ve akademi d\u00fcnyas\u0131yla y\u00fcr\u00fct\u00fclen temaslar \u00f6ne \u00e7\u0131kt\u0131. CENG\u0130Z AYDEM\u0130R\u2019DEN ASLIY\u00dcKSEK\u2019E HAYIRLI OLSUN Z\u0130YARET\u0130 H\u00e2kimler ve Savc\u0131lar Kurulu \u00dcyesi Cengiz [&hellip;]<\/p>\n","protected":false},"author":1,"featured_media":42280,"comment_status":"open","ping_status":"open","sticky":false,"template":"","format":"standard","meta":{"footnotes":"","_links_to":"","_links_to_target":""},"categories":[1],"tags":[],"class_list":["post-42279","post","type-post","status-publish","format-standard","has-post-thumbnail","hentry","category-haberler"],"_links":{"self":[{"href":"https:\/\/www.abchukuk.com\/index.php\/wp-json\/wp\/v2\/posts\/42279","targetHints":{"allow":["GET"]}}],"collection":[{"href":"https:\/\/www.abchukuk.com\/index.php\/wp-json\/wp\/v2\/posts"}],"about":[{"href":"https:\/\/www.abchukuk.com\/index.php\/wp-json\/wp\/v2\/types\/post"}],"author":[{"embeddable":true,"href":"https:\/\/www.abchukuk.com\/index.php\/wp-json\/wp\/v2\/users\/1"}],"replies":[{"embeddable":true,"href":"https:\/\/www.abchukuk.com\/index.php\/wp-json\/wp\/v2\/comments?post=42279"}],"version-history":[{"count":0,"href":"https:\/\/www.abchukuk.com\/index.php\/wp-json\/wp\/v2\/posts\/42279\/revisions"}],"wp:featuredmedia":[{"embeddable":true,"href":"https:\/\/www.abchukuk.com\/index.php\/wp-json\/wp\/v2\/media\/42280"}],"wp:attachment":[{"href":"https:\/\/www.abchukuk.com\/index.php\/wp-json\/wp\/v2\/media?parent=42279"}],"wp:term":[{"taxonomy":"category","embeddable":true,"href":"https:\/\/www.abchukuk.com\/index.php\/wp-json\/wp\/v2\/categories?post=42279"},{"taxonomy":"post_tag","embeddable":true,"href":"https:\/\/www.abchukuk.com\/index.php\/wp-json\/wp\/v2\/tags?post=42279"}],"curies":[{"name":"wp","href":"https:\/\/api.w.org\/{rel}","templated":true}]}}