{"id":42278,"date":"2026-09-02T20:28:30","date_gmt":"2026-09-02T20:28:30","guid":{"rendered":"https:\/\/www.abchukuk.com\/index.php\/2026\/09\/02\/sosyal-medya-paylasimlari-tepki-cekmisti-fenomen-cansum-ve-sinan-kaya-cifti-gozaltina-alindi\/"},"modified":"2026-09-02T20:28:30","modified_gmt":"2026-09-02T20:28:30","slug":"sosyal-medya-paylasimlari-tepki-cekmisti-fenomen-cansum-ve-sinan-kaya-cifti-gozaltina-alindi","status":"publish","type":"post","link":"https:\/\/www.abchukuk.com\/index.php\/2026\/09\/02\/sosyal-medya-paylasimlari-tepki-cekmisti-fenomen-cansum-ve-sinan-kaya-cifti-gozaltina-alindi\/","title":{"rendered":"Sosyal medya payla\u015f\u0131mlar\u0131 tepki \u00e7ekmi\u015fti: Fenomen Cansum ve Sinan Kaya \u00e7ifti g\u00f6zalt\u0131na al\u0131nd\u0131"},"content":{"rendered":"<p>Sosyal medya fenomenleri Cansum Kaya ve Sinan Kaya, TikTok&#8217;ta yapt\u0131klar\u0131 payla\u015f\u0131mlar nedeniyle &#8216;halk\u0131 kin ve d\u00fc\u015fmanl\u0131\u011fa tahrik veya a\u015fa\u011f\u0131lama&#8217; su\u00e7lamas\u0131yla g\u00f6zalt\u0131na al\u0131nd\u0131.Sosyal medya fenomenleri Cansum Kaya ve Sinan Kaya, TikTok&#8217;ta yapt\u0131klar\u0131 payla\u015f\u0131mlar nedeniyle &#8216;halk\u0131 kin ve d\u00fc\u015fmanl\u0131\u011fa tahrik veya a\u015fa\u011f\u0131lama&#8217; su\u00e7lamas\u0131yla g\u00f6zalt\u0131na al\u0131nd\u0131.\u00a0<a href=\"https:\/\/anlatilaninotesi.com.tr\/20260902\/sosyal-medya-paylasimlari-tepki-cekmisti-fenomen-cansum-ve-sinan-kaya-cifti-gozaltina-alindi-1108447244.html\" target=\"_blank\" class=\"feedzy-rss-link-icon\">Read More<\/a><\/p>","protected":false},"excerpt":{"rendered":"<p>Sosyal medya fenomenleri Cansum Kaya ve Sinan Kaya, TikTok&#8217;ta yapt\u0131klar\u0131 payla\u015f\u0131mlar nedeniyle &#8216;halk\u0131 kin ve d\u00fc\u015fmanl\u0131\u011fa tahrik veya a\u015fa\u011f\u0131lama&#8217; su\u00e7lamas\u0131yla g\u00f6zalt\u0131na al\u0131nd\u0131.Sosyal medya fenomenleri Cansum Kaya ve Sinan Kaya, TikTok&#8217;ta yapt\u0131klar\u0131 payla\u015f\u0131mlar nedeniyle &#8216;halk\u0131 kin ve d\u00fc\u015fmanl\u0131\u011fa tahrik veya a\u015fa\u011f\u0131lama&#8217; su\u00e7lamas\u0131yla g\u00f6zalt\u0131na al\u0131nd\u0131.\u00a0Read More<\/p>\n","protected":false},"author":1,"featured_media":0,"comment_status":"open","ping_status":"open","sticky":false,"template":"","format":"standard","meta":{"footnotes":"","_links_to":"","_links_to_target":""},"categories":[1],"tags":[],"class_list":["post-42278","post","type-post","status-publish","format-standard","hentry","category-haberler"],"_links":{"self":[{"href":"https:\/\/www.abchukuk.com\/index.php\/wp-json\/wp\/v2\/posts\/42278","targetHints":{"allow":["GET"]}}],"collection":[{"href":"https:\/\/www.abchukuk.com\/index.php\/wp-json\/wp\/v2\/posts"}],"about":[{"href":"https:\/\/www.abchukuk.com\/index.php\/wp-json\/wp\/v2\/types\/post"}],"author":[{"embeddable":true,"href":"https:\/\/www.abchukuk.com\/index.php\/wp-json\/wp\/v2\/users\/1"}],"replies":[{"embeddable":true,"href":"https:\/\/www.abchukuk.com\/index.php\/wp-json\/wp\/v2\/comments?post=42278"}],"version-history":[{"count":0,"href":"https:\/\/www.abchukuk.com\/index.php\/wp-json\/wp\/v2\/posts\/42278\/revisions"}],"wp:attachment":[{"href":"https:\/\/www.abchukuk.com\/index.php\/wp-json\/wp\/v2\/media?parent=42278"}],"wp:term":[{"taxonomy":"category","embeddable":true,"href":"https:\/\/www.abchukuk.com\/index.php\/wp-json\/wp\/v2\/categories?post=42278"},{"taxonomy":"post_tag","embeddable":true,"href":"https:\/\/www.abchukuk.com\/index.php\/wp-json\/wp\/v2\/tags?post=42278"}],"curies":[{"name":"wp","href":"https:\/\/api.w.org\/{rel}","templated":true}]}}