{"id":42269,"date":"2026-09-02T21:24:00","date_gmt":"2026-09-02T21:24:00","guid":{"rendered":"https:\/\/www.abchukuk.com\/index.php\/2026\/09\/02\/dere-kenarinda-erkek-cesedi-bulundu-kimligi-belirlendi-1-kisi-gozaltinda\/"},"modified":"2026-09-02T21:24:00","modified_gmt":"2026-09-02T21:24:00","slug":"dere-kenarinda-erkek-cesedi-bulundu-kimligi-belirlendi-1-kisi-gozaltinda","status":"publish","type":"post","link":"https:\/\/www.abchukuk.com\/index.php\/2026\/09\/02\/dere-kenarinda-erkek-cesedi-bulundu-kimligi-belirlendi-1-kisi-gozaltinda\/","title":{"rendered":"Dere kenar\u0131nda erkek cesedi bulundu: Kimli\u011fi belirlendi, 1 ki\u015fi g\u00f6zalt\u0131nda"},"content":{"rendered":"<p>Kastamonu&#8217;nun Cide il\u00e7esinde dere kenar\u0131nda av t\u00fcfe\u011fi ile vurulmu\u015f halde bir erkek cesedi bulundu. Cesedin Fethi Y\u0131lmaz\u2019a (28) ait oldu\u011fu belirlenirken olayla ilgili 1 ki\u015fi g\u00f6zalt\u0131na al\u0131nd\u0131. Olayla ilgili soru\u015fturma s\u00fcr\u00fcyor.Kastamonu&#8217;nun Cide il\u00e7esinde dere kenar\u0131nda av t\u00fcfe\u011fi ile vurulmu\u015f halde bir erkek cesedi bulundu. Cesedin Fethi Y\u0131lmaz\u2019a (28) ait oldu\u011fu belirlenirken olayla ilgili 1 ki\u015fi g\u00f6zalt\u0131na al\u0131nd\u0131. Olayla ilgili soru\u015fturma s\u00fcr\u00fcyor.\u00a0<a href=\"https:\/\/www.cumhuriyet.com.tr\/turkiye\/dere-kenarinda-erkek-cesedi-bulundu-kimligi-belirlendi-1-kisi-gozaltinda-2534469\" target=\"_blank\" class=\"feedzy-rss-link-icon\">Read More<\/a><\/p>","protected":false},"excerpt":{"rendered":"<p>Kastamonu&#8217;nun Cide il\u00e7esinde dere kenar\u0131nda av t\u00fcfe\u011fi ile vurulmu\u015f halde bir erkek cesedi bulundu. Cesedin Fethi Y\u0131lmaz\u2019a (28) ait oldu\u011fu belirlenirken olayla ilgili 1 ki\u015fi g\u00f6zalt\u0131na al\u0131nd\u0131. Olayla ilgili soru\u015fturma s\u00fcr\u00fcyor.Kastamonu&#8217;nun Cide il\u00e7esinde dere kenar\u0131nda av t\u00fcfe\u011fi ile vurulmu\u015f halde bir erkek cesedi bulundu. Cesedin Fethi Y\u0131lmaz\u2019a (28) ait oldu\u011fu belirlenirken olayla ilgili 1 ki\u015fi [&hellip;]<\/p>\n","protected":false},"author":1,"featured_media":42270,"comment_status":"open","ping_status":"open","sticky":false,"template":"","format":"standard","meta":{"footnotes":"","_links_to":"","_links_to_target":""},"categories":[1],"tags":[],"class_list":["post-42269","post","type-post","status-publish","format-standard","has-post-thumbnail","hentry","category-haberler"],"_links":{"self":[{"href":"https:\/\/www.abchukuk.com\/index.php\/wp-json\/wp\/v2\/posts\/42269","targetHints":{"allow":["GET"]}}],"collection":[{"href":"https:\/\/www.abchukuk.com\/index.php\/wp-json\/wp\/v2\/posts"}],"about":[{"href":"https:\/\/www.abchukuk.com\/index.php\/wp-json\/wp\/v2\/types\/post"}],"author":[{"embeddable":true,"href":"https:\/\/www.abchukuk.com\/index.php\/wp-json\/wp\/v2\/users\/1"}],"replies":[{"embeddable":true,"href":"https:\/\/www.abchukuk.com\/index.php\/wp-json\/wp\/v2\/comments?post=42269"}],"version-history":[{"count":0,"href":"https:\/\/www.abchukuk.com\/index.php\/wp-json\/wp\/v2\/posts\/42269\/revisions"}],"wp:featuredmedia":[{"embeddable":true,"href":"https:\/\/www.abchukuk.com\/index.php\/wp-json\/wp\/v2\/media\/42270"}],"wp:attachment":[{"href":"https:\/\/www.abchukuk.com\/index.php\/wp-json\/wp\/v2\/media?parent=42269"}],"wp:term":[{"taxonomy":"category","embeddable":true,"href":"https:\/\/www.abchukuk.com\/index.php\/wp-json\/wp\/v2\/categories?post=42269"},{"taxonomy":"post_tag","embeddable":true,"href":"https:\/\/www.abchukuk.com\/index.php\/wp-json\/wp\/v2\/tags?post=42269"}],"curies":[{"name":"wp","href":"https:\/\/api.w.org\/{rel}","templated":true}]}}