{"id":42263,"date":"2026-09-02T18:36:55","date_gmt":"2026-09-02T18:36:55","guid":{"rendered":"https:\/\/www.abchukuk.com\/index.php\/2026\/09\/02\/hsk-uyesi-serdar-atesten-dikkat-ceken-adliye-trafigi-iki-gunde-5-adliyeyi-ziyaret-etti\/"},"modified":"2026-09-02T18:36:55","modified_gmt":"2026-09-02T18:36:55","slug":"hsk-uyesi-serdar-atesten-dikkat-ceken-adliye-trafigi-iki-gunde-5-adliyeyi-ziyaret-etti","status":"publish","type":"post","link":"https:\/\/www.abchukuk.com\/index.php\/2026\/09\/02\/hsk-uyesi-serdar-atesten-dikkat-ceken-adliye-trafigi-iki-gunde-5-adliyeyi-ziyaret-etti\/","title":{"rendered":"HSK \u00dcyesi Serdar Ate\u015f\u2019ten dikkat \u00e7eken adliye trafi\u011fi: \u0130ki g\u00fcnde 5 adliyeyi ziyaret etti"},"content":{"rendered":"<p><strong>SON.TV\/ANKARA<\/strong><\/p>\n<p><strong>2026-2027 Adli Y\u0131l\u0131\u2019n\u0131n ba\u015flamas\u0131yla birlikte H\u00e2kimler ve Savc\u0131lar Kurulu \u00fcyelerinin adliyelere y\u00f6nelik saha ziyaretleri s\u00fcr\u00fcyor.<\/strong><\/p>\n<p><img loading=\"lazy\" decoding=\"async\" loading=\"lazy\" class=\"alignnone size-medium wp-image-197349\" src=\"https:\/\/www.son.tv\/wp-content\/uploads\/2026\/09\/f99958e2-92aa-4ad6-bb9c-b306869897b3-300x213.jpeg\" alt=\"\" width=\"300\" height=\"213\" \/> <img loading=\"lazy\" decoding=\"async\" loading=\"lazy\" class=\"alignnone size-medium wp-image-197350\" src=\"https:\/\/www.son.tv\/wp-content\/uploads\/2026\/09\/bf2a2a8a-bca6-49e2-9301-8a0b7672c084-300x215.jpeg\" alt=\"\" width=\"300\" height=\"215\" \/> <img loading=\"lazy\" decoding=\"async\" loading=\"lazy\" class=\"alignnone size-medium wp-image-197351\" src=\"https:\/\/www.son.tv\/wp-content\/uploads\/2026\/09\/82671c89-084f-4580-bc28-71eb98d65084-300x217.jpeg\" alt=\"\" width=\"300\" height=\"217\" \/> <img loading=\"lazy\" decoding=\"async\" loading=\"lazy\" class=\"alignnone size-medium wp-image-197352\" src=\"https:\/\/www.son.tv\/wp-content\/uploads\/2026\/09\/715b5240-dbaa-4183-9957-e31a31e0c157-300x173.jpeg\" alt=\"\" width=\"300\" height=\"173\" \/> <img loading=\"lazy\" decoding=\"async\" loading=\"lazy\" class=\"alignnone size-medium wp-image-197353\" src=\"https:\/\/www.son.tv\/wp-content\/uploads\/2026\/09\/0eaf5561-403b-49d6-9442-672898eaa57f-300x180.jpeg\" alt=\"\" width=\"300\" height=\"180\" \/> <img loading=\"lazy\" decoding=\"async\" loading=\"lazy\" class=\"alignnone size-medium wp-image-197354\" src=\"https:\/\/www.son.tv\/wp-content\/uploads\/2026\/09\/f447a6ab-51ac-4d96-afaa-66b647ffcde9-300x177.jpeg\" alt=\"\" width=\"300\" height=\"177\" \/> <img loading=\"lazy\" decoding=\"async\" loading=\"lazy\" class=\"alignnone size-medium wp-image-197355\" src=\"https:\/\/www.son.tv\/wp-content\/uploads\/2026\/09\/0b4c3d3b-d34e-4362-bcab-1567213fb91a-300x197.jpeg\" alt=\"\" width=\"300\" height=\"197\" \/> <img loading=\"lazy\" decoding=\"async\" loading=\"lazy\" class=\"alignnone size-medium wp-image-197356\" src=\"https:\/\/www.son.tv\/wp-content\/uploads\/2026\/09\/b02c819e-b88b-401e-b0ed-b22db06c3080-300x200.jpeg\" alt=\"\" width=\"300\" height=\"200\" \/> <img loading=\"lazy\" decoding=\"async\" loading=\"lazy\" class=\"alignnone size-medium wp-image-197357\" src=\"https:\/\/www.son.tv\/wp-content\/uploads\/2026\/09\/007ba1e2-ce4d-48f2-9eb8-60ab1d1a4b4a-300x200.jpeg\" alt=\"\" width=\"300\" height=\"200\" \/> <img loading=\"lazy\" decoding=\"async\" loading=\"lazy\" class=\"alignnone size-medium wp-image-197358\" src=\"https:\/\/www.son.tv\/wp-content\/uploads\/2026\/09\/1245608d-c1b4-4fbd-b5de-8c2d844d8d4a-300x172.jpeg\" alt=\"\" width=\"300\" height=\"172\" \/> <img loading=\"lazy\" decoding=\"async\" loading=\"lazy\" class=\"alignnone size-medium wp-image-197359\" src=\"https:\/\/www.son.tv\/wp-content\/uploads\/2026\/09\/ad1224dc-54d8-4462-9ff4-d87fdf71cc66-300x200.jpeg\" alt=\"\" width=\"300\" height=\"200\" \/><\/p>\n<p><strong>HSK \u0130kinci Daire \u00dcyesi Serdar Ate\u015f de yeni adli y\u0131l vesilesiyle Anadolu\u2019da dikkat \u00e7eken bir ziyaret program\u0131na imza att\u0131. Ate\u015f, 1 ve 2 Eyl\u00fcl tarihlerinde be\u015f farkl\u0131 ilde adliye te\u015fkilat\u0131n\u0131 ziyaret ederek yarg\u0131 mensuplar\u0131yla g\u00f6r\u00fc\u015fmeler ger\u00e7ekle\u015ftirdi.<\/strong><\/p>\n<p><strong>\u0130K\u0130 G\u00dcNDE 5 ADL\u0130YE<\/strong><\/p>\n<p><strong>Serdar Ate\u015f\u2019in yeni adli y\u0131l program\u0131ndaki ilk dura\u011f\u0131 1 Eyl\u00fcl\u2019de K\u0131r\u0131kkale ve K\u0131r\u015fehir oldu.<\/strong><\/p>\n<p><strong>Ate\u015f, K\u0131r\u0131kkale Adliyesi<\/strong>ndeki temaslar\u0131nda <strong>K\u0131r\u0131kkale Cumhuriyet Ba\u015fsavc\u0131s\u0131 Ahmet R\u00fcfai \u015eahin<\/strong> ve yarg\u0131 mensuplar\u0131yla bir araya geldi.<\/p>\n<p>Ziyarette adli hizmetlerin y\u00fcr\u00fct\u00fclmesi, adliyedeki \u00e7al\u0131\u015fmalar ve yeni adli y\u0131la ili\u015fkin de\u011ferlendirmeler ele al\u0131nd\u0131.<\/p>\n<p><strong>Ate\u015f daha sonra K\u0131r\u015fehir Adliyesine ge\u00e7ti.<\/strong><\/p>\n<p><img loading=\"lazy\" decoding=\"async\" loading=\"lazy\" class=\"alignnone size-medium wp-image-197360\" src=\"https:\/\/www.son.tv\/wp-content\/uploads\/2026\/09\/09f37f32-b050-4393-91df-285280293c85-300x225.jpeg\" alt=\"\" width=\"300\" height=\"225\" \/> <img loading=\"lazy\" decoding=\"async\" loading=\"lazy\" class=\"alignnone size-medium wp-image-197361\" src=\"https:\/\/www.son.tv\/wp-content\/uploads\/2026\/09\/619a2f10-a7f5-4566-8cc6-da30b6a3a078-300x225.jpeg\" alt=\"\" width=\"300\" height=\"225\" \/><\/p>\n<p><strong>KIR\u015eEH\u0130R\u2019DE BA\u015eSAVCI ENER\u2019LE G\u00d6R\u00dc\u015eT\u00dc<\/strong><\/p>\n<p><strong>K\u0131r\u015fehir Adliyesindeki programda HSK \u00dcyesi Serdar Ate\u015f\u2019i Cumhuriyet Ba\u015fsavc\u0131s\u0131 O\u011fuz \u015e\u00fckr\u00fc Ener ve adliye te\u015fkilat\u0131 kar\u015f\u0131lad\u0131.<\/strong><\/p>\n<p><strong>Ate\u015f, Ba\u015fsavc\u0131 Ener<\/strong>\u2019den <strong>K\u0131r\u015fehir Adliyesi<\/strong>ndeki \u00e7al\u0131\u015fmalar ve yarg\u0131 hizmetlerinin i\u015fleyi\u015fi hakk\u0131nda bilgi ald\u0131.<\/p>\n<p>Yeni adli y\u0131l\u0131n hay\u0131rl\u0131 olmas\u0131 temennisinde bulunan <strong>Ate\u015f<\/strong>, h\u00e2kim ve Cumhuriyet savc\u0131lar\u0131yla da bir araya gelerek g\u00f6r\u00fc\u015f al\u0131\u015fveri\u015finde bulundu.<\/p>\n<p><img loading=\"lazy\" decoding=\"async\" loading=\"lazy\" class=\"alignnone size-medium wp-image-197362\" src=\"https:\/\/www.son.tv\/wp-content\/uploads\/2026\/09\/221c71cb-2678-489e-991c-dd8d20e870cd-300x225.jpeg\" alt=\"\" width=\"300\" height=\"225\" \/><\/p>\n<p><strong>KAYSER\u0130\u2019DE H\u00c2K\u0130M VE SAVCILARLA TOPLANTI<\/strong><\/p>\n<p><strong>Ate\u015f\u2019in ziyaret program\u0131ndaki bir di\u011fer durak Kayseri Adliyesi oldu.<\/strong><\/p>\n<p><strong>HSK \u0130kinci Daire \u00dcyesi Ate\u015f, Kayseri Cumhuriyet Ba\u015fsavc\u0131s\u0131 Habib Korkmaz\u2019\u0131 makam\u0131nda ziyaret etti<\/strong>.<\/p>\n<p><strong>Ate\u015f daha sonra Kayseri Adliyesinde g\u00f6rev yapan h\u00e2kim ve Cumhuriyet savc\u0131lar\u0131yla konferans salonunda bir araya geldi.<\/strong><\/p>\n<p>Toplant\u0131da yarg\u0131 hizmetlerinin y\u00fcr\u00fct\u00fclmesine ili\u015fkin de\u011ferlendirmelerde bulunuldu, h\u00e2kim ve savc\u0131lar\u0131n g\u00f6r\u00fc\u015fleri dinlendi ve kar\u015f\u0131l\u0131kl\u0131 g\u00f6r\u00fc\u015f al\u0131\u015fveri\u015fi ger\u00e7ekle\u015ftirildi.<\/p>\n<p>\u00a0<\/p>\n<p><img loading=\"lazy\" decoding=\"async\" loading=\"lazy\" class=\"alignnone size-medium wp-image-197363\" src=\"https:\/\/www.son.tv\/wp-content\/uploads\/2026\/09\/f5fb5c61-e21c-4337-b024-c516de6d8a7f-300x200.jpeg\" alt=\"\" width=\"300\" height=\"200\" \/> <img loading=\"lazy\" decoding=\"async\" loading=\"lazy\" class=\"alignnone size-medium wp-image-197364\" src=\"https:\/\/www.son.tv\/wp-content\/uploads\/2026\/09\/811efb8f-5740-4d16-b617-edd144327a9e-300x200.jpeg\" alt=\"\" width=\"300\" height=\"200\" \/> <img loading=\"lazy\" decoding=\"async\" loading=\"lazy\" class=\"alignnone size-medium wp-image-197365\" src=\"https:\/\/www.son.tv\/wp-content\/uploads\/2026\/09\/a35ebd8e-07c7-4f0b-b6f0-d822657e265b-300x164.jpeg\" alt=\"\" width=\"300\" height=\"164\" \/> <img loading=\"lazy\" decoding=\"async\" loading=\"lazy\" class=\"alignnone size-medium wp-image-197366\" src=\"https:\/\/www.son.tv\/wp-content\/uploads\/2026\/09\/c09bd7e3-e901-4661-8657-23ce4d00d955-300x200.jpeg\" alt=\"\" width=\"300\" height=\"200\" \/> <img loading=\"lazy\" decoding=\"async\" loading=\"lazy\" class=\"alignnone size-medium wp-image-197367\" src=\"https:\/\/www.son.tv\/wp-content\/uploads\/2026\/09\/2af2e290-67c4-4646-b2f7-50ac5ab6a5e1-300x200.jpeg\" alt=\"\" width=\"300\" height=\"200\" \/> <img loading=\"lazy\" decoding=\"async\" loading=\"lazy\" class=\"alignnone size-medium wp-image-197368\" src=\"https:\/\/www.son.tv\/wp-content\/uploads\/2026\/09\/0db39079-7d09-41a7-8115-aae25bb94975-300x200.jpeg\" alt=\"\" width=\"300\" height=\"200\" \/> <img loading=\"lazy\" decoding=\"async\" loading=\"lazy\" class=\"alignnone size-medium wp-image-197369\" src=\"https:\/\/www.son.tv\/wp-content\/uploads\/2026\/09\/9bc7f47e-a101-49c2-b2ef-7bb47f03fdb3-300x200.jpeg\" alt=\"\" width=\"300\" height=\"200\" \/><\/p>\n<p><strong>YARGI MENSUPLARININ TALEP VE \u00d6NER\u0130LER\u0130N\u0130 D\u0130NLED\u0130<\/strong><\/p>\n<p><strong>Serdar Ate\u015f<\/strong>\u2019in adliye ziyaretlerinin \u00f6nemli b\u00f6l\u00fcm\u00fcn\u00fc, g\u00f6rev yapan h\u00e2kim ve Cumhuriyet savc\u0131lar\u0131yla ger\u00e7ekle\u015ftirilen temaslar olu\u015fturdu.<\/p>\n<p>Yeni adli y\u0131l vesilesiyle yap\u0131lan g\u00f6r\u00fc\u015fmelerde yarg\u0131 mensuplar\u0131n\u0131n g\u00f6rev yerlerindeki \u00e7al\u0131\u015fma ko\u015fullar\u0131, yarg\u0131 hizmetlerinin i\u015fleyi\u015fi ve uygulamada kar\u015f\u0131la\u015f\u0131lan hususlar ele al\u0131nd\u0131.<\/p>\n<p>H\u00e2kim ve savc\u0131lar\u0131n talep, g\u00f6r\u00fc\u015f ve \u00f6nerileri dinlenirken adalet hizmetlerinin daha etkin y\u00fcr\u00fct\u00fclmesine y\u00f6nelik de\u011ferlendirmelerde bulunuldu.<\/p>\n<p><strong>KAHRAMANMARA\u015e\u2019TA BA\u015eSAVCI T\u0130RYAK\u0130 KAR\u015eILADI<\/strong><\/p>\n<p><strong>Serdar Ate\u015f, 2 Eyl\u00fcl\u2019de ziyaret program\u0131na Kahramanmara\u015f\u2019ta devam etti.<\/strong><\/p>\n<p><strong>Kahramanmara\u015f Adliyesine gelen Ate\u015f\u2019i Cumhuriyet Ba\u015fsavc\u0131s\u0131 Ramazan Murat Tiryaki, Adli Yarg\u0131 Adalet Komisyonu Ba\u015fkan\u0131 Fatih Serdar K\u00f6ken ve 1. \u0130dare Mahkemesi Ba\u015fkan\u0131 Ufuk Bayrak kar\u015f\u0131lad\u0131.<\/strong><\/p>\n<p><strong>Ate\u015f<\/strong>, adliyedeki birimleri gezerek y\u00fcr\u00fct\u00fclen \u00e7al\u0131\u015fmalar hakk\u0131nda bilgi ald\u0131.<\/p>\n<p><strong>Ba\u015fsavc\u0131 Ramazan Murat Tiryaki<\/strong> ve beraberindeki yarg\u0131 mensuplar\u0131yla ger\u00e7ekle\u015ftirilen g\u00f6r\u00fc\u015fmede kentteki yarg\u0131 hizmetlerinin genel durumu, adli s\u00fcre\u00e7lerin i\u015fleyi\u015fi ve adalet hizmetlerinin etkinli\u011fini art\u0131rmaya y\u00f6nelik \u00e7al\u0131\u015fmalar de\u011ferlendirildi.<\/p>\n<p>\u00a0<\/p>\n<p><img loading=\"lazy\" decoding=\"async\" loading=\"lazy\" class=\"alignnone size-medium wp-image-197370\" src=\"https:\/\/www.son.tv\/wp-content\/uploads\/2026\/09\/4268f30b-81f9-4b13-a124-34145f4ae155-300x200.jpeg\" alt=\"\" width=\"300\" height=\"200\" \/> <img loading=\"lazy\" decoding=\"async\" loading=\"lazy\" class=\"alignnone size-medium wp-image-197371\" src=\"https:\/\/www.son.tv\/wp-content\/uploads\/2026\/09\/f7685a72-d2d9-4b31-8d27-e6a9c2b6a3f7-300x200.jpeg\" alt=\"\" width=\"300\" height=\"200\" \/> <img loading=\"lazy\" decoding=\"async\" loading=\"lazy\" class=\"alignnone size-medium wp-image-197372\" src=\"https:\/\/www.son.tv\/wp-content\/uploads\/2026\/09\/5e4c6d60-bd8f-464e-baec-a04e994e5438-300x200.jpeg\" alt=\"\" width=\"300\" height=\"200\" \/> <img loading=\"lazy\" decoding=\"async\" loading=\"lazy\" class=\"alignnone size-medium wp-image-197373\" src=\"https:\/\/www.son.tv\/wp-content\/uploads\/2026\/09\/d3af4802-49f0-45e1-b748-393778e468e9-300x200.jpeg\" alt=\"\" width=\"300\" height=\"200\" \/> <img loading=\"lazy\" decoding=\"async\" loading=\"lazy\" class=\"alignnone size-medium wp-image-197374\" src=\"https:\/\/www.son.tv\/wp-content\/uploads\/2026\/09\/da8a7b3c-002a-4cc3-ac43-0e485c16e41e-300x200.jpeg\" alt=\"\" width=\"300\" height=\"200\" \/> <img loading=\"lazy\" decoding=\"async\" loading=\"lazy\" class=\"alignnone size-medium wp-image-197375\" src=\"https:\/\/www.son.tv\/wp-content\/uploads\/2026\/09\/8294de4c-7db0-45f5-8ca0-a4375941677f-300x225.jpeg\" alt=\"\" width=\"300\" height=\"225\" \/> <img loading=\"lazy\" decoding=\"async\" loading=\"lazy\" class=\"alignnone size-medium wp-image-197376\" src=\"https:\/\/www.son.tv\/wp-content\/uploads\/2026\/09\/8ca706dc-2fec-4a87-99e1-f1398f0191e3-225x300.jpeg\" alt=\"\" width=\"225\" height=\"300\" \/> <img loading=\"lazy\" decoding=\"async\" loading=\"lazy\" class=\"alignnone size-medium wp-image-197377\" src=\"https:\/\/www.son.tv\/wp-content\/uploads\/2026\/09\/26ba513e-0cf7-4da2-91a0-509cbbe649e8-225x300.jpeg\" alt=\"\" width=\"225\" height=\"300\" \/><\/p>\n<p><strong>VAL\u0130L\u0130\u011eE DE Z\u0130YARET<\/strong><\/p>\n<p><strong>Kahramanmara\u015f program\u0131 kapsam\u0131nda HSK \u00dcyesi Serdar Ate\u015f ve beraberindeki yarg\u0131 heyeti, Kahramanmara\u015f Valisi M\u00fckerrem \u00dcnl\u00fcer\u2019i de ziyaret etti.<\/strong><\/p>\n<p><strong>Valilikte ger\u00e7ekle\u015ftirilen kabulde Cumhuriyet Ba\u015fsavc\u0131s\u0131 Ramazan Murat Tiryaki, Adli Yarg\u0131 Adalet Komisyonu Ba\u015fkan\u0131 Fatih Serdar K\u00f6ken ve 1. \u0130dare Mahkemesi Ba\u015fkan\u0131 Ufuk Bayrak da yer ald\u0131.<\/strong><\/p>\n<p>\u00a0<\/p>\n<p><img loading=\"lazy\" decoding=\"async\" loading=\"lazy\" class=\"alignnone size-medium wp-image-197378\" src=\"https:\/\/www.son.tv\/wp-content\/uploads\/2026\/09\/03a3b9a4-ecce-47a4-a670-39c969eedba8-300x169.jpeg\" alt=\"\" width=\"300\" height=\"169\" \/> <img loading=\"lazy\" decoding=\"async\" loading=\"lazy\" class=\"alignnone size-medium wp-image-197379\" src=\"https:\/\/www.son.tv\/wp-content\/uploads\/2026\/09\/fcf67818-fde0-4875-8522-a5c28eb52e2d-300x169.jpeg\" alt=\"\" width=\"300\" height=\"169\" \/> <img loading=\"lazy\" decoding=\"async\" loading=\"lazy\" class=\"alignnone size-medium wp-image-197380\" src=\"https:\/\/www.son.tv\/wp-content\/uploads\/2026\/09\/dcf6f481-36d8-4488-b5cb-73609b8d7775-300x169.jpeg\" alt=\"\" width=\"300\" height=\"169\" \/> <img loading=\"lazy\" decoding=\"async\" loading=\"lazy\" class=\"alignnone size-medium wp-image-197381\" src=\"https:\/\/www.son.tv\/wp-content\/uploads\/2026\/09\/53346aa0-59df-42c5-b26d-aeaaac02fb4a-300x169.jpeg\" alt=\"\" width=\"300\" height=\"169\" \/> <img loading=\"lazy\" decoding=\"async\" loading=\"lazy\" class=\"alignnone size-medium wp-image-197382\" src=\"https:\/\/www.son.tv\/wp-content\/uploads\/2026\/09\/17bb4720-48d1-421b-8286-5356d20d2c8e-300x169.jpeg\" alt=\"\" width=\"300\" height=\"169\" \/> <img loading=\"lazy\" decoding=\"async\" loading=\"lazy\" class=\"alignnone size-medium wp-image-197383\" src=\"https:\/\/www.son.tv\/wp-content\/uploads\/2026\/09\/d5fe4449-05fd-4f43-a6d9-2d0df3b1bfce-300x168.jpeg\" alt=\"\" width=\"300\" height=\"168\" \/> <img loading=\"lazy\" decoding=\"async\" loading=\"lazy\" class=\"alignnone size-medium wp-image-197384\" src=\"https:\/\/www.son.tv\/wp-content\/uploads\/2026\/09\/88d5c26e-6373-49e4-a38a-18ba8b9b7fc0-168x300.jpeg\" alt=\"\" width=\"168\" height=\"300\" \/> <img loading=\"lazy\" decoding=\"async\" loading=\"lazy\" class=\"alignnone size-medium wp-image-197385\" src=\"https:\/\/www.son.tv\/wp-content\/uploads\/2026\/09\/36c85975-6016-4a52-b25b-6cb682f0848f-300x169.jpeg\" alt=\"\" width=\"300\" height=\"169\" \/> <img loading=\"lazy\" decoding=\"async\" loading=\"lazy\" class=\"alignnone size-medium wp-image-197386\" src=\"https:\/\/www.son.tv\/wp-content\/uploads\/2026\/09\/acc4b170-b989-424f-842b-ca16dd073115-300x169.jpeg\" alt=\"\" width=\"300\" height=\"169\" \/> <img loading=\"lazy\" decoding=\"async\" loading=\"lazy\" class=\"alignnone size-medium wp-image-197387\" src=\"https:\/\/www.son.tv\/wp-content\/uploads\/2026\/09\/2dacd928-7f3a-425d-abf3-9b1f46203098-300x168.jpeg\" alt=\"\" width=\"300\" height=\"168\" \/> <img loading=\"lazy\" decoding=\"async\" loading=\"lazy\" class=\"alignnone size-medium wp-image-197388\" src=\"https:\/\/www.son.tv\/wp-content\/uploads\/2026\/09\/aeb90453-71cf-49db-b1c7-95fec9fbe915-300x169.jpeg\" alt=\"\" width=\"300\" height=\"169\" \/> <img loading=\"lazy\" decoding=\"async\" loading=\"lazy\" class=\"alignnone size-medium wp-image-197389\" src=\"https:\/\/www.son.tv\/wp-content\/uploads\/2026\/09\/0daf3737-0632-49fc-8e98-78910887ead7-300x168.jpeg\" alt=\"\" width=\"300\" height=\"168\" \/> <img loading=\"lazy\" decoding=\"async\" loading=\"lazy\" class=\"alignnone size-medium wp-image-197390\" src=\"https:\/\/www.son.tv\/wp-content\/uploads\/2026\/09\/226022cd-0562-4e10-979a-2e22e52a7440-169x300.jpeg\" alt=\"\" width=\"169\" height=\"300\" \/> <img loading=\"lazy\" decoding=\"async\" loading=\"lazy\" class=\"alignnone size-medium wp-image-197392\" src=\"https:\/\/www.son.tv\/wp-content\/uploads\/2026\/09\/f2b8a672-1d04-44c6-939b-9e14be830548-300x169.jpeg\" alt=\"\" width=\"300\" height=\"169\" \/> <img loading=\"lazy\" decoding=\"async\" loading=\"lazy\" class=\"alignnone size-medium wp-image-197393\" src=\"https:\/\/www.son.tv\/wp-content\/uploads\/2026\/09\/402364a2-7022-46fa-b7ec-47af54500b84-300x169.jpeg\" alt=\"\" width=\"300\" height=\"169\" \/> <img loading=\"lazy\" decoding=\"async\" loading=\"lazy\" class=\"alignnone size-medium wp-image-197394\" src=\"https:\/\/www.son.tv\/wp-content\/uploads\/2026\/09\/9a7e68a6-8226-4935-8ddb-060e40520c69-300x169.jpeg\" alt=\"\" width=\"300\" height=\"169\" \/> <img loading=\"lazy\" decoding=\"async\" loading=\"lazy\" class=\"alignnone size-medium wp-image-197395\" src=\"https:\/\/www.son.tv\/wp-content\/uploads\/2026\/09\/20e99b4e-00d2-4046-b53d-c8350a684cbf-300x169.jpeg\" alt=\"\" width=\"300\" height=\"169\" \/> <img loading=\"lazy\" decoding=\"async\" loading=\"lazy\" class=\"alignnone size-medium wp-image-197396\" src=\"https:\/\/www.son.tv\/wp-content\/uploads\/2026\/09\/ef94abf5-860d-4e4c-b694-cdbb456b3b5c-300x169.jpeg\" alt=\"\" width=\"300\" height=\"169\" \/> <img loading=\"lazy\" decoding=\"async\" loading=\"lazy\" class=\"alignnone size-medium wp-image-197397\" src=\"https:\/\/www.son.tv\/wp-content\/uploads\/2026\/09\/accb943c-71ae-48f0-bfcf-911a4ff6459b-300x169.jpeg\" alt=\"\" width=\"300\" height=\"169\" \/><\/p>\n<p><strong>ADIYAMAN\u2019DA BA\u015eSAVCI CELBEK\u2019LE B\u0130R ARAYA GELD\u0130<\/strong><\/p>\n<p><strong>Serdar Ate\u015f<\/strong>\u2019in <strong>2 Eyl\u00fcl<\/strong> program\u0131ndaki bir di\u011fer dura\u011f\u0131 Ad\u0131yaman oldu.<\/p>\n<p><strong>Ate\u015f<\/strong>, <strong>Ad\u0131yaman Adliyesi<\/strong>ndeki temaslar\u0131 kapsam\u0131nda <strong>Cumhuriyet Ba\u015fsavc\u0131s\u0131 \u00d6zg\u00fcr Celbek<\/strong> ile bir araya geldi.<\/p>\n<p>Yeni adli y\u0131l dolay\u0131s\u0131yla ger\u00e7ekle\u015ftirilen ziyarette adliyedeki \u00e7al\u0131\u015fmalar\u0131n yan\u0131 s\u0131ra h\u00e2kim ve Cumhuriyet savc\u0131lar\u0131n\u0131n g\u00f6rev s\u0131ras\u0131nda kar\u015f\u0131la\u015ft\u0131klar\u0131 hususlar, talepler ve de\u011ferlendirmeler ele al\u0131nd\u0131.<\/p>\n<p>B\u00f6ylece <strong>HSK \u00dcyesi Ate\u015f,<\/strong> iki g\u00fcn i\u00e7erisinde <strong>K\u0131r\u0131kkale<\/strong>, <strong>K\u0131r\u015fehir, Kayseri, Kahramanmara\u015f<\/strong> ve <strong>Ad\u0131yaman<\/strong> olmak \u00fczere 5 ilde adliye ziyaretlerini tamamlad\u0131.<\/p>\n<p><img loading=\"lazy\" decoding=\"async\" loading=\"lazy\" class=\"alignnone size-medium wp-image-197398\" src=\"https:\/\/www.son.tv\/wp-content\/uploads\/2026\/09\/dcdc626f-c189-429c-811a-31418d4876cc-300x200.jpeg\" alt=\"\" width=\"300\" height=\"200\" \/> <img loading=\"lazy\" decoding=\"async\" loading=\"lazy\" class=\"alignnone size-medium wp-image-197399\" src=\"https:\/\/www.son.tv\/wp-content\/uploads\/2026\/09\/acbe3f5f-8d80-47a6-b8fb-acbce0b5d158-300x200.jpeg\" alt=\"\" width=\"300\" height=\"200\" \/> <img loading=\"lazy\" decoding=\"async\" loading=\"lazy\" class=\"alignnone size-medium wp-image-197400\" src=\"https:\/\/www.son.tv\/wp-content\/uploads\/2026\/09\/30afb0ce-1dcc-4ebe-ae0e-9f8200049b75-300x200.jpeg\" alt=\"\" width=\"300\" height=\"200\" \/> <img loading=\"lazy\" decoding=\"async\" loading=\"lazy\" class=\"alignnone size-medium wp-image-197401\" src=\"https:\/\/www.son.tv\/wp-content\/uploads\/2026\/09\/f78cfb75-c12e-427f-aa91-1b7ef5b67fcd-300x200.jpeg\" alt=\"\" width=\"300\" height=\"200\" \/> <img loading=\"lazy\" decoding=\"async\" loading=\"lazy\" class=\"alignnone size-medium wp-image-197402\" src=\"https:\/\/www.son.tv\/wp-content\/uploads\/2026\/09\/5b9f5e00-a265-4816-93bb-f37f0aae798a-300x200.jpeg\" alt=\"\" width=\"300\" height=\"200\" \/> <img loading=\"lazy\" decoding=\"async\" loading=\"lazy\" class=\"alignnone size-medium wp-image-197403\" src=\"https:\/\/www.son.tv\/wp-content\/uploads\/2026\/09\/41a9ebd3-3e21-4f24-9369-4c18f70908ac-300x200.jpeg\" alt=\"\" width=\"300\" height=\"200\" \/> <img loading=\"lazy\" decoding=\"async\" loading=\"lazy\" class=\"alignnone size-medium wp-image-197404\" src=\"https:\/\/www.son.tv\/wp-content\/uploads\/2026\/09\/6b1007c9-60f4-408e-86e4-ea5ae5ae92f9-300x200.jpeg\" alt=\"\" width=\"300\" height=\"200\" \/> <img loading=\"lazy\" decoding=\"async\" loading=\"lazy\" class=\"alignnone size-medium wp-image-197405\" src=\"https:\/\/www.son.tv\/wp-content\/uploads\/2026\/09\/78e53c25-60f4-4f6e-b3d0-5dd6a7485433-300x200.jpeg\" alt=\"\" width=\"300\" height=\"200\" \/> <img loading=\"lazy\" decoding=\"async\" loading=\"lazy\" class=\"alignnone size-medium wp-image-197406\" src=\"https:\/\/www.son.tv\/wp-content\/uploads\/2026\/09\/bd1bfec0-2aae-4522-8e87-256ce84868f3-300x200.jpeg\" alt=\"\" width=\"300\" height=\"200\" \/><\/p>\n<p><img loading=\"lazy\" decoding=\"async\" loading=\"lazy\" class=\"alignnone size-medium wp-image-197413\" src=\"https:\/\/www.son.tv\/wp-content\/uploads\/2026\/09\/78e53c25-60f4-4f6e-b3d0-5dd6a7485433-1-300x200.jpeg\" alt=\"\" width=\"300\" height=\"200\" \/><\/p>\n<p><img loading=\"lazy\" decoding=\"async\" loading=\"lazy\" class=\"alignnone size-medium wp-image-197408\" src=\"https:\/\/www.son.tv\/wp-content\/uploads\/2026\/09\/b1a03a70-e0c9-4557-acfd-e08a55d9c36a-300x225.jpeg\" alt=\"\" width=\"300\" height=\"225\" \/><\/p>\n<p><strong>G\u0130D\u0130LECEKLER: D\u0130YARBAKIR VE MARD\u0130N<\/strong><\/p>\n<p><strong>HSK \u00dcyesi Serdar Ate\u015f<\/strong>\u2019in yeni adli y\u0131l kapsam\u0131ndaki adliye ziyaretlerinin devam etmesi planlan\u0131yor.<\/p>\n<p>Program kapsam\u0131nda <strong>Ate\u015f<\/strong>\u2019in <strong>Diyarbak\u0131r<\/strong> ve <strong>Mardin\u2019<\/strong>de de yarg\u0131 mensuplar\u0131yla bir araya gelmesi bekleniyor.<\/p>\n<p><strong>Diyarbak\u0131r<\/strong> program\u0131nda <strong>Cumhuriyet Ba\u015fsavc\u0131s\u0131 Erdal Kuru\u00e7ay<\/strong> ve kentte g\u00f6rev yapan h\u00e2kim ve Cumhuriyet savc\u0131lar\u0131yla g\u00f6r\u00fc\u015fmeler ger\u00e7ekle\u015ftirilmesi planlan\u0131yor.<\/p>\n<p><strong>Mardin<\/strong>\u2019de ise <strong>Cumhuriyet Ba\u015fsavc\u0131vekili Serkan \u015eahbaz<\/strong> ile adliye te\u015fkilat\u0131n\u0131n ziyaret program\u0131nda yer ald\u0131\u011f\u0131 \u00f6\u011frenildi.<\/p>\n<p>Ziyaretlerde di\u011fer illerde oldu\u011fu gibi yarg\u0131 mensuplar\u0131n\u0131n talep, g\u00f6r\u00fc\u015f ve \u00f6nerilerinin dinlenmesi ile yeni adli y\u0131l \u00e7al\u0131\u015fmalar\u0131n\u0131n de\u011ferlendirilmesi \u00f6ng\u00f6r\u00fcl\u00fcyor.<\/p>\n<p><strong>YEN\u0130 ADL\u0130 YILDA SAHA TEMASLARI<\/strong><\/p>\n<p><strong>HSK \u0130kinci Daire \u00dcyesi Serdar Ate\u015f<\/strong>\u2019in ger\u00e7ekle\u015ftirdi\u011fi ziyaretlerle yeni adli y\u0131l\u0131n ilk g\u00fcnlerinde farkl\u0131 illerde g\u00f6rev yapan yarg\u0131 mensuplar\u0131yla do\u011frudan temas kurulmu\u015f oldu.<\/p>\n<p><strong>Ate\u015f\u2019<\/strong>in adliye programlar\u0131n\u0131n <strong>Diyarbak\u0131r<\/strong> ve <strong>Mardin<\/strong> ziyaretleriyle devam etmesi bekleniyor.<\/p>\n<p><strong>ET\u0130KETLER: #SerdarAte\u015f #HSK #HakimlerVeSavc\u0131larKurulu #K\u0131r\u0131kkaleAdliyesi #K\u0131r\u015fehirAdliyesi #KayseriAdliyesi #Kahramanmara\u015fAdliyesi #Ad\u0131yamanAdliyesi #Diyarbak\u0131rAdliyesi #MardinAdliyesi #YeniAdliY\u0131l #Yarg\u0131<\/strong><\/p>\n<p>H\u00e2kimler ve Savc\u0131lar Kurulu \u0130kinci Daire \u00dcyesi Serdar Ate\u015f, 2026-2027 yeni adli y\u0131l\u0131n\u0131n ba\u015flamas\u0131 dolay\u0131s\u0131yla yarg\u0131 te\u015fkilat\u0131na y\u00f6nelik yo\u011fun bir ziyaret program\u0131 ger\u00e7ekle\u015ftirdi. Ate\u015f, iki g\u00fcn i\u00e7erisinde K\u0131r\u0131kkale, K\u0131r\u015fehir, Kayseri, Kahramanmara\u015f ve Ad\u0131yaman adliyelerinde temaslarda bulunarak ba\u015fsavc\u0131lar, adalet komisyonu ba\u015fkanlar\u0131, h\u00e2kimler ve Cumhuriyet savc\u0131lar\u0131yla bir araya geldi.\u00a0<a href=\"https:\/\/www.son.tv\/hsk-uyesi-serdar-atesten-dikkat-ceken-adliye-trafigi-iki-gunde-5-adliyeyi-ziyaret-etti\/\" target=\"_blank\" class=\"feedzy-rss-link-icon\">Read More<\/a><\/p>","protected":false},"excerpt":{"rendered":"<p>SON.TV\/ANKARA 2026-2027 Adli Y\u0131l\u0131\u2019n\u0131n ba\u015flamas\u0131yla birlikte H\u00e2kimler ve Savc\u0131lar Kurulu \u00fcyelerinin adliyelere y\u00f6nelik saha ziyaretleri s\u00fcr\u00fcyor. HSK \u0130kinci Daire \u00dcyesi Serdar Ate\u015f de yeni adli y\u0131l vesilesiyle Anadolu\u2019da dikkat \u00e7eken bir ziyaret program\u0131na imza att\u0131. Ate\u015f, 1 ve 2 Eyl\u00fcl tarihlerinde be\u015f farkl\u0131 ilde adliye te\u015fkilat\u0131n\u0131 ziyaret ederek yarg\u0131 mensuplar\u0131yla g\u00f6r\u00fc\u015fmeler ger\u00e7ekle\u015ftirdi. \u0130K\u0130 G\u00dcNDE 5 [&hellip;]<\/p>\n","protected":false},"author":1,"featured_media":42264,"comment_status":"open","ping_status":"open","sticky":false,"template":"","format":"standard","meta":{"footnotes":"","_links_to":"","_links_to_target":""},"categories":[1],"tags":[],"class_list":["post-42263","post","type-post","status-publish","format-standard","has-post-thumbnail","hentry","category-haberler"],"_links":{"self":[{"href":"https:\/\/www.abchukuk.com\/index.php\/wp-json\/wp\/v2\/posts\/42263","targetHints":{"allow":["GET"]}}],"collection":[{"href":"https:\/\/www.abchukuk.com\/index.php\/wp-json\/wp\/v2\/posts"}],"about":[{"href":"https:\/\/www.abchukuk.com\/index.php\/wp-json\/wp\/v2\/types\/post"}],"author":[{"embeddable":true,"href":"https:\/\/www.abchukuk.com\/index.php\/wp-json\/wp\/v2\/users\/1"}],"replies":[{"embeddable":true,"href":"https:\/\/www.abchukuk.com\/index.php\/wp-json\/wp\/v2\/comments?post=42263"}],"version-history":[{"count":0,"href":"https:\/\/www.abchukuk.com\/index.php\/wp-json\/wp\/v2\/posts\/42263\/revisions"}],"wp:featuredmedia":[{"embeddable":true,"href":"https:\/\/www.abchukuk.com\/index.php\/wp-json\/wp\/v2\/media\/42264"}],"wp:attachment":[{"href":"https:\/\/www.abchukuk.com\/index.php\/wp-json\/wp\/v2\/media?parent=42263"}],"wp:term":[{"taxonomy":"category","embeddable":true,"href":"https:\/\/www.abchukuk.com\/index.php\/wp-json\/wp\/v2\/categories?post=42263"},{"taxonomy":"post_tag","embeddable":true,"href":"https:\/\/www.abchukuk.com\/index.php\/wp-json\/wp\/v2\/tags?post=42263"}],"curies":[{"name":"wp","href":"https:\/\/api.w.org\/{rel}","templated":true}]}}