{"id":42259,"date":"2026-09-02T19:00:37","date_gmt":"2026-09-02T19:00:37","guid":{"rendered":"https:\/\/www.abchukuk.com\/index.php\/2026\/09\/02\/hsk-uyesi-sait-ozdemirden-vanda-yogun-adliye-trafigi-hakim-ve-savcilarla-bir-araya-geldi\/"},"modified":"2026-09-02T19:00:37","modified_gmt":"2026-09-02T19:00:37","slug":"hsk-uyesi-sait-ozdemirden-vanda-yogun-adliye-trafigi-hakim-ve-savcilarla-bir-araya-geldi","status":"publish","type":"post","link":"https:\/\/www.abchukuk.com\/index.php\/2026\/09\/02\/hsk-uyesi-sait-ozdemirden-vanda-yogun-adliye-trafigi-hakim-ve-savcilarla-bir-araya-geldi\/","title":{"rendered":"HSK \u00dcyesi Sait \u00d6zdemir\u2019den Van\u2019da yo\u011fun adliye trafi\u011fi: Hakim ve savc\u0131larla bir araya geldi"},"content":{"rendered":"<p><strong>SON.TV\/VAN<\/strong><\/p>\n<p><strong>H\u00e2kimler ve Savc\u0131lar Kurulu Birinci Daire \u00dcyesi Sait \u00d6zdemir<\/strong>\u2019in yeni adli y\u0131l dolay\u0131s\u0131yla s\u00fcrd\u00fcrd\u00fc\u011f\u00fc saha ziyaretlerinin <strong>Van<\/strong> aya\u011f\u0131nda yo\u011fun bir program ger\u00e7ekle\u015ftirildi.<\/p>\n<p><img loading=\"lazy\" decoding=\"async\" loading=\"lazy\" class=\"alignnone size-medium wp-image-197417\" src=\"https:\/\/www.son.tv\/wp-content\/uploads\/2026\/09\/61949fca-04f4-4792-8d1e-c954148cad14-300x200.jpeg\" alt=\"\" width=\"300\" height=\"200\" \/> <img loading=\"lazy\" decoding=\"async\" loading=\"lazy\" class=\"alignnone size-medium wp-image-197418\" src=\"https:\/\/www.son.tv\/wp-content\/uploads\/2026\/09\/bf189f08-9188-49a4-9867-9c88dab7900c-300x200.jpeg\" alt=\"\" width=\"300\" height=\"200\" \/> <img loading=\"lazy\" decoding=\"async\" loading=\"lazy\" class=\"alignnone size-medium wp-image-197419\" src=\"https:\/\/www.son.tv\/wp-content\/uploads\/2026\/09\/ea57d864-117d-45ad-b6be-d3171327565d-300x200.jpeg\" alt=\"\" width=\"300\" height=\"200\" \/> <img loading=\"lazy\" decoding=\"async\" loading=\"lazy\" class=\"alignnone size-medium wp-image-197420\" src=\"https:\/\/www.son.tv\/wp-content\/uploads\/2026\/09\/4d04b876-08af-4dd1-8874-ec4d209fb6a8-300x200.jpeg\" alt=\"\" width=\"300\" height=\"200\" \/> <img loading=\"lazy\" decoding=\"async\" loading=\"lazy\" class=\"alignnone size-medium wp-image-197421\" src=\"https:\/\/www.son.tv\/wp-content\/uploads\/2026\/09\/9250e78a-a9d8-49d9-85d7-f97ea509bac8-300x200.jpeg\" alt=\"\" width=\"300\" height=\"200\" \/> <img loading=\"lazy\" decoding=\"async\" loading=\"lazy\" class=\"alignnone size-medium wp-image-197422\" src=\"https:\/\/www.son.tv\/wp-content\/uploads\/2026\/09\/e7e4bf41-2218-4f0b-baa4-21365005783a-300x200.jpeg\" alt=\"\" width=\"300\" height=\"200\" \/> <img loading=\"lazy\" decoding=\"async\" loading=\"lazy\" class=\"alignnone size-medium wp-image-197423\" src=\"https:\/\/www.son.tv\/wp-content\/uploads\/2026\/09\/d57d754f-764f-473d-8cc3-0d8b569ad626-300x200.jpeg\" alt=\"\" width=\"300\" height=\"200\" \/> <img loading=\"lazy\" decoding=\"async\" loading=\"lazy\" class=\"alignnone size-medium wp-image-197424\" src=\"https:\/\/www.son.tv\/wp-content\/uploads\/2026\/09\/18a3d430-7a5a-44c4-ade4-9dd2f7c15018-300x200.jpeg\" alt=\"\" width=\"300\" height=\"200\" \/> <img loading=\"lazy\" decoding=\"async\" loading=\"lazy\" class=\"alignnone size-medium wp-image-197425\" src=\"https:\/\/www.son.tv\/wp-content\/uploads\/2026\/09\/05363d38-d363-4543-934c-e47e9f69071b-300x200.jpeg\" alt=\"\" width=\"300\" height=\"200\" \/> <img loading=\"lazy\" decoding=\"async\" loading=\"lazy\" class=\"alignnone size-medium wp-image-197426\" src=\"https:\/\/www.son.tv\/wp-content\/uploads\/2026\/09\/aec25a2a-2c80-4f30-a387-5f12a9d749ef-300x200.jpeg\" alt=\"\" width=\"300\" height=\"200\" \/><\/p>\n<p><strong>\u00d6zdemir, Van Adliyesi ve Van B\u00f6lge Adliye Mahkemesi<\/strong>nde yarg\u0131 mensuplar\u0131yla bir araya gelirken, kentin adli ve idari yarg\u0131 te\u015fkilat\u0131n\u0131n y\u00f6neticilerini de makamlar\u0131nda ziyaret etti.<\/p>\n<p><strong>VAN ADL\u0130YES\u0130NDE HAK\u0130M VE SAVCILARLA BULU\u015eTU<\/strong><\/p>\n<p><strong>HSK \u00dcyesi Sait \u00d6zdemir, Van Adliyesi<\/strong> ziyareti kapsam\u0131nda <strong>Cumhuriyet Ba\u015fsavc\u0131s\u0131 Osman Kara ve Adalet Komisyonu Ba\u015fkan\u0131 H\u00fcseyin Gedik<\/strong> ile bir araya geldi.<\/p>\n<p>Adliyedeki temaslar\u0131n\u0131n ard\u0131ndan konferans salonuna ge\u00e7en \u00d6zdemir, burada g\u00f6rev yapan hakim ve Cumhuriyet savc\u0131lar\u0131yla toplant\u0131 ger\u00e7ekle\u015ftirdi.<\/p>\n<p>Toplant\u0131da yarg\u0131 hizmetlerinin i\u015fleyi\u015fi, yeni adli y\u0131l \u00e7al\u0131\u015fmalar\u0131 ile hakim ve savc\u0131lar\u0131n g\u00f6rev s\u0131ras\u0131nda kar\u015f\u0131la\u015ft\u0131klar\u0131 konular ele al\u0131nd\u0131.<\/p>\n<p><strong>\u00d6zdemir<\/strong>, meslekta\u015flar\u0131n\u0131n g\u00f6r\u00fc\u015f, talep ve \u00f6nerilerini dinleyerek kar\u015f\u0131l\u0131kl\u0131 g\u00f6r\u00fc\u015f al\u0131\u015fveri\u015finde bulundu.<\/p>\n<p><img loading=\"lazy\" decoding=\"async\" loading=\"lazy\" class=\"alignnone size-medium wp-image-197427\" src=\"https:\/\/www.son.tv\/wp-content\/uploads\/2026\/09\/f49cf1c3-979e-4909-b3f7-f94502dd0b31-300x200.jpeg\" alt=\"\" width=\"300\" height=\"200\" \/> <img loading=\"lazy\" decoding=\"async\" loading=\"lazy\" class=\"alignnone size-medium wp-image-197428\" src=\"https:\/\/www.son.tv\/wp-content\/uploads\/2026\/09\/4228abc7-66bd-4c97-8cb2-2e6e5e3eeb40-300x200.jpeg\" alt=\"\" width=\"300\" height=\"200\" \/> <img loading=\"lazy\" decoding=\"async\" loading=\"lazy\" class=\"alignnone size-medium wp-image-197429\" src=\"https:\/\/www.son.tv\/wp-content\/uploads\/2026\/09\/31a03c73-5d46-44ae-9dd1-3a43775ef8e0-300x200.jpeg\" alt=\"\" width=\"300\" height=\"200\" \/> <img loading=\"lazy\" decoding=\"async\" loading=\"lazy\" class=\"alignnone size-medium wp-image-197430\" src=\"https:\/\/www.son.tv\/wp-content\/uploads\/2026\/09\/cef24b45-4f43-4f93-99ae-805ad834c9d7-300x200.jpeg\" alt=\"\" width=\"300\" height=\"200\" \/> <img loading=\"lazy\" decoding=\"async\" loading=\"lazy\" class=\"alignnone size-medium wp-image-197431\" src=\"https:\/\/www.son.tv\/wp-content\/uploads\/2026\/09\/f58a8e55-48b6-45dc-8fce-245d7b18988f-300x200.jpeg\" alt=\"\" width=\"300\" height=\"200\" \/> <img loading=\"lazy\" decoding=\"async\" loading=\"lazy\" class=\"alignnone size-medium wp-image-197432\" src=\"https:\/\/www.son.tv\/wp-content\/uploads\/2026\/09\/b2792ff9-291d-438a-9287-664415b674cf-300x200.jpeg\" alt=\"\" width=\"300\" height=\"200\" \/> <img loading=\"lazy\" decoding=\"async\" loading=\"lazy\" class=\"alignnone size-medium wp-image-197433\" src=\"https:\/\/www.son.tv\/wp-content\/uploads\/2026\/09\/efb3f8bc-c2d2-4175-81f2-d860a1969e10-300x200.jpeg\" alt=\"\" width=\"300\" height=\"200\" \/> <img loading=\"lazy\" decoding=\"async\" loading=\"lazy\" class=\"alignnone size-medium wp-image-197434\" src=\"https:\/\/www.son.tv\/wp-content\/uploads\/2026\/09\/61b68e56-c37e-4e44-93f8-03e21c3a38a4-300x200.jpeg\" alt=\"\" width=\"300\" height=\"200\" \/> <img loading=\"lazy\" decoding=\"async\" loading=\"lazy\" class=\"alignnone size-medium wp-image-197435\" src=\"https:\/\/www.son.tv\/wp-content\/uploads\/2026\/09\/970e5710-d94a-434c-8c1d-afa9a66ed91a-300x200.jpeg\" alt=\"\" width=\"300\" height=\"200\" \/> <img loading=\"lazy\" decoding=\"async\" loading=\"lazy\" class=\"alignnone size-medium wp-image-197436\" src=\"https:\/\/www.son.tv\/wp-content\/uploads\/2026\/09\/2b946403-cd97-4bdd-9fbd-16faa10247fc-300x200.jpeg\" alt=\"\" width=\"300\" height=\"200\" \/> <img loading=\"lazy\" decoding=\"async\" loading=\"lazy\" class=\"alignnone size-medium wp-image-197437\" src=\"https:\/\/www.son.tv\/wp-content\/uploads\/2026\/09\/977ceafc-ead4-45a3-927b-c1bcba1b47cf-300x200.jpeg\" alt=\"\" width=\"300\" height=\"200\" \/> <img loading=\"lazy\" decoding=\"async\" loading=\"lazy\" class=\"alignnone size-medium wp-image-197438\" src=\"https:\/\/www.son.tv\/wp-content\/uploads\/2026\/09\/aec16822-97e1-421f-9c23-2aa948f03640-300x200.jpeg\" alt=\"\" width=\"300\" height=\"200\" \/><\/p>\n<p><strong>B\u00d6LGE ADL\u0130YE MAHKEMES\u0130NDE MESLEKTA\u015eLARIYLA B\u0130R ARAYA GELD\u0130<\/strong><\/p>\n<p><strong>Sait \u00d6zdemir\u2019in Van\u2019daki bir di\u011fer dura\u011f\u0131 Van B\u00f6lge Adliye Mahkemesi oldu.<\/strong><\/p>\n<p><strong>\u00d6zdemir burada B\u00f6lge Adliye Mahkemesi Ba\u015fkan\u0131 Emir\u015fah Ba\u015fto\u011f ve B\u00f6lge Adliye Mahkemesi Cumhuriyet Ba\u015fsavc\u0131s\u0131 Hikmet Salman\u2019\u0131 makamlar\u0131nda ziyaret etti.<\/strong><\/p>\n<p><strong>B\u00f6lge Adliye Mahkemesi<\/strong> konferans salonunda d\u00fczenlenen toplant\u0131da da hakim ve Cumhuriyet savc\u0131lar\u0131yla bir araya gelen <strong>\u00d6zdemir<\/strong>, yarg\u0131 hizmetlerinin y\u00fcr\u00fct\u00fclmesine ili\u015fkin de\u011ferlendirmelerde bulundu.<\/p>\n<p>Meslekta\u015flar\u0131n\u0131n g\u00f6r\u00fc\u015f ve \u00f6nerilerini dinleyen <strong>\u00d6zdemir<\/strong>\u2019in toplant\u0131s\u0131nda adalet hizmetlerinin etkin ve verimli \u015fekilde y\u00fcr\u00fct\u00fclmesine ili\u015fkin konular g\u00f6r\u00fc\u015f\u00fcld\u00fc.<\/p>\n<p><img loading=\"lazy\" decoding=\"async\" loading=\"lazy\" class=\"alignnone size-medium wp-image-197439\" src=\"https:\/\/www.son.tv\/wp-content\/uploads\/2026\/09\/e3a5460e-5d07-4f7c-8cab-878f0ada9cf0-300x200.jpeg\" alt=\"\" width=\"300\" height=\"200\" \/> <img loading=\"lazy\" decoding=\"async\" loading=\"lazy\" class=\"alignnone size-medium wp-image-197440\" src=\"https:\/\/www.son.tv\/wp-content\/uploads\/2026\/09\/eb79bb5c-5e06-427a-8f7e-4f48b0b71c48-300x169.jpeg\" alt=\"\" width=\"300\" height=\"169\" \/> <img loading=\"lazy\" decoding=\"async\" loading=\"lazy\" class=\"alignnone size-medium wp-image-197441\" src=\"https:\/\/www.son.tv\/wp-content\/uploads\/2026\/09\/3eac3630-e3c4-4bc5-8fc9-196007c491df-300x200.jpeg\" alt=\"\" width=\"300\" height=\"200\" \/> <img loading=\"lazy\" decoding=\"async\" loading=\"lazy\" class=\"alignnone size-medium wp-image-197442\" src=\"https:\/\/www.son.tv\/wp-content\/uploads\/2026\/09\/aa17c6e9-8190-4a23-8e62-8a65e05a1d91-300x200.jpeg\" alt=\"\" width=\"300\" height=\"200\" \/> <img loading=\"lazy\" decoding=\"async\" loading=\"lazy\" class=\"alignnone size-medium wp-image-197443\" src=\"https:\/\/www.son.tv\/wp-content\/uploads\/2026\/09\/76d50dcc-6169-4113-a797-4448ba608140-300x225.jpeg\" alt=\"\" width=\"300\" height=\"225\" \/> <img loading=\"lazy\" decoding=\"async\" loading=\"lazy\" class=\"alignnone size-medium wp-image-197444\" src=\"https:\/\/www.son.tv\/wp-content\/uploads\/2026\/09\/63611df4-db27-4310-87db-10a1e27c0fd3-200x300.jpeg\" alt=\"\" width=\"200\" height=\"300\" \/><\/p>\n<p><strong>MAHKEME KALEMLER\u0130N\u0130 TEK TEK Z\u0130YARET ETT\u0130<\/strong><\/p>\n<p><strong>HSK \u00dcyesi \u00d6zdemir, Van\u2019<\/strong>daki temaslar\u0131 s\u0131ras\u0131nda yaln\u0131zca yarg\u0131 mensuplar\u0131yla ger\u00e7ekle\u015ftirilen toplant\u0131larla yetinmedi.<\/p>\n<p>Mahkeme kalemlerini de ziyaret eden <strong>\u00d6zdemir<\/strong>, adliye personeliyle bir araya geldi.<\/p>\n<p>Kalemlerde y\u00fcr\u00fct\u00fclen \u00e7al\u0131\u015fmalar hakk\u0131nda bilgi alan <strong>\u00d6zdemir<\/strong>, \u00e7al\u0131\u015fanlarla sohbet ederek g\u00f6revlerinde ba\u015far\u0131lar diledi.<\/p>\n<p><img loading=\"lazy\" decoding=\"async\" loading=\"lazy\" class=\"alignnone size-medium wp-image-197445\" src=\"https:\/\/www.son.tv\/wp-content\/uploads\/2026\/09\/876a816b-bace-489f-8bfe-1c59cbdc67b6-300x200.jpeg\" alt=\"\" width=\"300\" height=\"200\" \/> <img loading=\"lazy\" decoding=\"async\" loading=\"lazy\" class=\"alignnone size-medium wp-image-197446\" src=\"https:\/\/www.son.tv\/wp-content\/uploads\/2026\/09\/f43be14d-f1f6-4e1f-8007-dba758822b85-300x225.jpeg\" alt=\"\" width=\"300\" height=\"225\" \/><\/p>\n<p><strong>YARGI TE\u015eK\u0130LATININ Y\u00d6NET\u0130C\u0130LER\u0130YLE G\u00d6R\u00dc\u015eT\u00dc<\/strong><\/p>\n<p><strong>Van<\/strong> program\u0131 kapsam\u0131nda kentin adli ve idari yarg\u0131 te\u015fkilat\u0131n\u0131n \u00fcst d\u00fczey y\u00f6neticileriyle de g\u00f6r\u00fc\u015fmeler ger\u00e7ekle\u015ftirildi.<\/p>\n<p><strong>HSK \u00dcyesi Sait \u00d6zdemir; Van Cumhuriyet Ba\u015fsavc\u0131s\u0131 Osman Kara, Adalet Komisyonu Ba\u015fkan\u0131 H\u00fcseyin Gedik, Van B\u00f6lge Adliye Mahkemesi Ba\u015fkan\u0131 Emir\u015fah Ba\u015fto\u011f, B\u00f6lge Adliye Mahkemesi Cumhuriyet Ba\u015fsavc\u0131s\u0131 Hikmet Salman ve \u0130dare Mahkemesi Ba\u015fkan\u0131 R\u0131dvan G\u00fcnay\u2019\u0131 makamlar\u0131nda ziyaret etti.<\/strong><\/p>\n<p>G\u00f6r\u00fc\u015fmelerde <strong>Van\u2019<\/strong>daki yarg\u0131 hizmetlerinin mevcut durumu ve y\u00fcr\u00fct\u00fclen \u00e7al\u0131\u015fmalar ele al\u0131nd\u0131.<\/p>\n<p><img loading=\"lazy\" decoding=\"async\" loading=\"lazy\" class=\"alignnone size-medium wp-image-197447\" src=\"https:\/\/www.son.tv\/wp-content\/uploads\/2026\/09\/3eac3630-e3c4-4bc5-8fc9-196007c491df-1-300x200.jpeg\" alt=\"\" width=\"300\" height=\"200\" \/> <img loading=\"lazy\" decoding=\"async\" loading=\"lazy\" class=\"alignnone size-medium wp-image-197448\" src=\"https:\/\/www.son.tv\/wp-content\/uploads\/2026\/09\/ec5404e9-0bb8-4cb9-9aca-aefcd1153f3f-300x200.jpeg\" alt=\"\" width=\"300\" height=\"200\" \/><\/p>\n<p><strong>VAL\u0130 OZAN BALCI\u2019YA Z\u0130YARET<\/strong><\/p>\n<p><strong>HSK \u00dcyesi Sait \u00d6zdemir ve beraberindeki yarg\u0131 heyeti Van Valisi Ozan Balc\u0131\u2019y\u0131 da makam\u0131nda ziyaret etti.<\/strong><\/p>\n<p>Ziyarette <strong>Van Cumhuriyet Ba\u015fsavc\u0131s\u0131 Osman Kara, Adalet Komisyonu Ba\u015fkan\u0131 H\u00fcseyin Gedik, B\u00f6lge Adliye Mahkemesi Ba\u015fkan\u0131 Emir\u015fah Ba\u015fto\u011f, B\u00f6lge Adliye Mahkemesi Cumhuriyet Ba\u015fsavc\u0131s\u0131 Hikmet Salman ve \u0130dare Mahkemesi Ba\u015fkan\u0131 R\u0131dvan G\u00fcnay<\/strong> da yer ald\u0131.<\/p>\n<p>Valilikte ger\u00e7ekle\u015ftirilen g\u00f6r\u00fc\u015fmede <strong>Van\u2019<\/strong>daki adli ve idari kurumlara ili\u015fkin temaslar s\u00fcrd\u00fcr\u00fcld\u00fc.<\/p>\n<p><img loading=\"lazy\" decoding=\"async\" loading=\"lazy\" class=\"alignnone size-medium wp-image-197449\" src=\"https:\/\/www.son.tv\/wp-content\/uploads\/2026\/09\/e68c5f72-7b4f-4e23-a585-116d70910da3-300x200.jpeg\" alt=\"\" width=\"300\" height=\"200\" \/><\/p>\n<p><strong>YEN\u0130 ADL\u0130YE EK H\u0130ZMET B\u0130NASINI \u0130NCELED\u0130<\/strong><\/p>\n<p><strong>Sait \u00d6zdemir<\/strong>\u2019in <strong>Van<\/strong> program\u0131nda yap\u0131m\u0131 devam eden yat\u0131r\u0131mlar da yer ald\u0131.<\/p>\n<p><strong>\u00d6zdem<\/strong>ir, yap\u0131m\u0131 s\u00fcren <strong>Van Adliyesi Ek Hizmet Binas\u0131<\/strong>nda incelemelerde bulunarak devam eden \u00e7al\u0131\u015fmalar hakk\u0131nda bilgi ald\u0131.<\/p>\n<p>Ek hizmet binas\u0131n\u0131n mevcut durumu ve y\u00fcr\u00fct\u00fclen \u00e7al\u0131\u015fmalar yerinde de\u011ferlendirildi.<\/p>\n<p><strong>\u0130\u015eYURTLARI<\/strong><strong> SOSYAL TES\u0130SLER\u0130NDE \u0130NCELEME<\/strong><\/p>\n<p><strong>HSK \u00dcyesi \u00d6zdemir, Adalet Bakanl\u0131\u011f\u0131 \u0130\u015fyurtlar\u0131 Kurumu<\/strong> b\u00fcnyesindeki sosyal tesislerde de incelemelerde bulundu.<\/p>\n<p>Tesislerde y\u00fcr\u00fct\u00fclen \u00e7al\u0131\u015fmalar hakk\u0131nda bilgi alan <strong>\u00d6zdemir<\/strong>, program kapsam\u0131nda ilgili alanlar\u0131 gezdi.<\/p>\n<p><img loading=\"lazy\" decoding=\"async\" loading=\"lazy\" class=\"alignnone size-medium wp-image-197450\" src=\"https:\/\/www.son.tv\/wp-content\/uploads\/2026\/09\/e3a5460e-5d07-4f7c-8cab-878f0ada9cf0-1-300x200.jpeg\" alt=\"\" width=\"300\" height=\"200\" \/><\/p>\n<p><strong>VAN PROGRAMINDA YO\u011eUN TEMAS<\/strong><\/p>\n<p><strong>Sait \u00d6zdemir<\/strong>\u2019in <strong>Van<\/strong> program\u0131nda <strong>Van Adliyesi<\/strong> ve <strong>B\u00f6lge Adliye Mahkemesindeki hakim ve savc\u0131<\/strong> toplant\u0131lar\u0131n\u0131n yan\u0131 s\u0131ra mahkeme kalemleri, adli ve idari yarg\u0131 y\u00f6neticileri, <strong>Van Valili\u011f<\/strong>i ve devam eden adliye yat\u0131r\u0131mlar\u0131 ziyaret edildi.<\/p>\n<p><strong>\u00d6zdemir<\/strong>, yeni adli y\u0131l kapsam\u0131nda ger\u00e7ekle\u015ftirdi\u011fi temaslarda hakim ve Cumhuriyet savc\u0131lar\u0131n\u0131n yan\u0131 s\u0131ra adliye personeliyle de g\u00f6r\u00fc\u015ferek \u00e7al\u0131\u015fmalar hakk\u0131nda bilgi ald\u0131.<\/p>\n<p><strong>ET\u0130KETLER: #Sait\u00d6zdemir #HSK #HakimlerVeSavc\u0131larKurulu #VanAdliyesi #VanB\u00f6lgeAdliyeMahkemesi #OsmanKara #H\u00fcseyinGedik #Emir\u015fahBa\u015fto\u011f #HikmetSalman #R\u0131dvanG\u00fcnay #OzanBalc\u0131 #Van #YeniAdliY\u0131l<\/strong><\/p>\n<p>H\u00e2kimler ve Savc\u0131lar Kurulu Birinci Daire \u00dcyesi Sait \u00d6zdemir, yeni adli y\u0131l kapsam\u0131nda Van\u2019daki temaslar\u0131n\u0131 s\u00fcrd\u00fcrd\u00fc. Van Adliyesi, Van B\u00f6lge Adliye Mahkemesi ve Van Valili\u011fini ziyaret eden \u00d6zdemir, hakim ve Cumhuriyet savc\u0131lar\u0131yla toplant\u0131lar ger\u00e7ekle\u015ftirdi, adliye kalemlerini gezerek personelle sohbet etti. \u00d6zdemir ayr\u0131ca yap\u0131m\u0131 devam eden Van Adliyesi Ek Hizmet Binas\u0131 ile Adalet Bakanl\u0131\u011f\u0131 \u0130\u015fyurtlar\u0131 Kurumu sosyal tesislerinde incelemelerde bulundu.\u00a0<a href=\"https:\/\/www.son.tv\/hsk-uyesi-sait-ozdemirden-vanda-yogun-adliye-trafigi-hakim-ve-savcilarla-bir-araya-geldi\/\" target=\"_blank\" class=\"feedzy-rss-link-icon\">Read More<\/a><\/p>","protected":false},"excerpt":{"rendered":"<p>SON.TV\/VAN H\u00e2kimler ve Savc\u0131lar Kurulu Birinci Daire \u00dcyesi Sait \u00d6zdemir\u2019in yeni adli y\u0131l dolay\u0131s\u0131yla s\u00fcrd\u00fcrd\u00fc\u011f\u00fc saha ziyaretlerinin Van aya\u011f\u0131nda yo\u011fun bir program ger\u00e7ekle\u015ftirildi. \u00d6zdemir, Van Adliyesi ve Van B\u00f6lge Adliye Mahkemesinde yarg\u0131 mensuplar\u0131yla bir araya gelirken, kentin adli ve idari yarg\u0131 te\u015fkilat\u0131n\u0131n y\u00f6neticilerini de makamlar\u0131nda ziyaret etti. VAN ADL\u0130YES\u0130NDE HAK\u0130M VE SAVCILARLA BULU\u015eTU HSK \u00dcyesi [&hellip;]<\/p>\n","protected":false},"author":1,"featured_media":42260,"comment_status":"open","ping_status":"open","sticky":false,"template":"","format":"standard","meta":{"footnotes":"","_links_to":"","_links_to_target":""},"categories":[1],"tags":[],"class_list":["post-42259","post","type-post","status-publish","format-standard","has-post-thumbnail","hentry","category-haberler"],"_links":{"self":[{"href":"https:\/\/www.abchukuk.com\/index.php\/wp-json\/wp\/v2\/posts\/42259","targetHints":{"allow":["GET"]}}],"collection":[{"href":"https:\/\/www.abchukuk.com\/index.php\/wp-json\/wp\/v2\/posts"}],"about":[{"href":"https:\/\/www.abchukuk.com\/index.php\/wp-json\/wp\/v2\/types\/post"}],"author":[{"embeddable":true,"href":"https:\/\/www.abchukuk.com\/index.php\/wp-json\/wp\/v2\/users\/1"}],"replies":[{"embeddable":true,"href":"https:\/\/www.abchukuk.com\/index.php\/wp-json\/wp\/v2\/comments?post=42259"}],"version-history":[{"count":0,"href":"https:\/\/www.abchukuk.com\/index.php\/wp-json\/wp\/v2\/posts\/42259\/revisions"}],"wp:featuredmedia":[{"embeddable":true,"href":"https:\/\/www.abchukuk.com\/index.php\/wp-json\/wp\/v2\/media\/42260"}],"wp:attachment":[{"href":"https:\/\/www.abchukuk.com\/index.php\/wp-json\/wp\/v2\/media?parent=42259"}],"wp:term":[{"taxonomy":"category","embeddable":true,"href":"https:\/\/www.abchukuk.com\/index.php\/wp-json\/wp\/v2\/categories?post=42259"},{"taxonomy":"post_tag","embeddable":true,"href":"https:\/\/www.abchukuk.com\/index.php\/wp-json\/wp\/v2\/tags?post=42259"}],"curies":[{"name":"wp","href":"https:\/\/api.w.org\/{rel}","templated":true}]}}