{"id":42257,"date":"2026-09-02T19:20:02","date_gmt":"2026-09-02T19:20:02","guid":{"rendered":"https:\/\/www.abchukuk.com\/index.php\/2026\/09\/02\/hsk-uyesi-hakan-yukselden-beykoz-adliyesine-ziyaret-bassavci-ozturk-ve-yargi-mensuplariyla-gorustu\/"},"modified":"2026-09-02T19:20:02","modified_gmt":"2026-09-02T19:20:02","slug":"hsk-uyesi-hakan-yukselden-beykoz-adliyesine-ziyaret-bassavci-ozturk-ve-yargi-mensuplariyla-gorustu","status":"publish","type":"post","link":"https:\/\/www.abchukuk.com\/index.php\/2026\/09\/02\/hsk-uyesi-hakan-yukselden-beykoz-adliyesine-ziyaret-bassavci-ozturk-ve-yargi-mensuplariyla-gorustu\/","title":{"rendered":"HSK \u00dcyesi Hakan Y\u00fcksel\u2019den Beykoz Adliyesi\u2019ne ziyaret: Ba\u015fsavc\u0131 \u00d6zt\u00fcrk ve yarg\u0131 mensuplar\u0131yla g\u00f6r\u00fc\u015ft\u00fc"},"content":{"rendered":"<p><strong>SON.TV\/\u0130STANBUL<\/strong><\/p>\n<p><strong>H\u00e2kimler ve Savc\u0131lar Kurulu Birinci Daire \u00dcyesi Hakan Y\u00fcksel<\/strong>\u2019in yarg\u0131 te\u015fkilat\u0131na y\u00f6nelik ziyaretlerinin son dura\u011f\u0131 <strong>Beykoz Adliyesi<\/strong> oldu.<\/p>\n<p><img loading=\"lazy\" decoding=\"async\" loading=\"lazy\" class=\"alignnone size-medium wp-image-197460\" src=\"https:\/\/www.son.tv\/wp-content\/uploads\/2026\/09\/14ff7ffe-f68e-4376-a3f2-ab3073cd0f6f-300x200.jpeg\" alt=\"\" width=\"300\" height=\"200\" \/><\/p>\n<p><strong>Beykoz Adliyesi<\/strong>\u2019ne gelen <strong>Y\u00fcksel<\/strong>, <strong>Cumhuriyet Ba\u015fsavc\u0131s\u0131 Necaattin \u00d6zt\u00fcrk\u00a0<\/strong>taraf\u0131ndan kar\u015f\u0131land\u0131. <strong>Y\u00fcksel<\/strong>, ziyaret kapsam\u0131nda adliyede g\u00f6rev yapan h\u00e2kim ve Cumhuriyet savc\u0131lar\u0131yla bir araya geldi.<\/p>\n<p><img loading=\"lazy\" decoding=\"async\" loading=\"lazy\" class=\"alignnone size-medium wp-image-197456\" src=\"https:\/\/www.son.tv\/wp-content\/uploads\/2026\/09\/49df7d1c-f30f-4ec4-885f-efe7384714f5-300x200.jpeg\" alt=\"\" width=\"300\" height=\"200\" \/><\/p>\n<p><strong>BA\u015eSAVCI \u00d6ZT\u00dcRK \u0130LE B\u0130R ARAYA GELD\u0130<\/strong><\/p>\n<p><strong>HSK Birinci Daire \u00dcyesi Hakan Y\u00fcksel, Beykoz Cumhuriyet Ba\u015fsavc\u0131s\u0131 Necaattin \u00d6zt\u00fcrk\u2019\u00fc makam\u0131nda ziyaret etti.<\/strong><\/p>\n<p>G\u00f6r\u00fc\u015fmede <strong>Beykoz Adliyesi<\/strong>nde y\u00fcr\u00fct\u00fclen \u00e7al\u0131\u015fmalar ve adli hizmetlerin mevcut durumu ele al\u0131nd\u0131.<\/p>\n<p><strong>Ba\u015fsavc\u0131 \u00d6zt\u00fcrk, Y\u00fcksel\u2019e adliyede ger\u00e7ekle\u015ftirilen faaliyetler ve y\u00fcr\u00fct\u00fclen \u00e7al\u0131\u015fmalar hakk\u0131nda bilgi verdi.<\/strong><\/p>\n<p><img loading=\"lazy\" decoding=\"async\" loading=\"lazy\" class=\"alignnone size-medium wp-image-197457\" src=\"https:\/\/www.son.tv\/wp-content\/uploads\/2026\/09\/850ae36b-1981-4084-bd97-a10b890f2175-300x200.jpeg\" alt=\"\" width=\"300\" height=\"200\" \/><\/p>\n<p><strong>H\u00c2K\u0130M VE SAVCILARLA G\u00d6R\u00dc\u015eT\u00dc<\/strong><\/p>\n<p><strong>Hakan Y\u00fcksel, Beykoz Adliyesi\u2019ndeki program\u0131 kapsam\u0131nda g\u00f6rev yapan h\u00e2kim ve Cumhuriyet savc\u0131lar\u0131yla da bir araya geldi.<\/strong><\/p>\n<p>Yarg\u0131 mensuplar\u0131yla ger\u00e7ekle\u015ftirilen g\u00f6r\u00fc\u015fmelerde adliyedeki \u00e7al\u0131\u015fmalar ve mesleki konular \u00fczerinde g\u00f6r\u00fc\u015f al\u0131\u015fveri\u015finde bulunuldu.<\/p>\n<p><strong>Y\u00fcksel<\/strong>, h\u00e2kim ve Cumhuriyet savc\u0131lar\u0131yla ayr\u0131 ayr\u0131 temaslarda bulunarak adli hizmetlerin i\u015fleyi\u015fine ili\u015fkin de\u011ferlendirmeleri dinledi.<\/p>\n<p><img loading=\"lazy\" decoding=\"async\" loading=\"lazy\" class=\"alignnone size-medium wp-image-197458\" src=\"https:\/\/www.son.tv\/wp-content\/uploads\/2026\/09\/568f9102-eb44-4edd-9503-7bb0b16159d7-300x200.jpeg\" alt=\"\" width=\"300\" height=\"200\" \/><\/p>\n<p><strong>BEYKOZ ADL\u0130YES\u0130N\u0130N \u00c7ALI\u015eMALARI HAKKINDA B\u0130LG\u0130 ALDI<\/strong><\/p>\n<p>Ziyaret kapsam\u0131nda <strong>Beykoz Adliyesi<\/strong>nin genel i\u015fleyi\u015fi de ele al\u0131nd\u0131.<\/p>\n<p><strong>Ba\u015fsavc\u0131 Necaattin \u00d6zt\u00fcrk, HSK \u00dcyesi Hakan Y\u00fcksel\u2019e Cumhuriyet Ba\u015fsavc\u0131l\u0131\u011f\u0131 b\u00fcnyesinde s\u00fcrd\u00fcr\u00fclen \u00e7al\u0131\u015fmalar ve adliyede y\u00fcr\u00fct\u00fclen faaliyetler hakk\u0131nda bilgi verdi.<\/strong><\/p>\n<p><strong>G\u00f6r\u00fc\u015fmelerin ard\u0131ndan Hakan Y\u00fcksel\u2019in Beykoz Adliyesi ziyareti sona erdi.<\/strong><\/p>\n<p><strong>Y\u00dcKSEL HSK B\u0130R\u0130NC\u0130 DA\u0130RE \u00dcYES\u0130<\/strong><\/p>\n<p><strong>Hakan Y\u00fcksel, TBMM Genel Kurulu taraf\u0131ndan 20 May\u0131s 2025\u2019te H\u00e2kimler ve Savc\u0131lar Kurulu \u00fcyeli\u011fine se\u00e7ildi.<\/strong><\/p>\n<p><strong>HSK Genel Kurulu<\/strong>nda yap\u0131lan g\u00f6rev da\u011f\u0131l\u0131m\u0131n\u0131n ard\u0131ndan <strong>Y\u00fcksel<\/strong>, Kurulun Birinci Dairesinde g\u00f6rev yapmaya ba\u015flad\u0131.<\/p>\n<p>Birinci Daire; adli ve idari yarg\u0131da h\u00e2kim ve savc\u0131lar\u0131n atama, nakil, yetki ve benzeri \u00f6zl\u00fck s\u00fcre\u00e7lerine ili\u015fkin g\u00f6revleri kapsam\u0131nda \u00e7al\u0131\u015fmalar\u0131n\u0131 s\u00fcrd\u00fcr\u00fcyor.<\/p>\n<p><img loading=\"lazy\" decoding=\"async\" loading=\"lazy\" class=\"alignnone size-medium wp-image-197459\" src=\"https:\/\/www.son.tv\/wp-content\/uploads\/2026\/09\/cc702dc4-c5cb-4d28-b9d9-d10eafa7f314-300x200.jpeg\" alt=\"\" width=\"300\" height=\"200\" \/><\/p>\n<p><strong>\u00d6ZT\u00dcRK BEYKOZ\u2019DA G\u00d6REV\u0130N\u0130 S\u00dcRD\u00dcR\u00dcYOR<\/strong><\/p>\n<p><strong>Necaattin \u00d6zt\u00fcrk<\/strong> ise 2026 y\u0131l\u0131nda ger\u00e7ekle\u015ftirilen g\u00f6rev de\u011fi\u015fikli\u011fi kapsam\u0131nda <strong>Beykoz Cumhuriyet Ba\u015fsavc\u0131l\u0131\u011f\u0131<\/strong>na atanm\u0131\u015ft\u0131.<\/p>\n<p>Daha \u00f6nce <strong>Sakarya Cumhuriyet Ba\u015fsavc\u0131 Vekili<\/strong> olarak g\u00f6rev yapan <strong>\u00d6zt\u00fcrk<\/strong>, atama karar\u0131n\u0131n ard\u0131ndan <strong>Beykoz Adliyesi<\/strong>ndeki g\u00f6revine ba\u015flam\u0131\u015ft\u0131.<\/p>\n<p><strong>\u00d6zt\u00fcrk, Beykoz Cumhuriyet Ba\u015fsavc\u0131s\u0131<\/strong> olarak g\u00f6revini s\u00fcrd\u00fcr\u00fcyor.<\/p>\n<p><strong>ET\u0130KETLER: #HakanY\u00fcksel #HSK #HakimlerVeSavc\u0131larKurulu #BeykozAdliyesi #Necaattin\u00d6zt\u00fcrk #BeykozCumhuriyetBa\u015fsavc\u0131l\u0131\u011f\u0131 #Beykoz #Yarg\u0131 #\u0130stanbul #Adliye<\/strong><\/p>\n<p>H\u00e2kimler ve Savc\u0131lar Kurulu Birinci Daire \u00dcyesi Hakan Y\u00fcksel, Beykoz Adliyesi\u2019ni ziyaret ederek Beykoz Cumhuriyet Ba\u015fsavc\u0131s\u0131 Necaattin \u00d6zt\u00fcrk ile bir araya geldi. Adliyede g\u00f6rev yapan h\u00e2kim ve Cumhuriyet savc\u0131lar\u0131yla da g\u00f6r\u00fc\u015fen Y\u00fcksel, Ba\u015fsavc\u0131 \u00d6zt\u00fcrk\u2019ten adliyenin \u00e7al\u0131\u015fmalar\u0131 ve y\u00fcr\u00fct\u00fclen faaliyetler hakk\u0131nda bilgi ald\u0131.\u00a0<a href=\"https:\/\/www.son.tv\/hsk-uyesi-hakan-yukselden-beykoz-adliyesine-ziyaret-bassavci-ozturk-ve-yargi-mensuplariyla-gorustu\/\" target=\"_blank\" class=\"feedzy-rss-link-icon\">Read More<\/a><\/p>","protected":false},"excerpt":{"rendered":"<p>SON.TV\/\u0130STANBUL H\u00e2kimler ve Savc\u0131lar Kurulu Birinci Daire \u00dcyesi Hakan Y\u00fcksel\u2019in yarg\u0131 te\u015fkilat\u0131na y\u00f6nelik ziyaretlerinin son dura\u011f\u0131 Beykoz Adliyesi oldu. Beykoz Adliyesi\u2019ne gelen Y\u00fcksel, Cumhuriyet Ba\u015fsavc\u0131s\u0131 Necaattin \u00d6zt\u00fcrk\u00a0taraf\u0131ndan kar\u015f\u0131land\u0131. Y\u00fcksel, ziyaret kapsam\u0131nda adliyede g\u00f6rev yapan h\u00e2kim ve Cumhuriyet savc\u0131lar\u0131yla bir araya geldi. BA\u015eSAVCI \u00d6ZT\u00dcRK \u0130LE B\u0130R ARAYA GELD\u0130 HSK Birinci Daire \u00dcyesi Hakan Y\u00fcksel, Beykoz Cumhuriyet [&hellip;]<\/p>\n","protected":false},"author":1,"featured_media":42258,"comment_status":"open","ping_status":"open","sticky":false,"template":"","format":"standard","meta":{"footnotes":"","_links_to":"","_links_to_target":""},"categories":[1],"tags":[],"class_list":["post-42257","post","type-post","status-publish","format-standard","has-post-thumbnail","hentry","category-haberler"],"_links":{"self":[{"href":"https:\/\/www.abchukuk.com\/index.php\/wp-json\/wp\/v2\/posts\/42257","targetHints":{"allow":["GET"]}}],"collection":[{"href":"https:\/\/www.abchukuk.com\/index.php\/wp-json\/wp\/v2\/posts"}],"about":[{"href":"https:\/\/www.abchukuk.com\/index.php\/wp-json\/wp\/v2\/types\/post"}],"author":[{"embeddable":true,"href":"https:\/\/www.abchukuk.com\/index.php\/wp-json\/wp\/v2\/users\/1"}],"replies":[{"embeddable":true,"href":"https:\/\/www.abchukuk.com\/index.php\/wp-json\/wp\/v2\/comments?post=42257"}],"version-history":[{"count":0,"href":"https:\/\/www.abchukuk.com\/index.php\/wp-json\/wp\/v2\/posts\/42257\/revisions"}],"wp:featuredmedia":[{"embeddable":true,"href":"https:\/\/www.abchukuk.com\/index.php\/wp-json\/wp\/v2\/media\/42258"}],"wp:attachment":[{"href":"https:\/\/www.abchukuk.com\/index.php\/wp-json\/wp\/v2\/media?parent=42257"}],"wp:term":[{"taxonomy":"category","embeddable":true,"href":"https:\/\/www.abchukuk.com\/index.php\/wp-json\/wp\/v2\/categories?post=42257"},{"taxonomy":"post_tag","embeddable":true,"href":"https:\/\/www.abchukuk.com\/index.php\/wp-json\/wp\/v2\/tags?post=42257"}],"curies":[{"name":"wp","href":"https:\/\/api.w.org\/{rel}","templated":true}]}}