{"id":42255,"date":"2026-09-02T19:24:00","date_gmt":"2026-09-02T19:24:00","guid":{"rendered":"https:\/\/www.abchukuk.com\/index.php\/2026\/09\/02\/16-yasindaki-cocuk-uvey-babasini-agir-yaraladi-gozaltina-alindi\/"},"modified":"2026-09-02T19:24:00","modified_gmt":"2026-09-02T19:24:00","slug":"16-yasindaki-cocuk-uvey-babasini-agir-yaraladi-gozaltina-alindi","status":"publish","type":"post","link":"https:\/\/www.abchukuk.com\/index.php\/2026\/09\/02\/16-yasindaki-cocuk-uvey-babasini-agir-yaraladi-gozaltina-alindi\/","title":{"rendered":"16 ya\u015f\u0131ndaki \u00e7ocuk \u00fcvey babas\u0131n\u0131 a\u011f\u0131r yaralad\u0131: G\u00f6zalt\u0131na al\u0131nd\u0131"},"content":{"rendered":"<p>Kayseri&#8217;nin Melikgazi il\u00e7esinde bir ki\u015fi, tart\u0131\u015ft\u0131\u011f\u0131 \u00fcvey babas\u0131n\u0131 b\u0131\u00e7aklayarak a\u011f\u0131r yaralad\u0131. Olayla ilgili soru\u015fturma ba\u015flat\u0131ld\u0131.Kayseri&#8217;nin Melikgazi il\u00e7esinde bir ki\u015fi, tart\u0131\u015ft\u0131\u011f\u0131 \u00fcvey babas\u0131n\u0131 b\u0131\u00e7aklayarak a\u011f\u0131r yaralad\u0131. Olayla ilgili soru\u015fturma ba\u015flat\u0131ld\u0131.\u00a0<a href=\"https:\/\/www.cumhuriyet.com.tr\/turkiye\/16-yasindaki-cocuk-uvey-babasini-agir-yaraladi-gozaltina-alindi-2534428\" target=\"_blank\" class=\"feedzy-rss-link-icon\">Read More<\/a><\/p>","protected":false},"excerpt":{"rendered":"<p>Kayseri&#8217;nin Melikgazi il\u00e7esinde bir ki\u015fi, tart\u0131\u015ft\u0131\u011f\u0131 \u00fcvey babas\u0131n\u0131 b\u0131\u00e7aklayarak a\u011f\u0131r yaralad\u0131. Olayla ilgili soru\u015fturma ba\u015flat\u0131ld\u0131.Kayseri&#8217;nin Melikgazi il\u00e7esinde bir ki\u015fi, tart\u0131\u015ft\u0131\u011f\u0131 \u00fcvey babas\u0131n\u0131 b\u0131\u00e7aklayarak a\u011f\u0131r yaralad\u0131. Olayla ilgili soru\u015fturma ba\u015flat\u0131ld\u0131.\u00a0Read More<\/p>\n","protected":false},"author":1,"featured_media":42256,"comment_status":"open","ping_status":"open","sticky":false,"template":"","format":"standard","meta":{"footnotes":"","_links_to":"","_links_to_target":""},"categories":[1],"tags":[],"class_list":["post-42255","post","type-post","status-publish","format-standard","has-post-thumbnail","hentry","category-haberler"],"_links":{"self":[{"href":"https:\/\/www.abchukuk.com\/index.php\/wp-json\/wp\/v2\/posts\/42255","targetHints":{"allow":["GET"]}}],"collection":[{"href":"https:\/\/www.abchukuk.com\/index.php\/wp-json\/wp\/v2\/posts"}],"about":[{"href":"https:\/\/www.abchukuk.com\/index.php\/wp-json\/wp\/v2\/types\/post"}],"author":[{"embeddable":true,"href":"https:\/\/www.abchukuk.com\/index.php\/wp-json\/wp\/v2\/users\/1"}],"replies":[{"embeddable":true,"href":"https:\/\/www.abchukuk.com\/index.php\/wp-json\/wp\/v2\/comments?post=42255"}],"version-history":[{"count":0,"href":"https:\/\/www.abchukuk.com\/index.php\/wp-json\/wp\/v2\/posts\/42255\/revisions"}],"wp:featuredmedia":[{"embeddable":true,"href":"https:\/\/www.abchukuk.com\/index.php\/wp-json\/wp\/v2\/media\/42256"}],"wp:attachment":[{"href":"https:\/\/www.abchukuk.com\/index.php\/wp-json\/wp\/v2\/media?parent=42255"}],"wp:term":[{"taxonomy":"category","embeddable":true,"href":"https:\/\/www.abchukuk.com\/index.php\/wp-json\/wp\/v2\/categories?post=42255"},{"taxonomy":"post_tag","embeddable":true,"href":"https:\/\/www.abchukuk.com\/index.php\/wp-json\/wp\/v2\/tags?post=42255"}],"curies":[{"name":"wp","href":"https:\/\/api.w.org\/{rel}","templated":true}]}}