{"id":42253,"date":"2026-09-02T19:58:05","date_gmt":"2026-09-02T19:58:05","guid":{"rendered":"https:\/\/www.abchukuk.com\/index.php\/2026\/09\/02\/hsk-1-daire-baskani-turan-kuloglundan-yeni-adli-yil-mesaji-adaletin-hizli-ve-etkin-tecellisi-icin-calisiyoruz\/"},"modified":"2026-09-02T19:58:05","modified_gmt":"2026-09-02T19:58:05","slug":"hsk-1-daire-baskani-turan-kuloglundan-yeni-adli-yil-mesaji-adaletin-hizli-ve-etkin-tecellisi-icin-calisiyoruz","status":"publish","type":"post","link":"https:\/\/www.abchukuk.com\/index.php\/2026\/09\/02\/hsk-1-daire-baskani-turan-kuloglundan-yeni-adli-yil-mesaji-adaletin-hizli-ve-etkin-tecellisi-icin-calisiyoruz\/","title":{"rendered":"Hsk 1. Daire Ba\u015fkan\u0131 Turan Kulo\u011flu\u2019ndan yeni adli y\u0131l mesaj\u0131: Adaletin h\u0131zl\u0131 ve etkin tecellisi i\u00e7in \u00e7al\u0131\u015f\u0131yoruz"},"content":{"rendered":"<p>\u00a0<\/p>\n<p><strong>SON.TV\/\u0130STANBUL<\/strong><\/p>\n<p><strong>H\u00e2kimler ve Savc\u0131lar Kurulu (HSK) 1. Daire Ba\u015fkan\u0131 Turan Kulo\u011flu, 2026-2027 Adli Y\u0131l\u0131\u2019n\u0131n ba\u015flamas\u0131 dolay\u0131s\u0131yla \u0130stanbul Adalet Saray\u0131\u2019nda d\u00fczenlenen a\u00e7\u0131l\u0131\u015f t\u00f6renine kat\u0131ld\u0131.<\/strong><\/p>\n<p><strong>Adalet Bakan\u0131<\/strong> ve <strong>HSK Ba\u015fkan\u0131 Ak\u0131n G\u00fcrlek<\/strong>\u2019in kat\u0131l\u0131m\u0131yla ger\u00e7ekle\u015ftirilen t\u00f6rende yarg\u0131 te\u015fkilat\u0131n\u0131n \u00fcst d\u00fczey temsilcileri, h\u00e2kimler, Cumhuriyet savc\u0131lar\u0131 ve adalet personeli bir araya geldi.<\/p>\n<p><strong>\u0130STANBUL ADL\u0130YES\u0130\u2019NDE GEN\u0130\u015e KATILIMLI T\u00d6REN<\/strong><\/p>\n<p><strong>2026-2027 Adli Y\u0131l\u0131 A\u00e7\u0131l\u0131\u015f T\u00f6reni, \u0130stanbul Adalet Saray\u0131\u2019n\u0131n atrium alan\u0131nda ger\u00e7ekle\u015ftirildi.<\/strong><\/p>\n<p>\u0130stanbul Cumhuriyet Ba\u015fsavc\u0131s\u0131 Fatih D\u00f6nmez ve \u0130stanbul Adalet Komisyonu Ba\u015fkan\u0131 Ahmet \u00d6nder Kocademir\u2019in ev sahipli\u011findeki programa Adalet Bakan\u0131 ve HSK Ba\u015fkan\u0131 Ak\u0131n G\u00fcrlek\u2019in yan\u0131 s\u0131ra \u0130stanbul Valisi Davut G\u00fcl, HSK Ba\u015fkanvekili Fuzuli Aydo\u011fdu, HSK 1. Daire Ba\u015fkan\u0131 Turan Kulo\u011flu, HSK \u00fcyeleri Cengiz Aydemir, Prof. Dr. \u00c7etin Arslan, Ali\u015fan Tiryaki ve Hakan Y\u00fcksel ile Adalet Bakan yard\u0131mc\u0131lar\u0131 Can Tuncay ve Burak Ceyhan kat\u0131ld\u0131.<\/p>\n<p><strong>T\u00f6rende ayr\u0131ca \u0130stanbul\u2019daki adli ve idari yarg\u0131 temsilcileri, Cumhuriyet ba\u015fsavc\u0131lar\u0131, adalet komisyonu ba\u015fkanlar\u0131, Cumhuriyet ba\u015fsavc\u0131 vekilleri, h\u00e2kimler, savc\u0131lar, avukatlar ve adliye personeli yer ald\u0131.<\/strong><\/p>\n<p><img fetchpriority=\"high\" decoding=\"async\" class=\"alignnone size-medium wp-image-197467\" src=\"https:\/\/www.son.tv\/wp-content\/uploads\/2026\/09\/IMG_8400-225x300.png\" alt=\"\" width=\"225\" height=\"300\" \/><\/p>\n<p><strong>KULO\u011eLU\u2019NDAN YARGI H\u0130ZMETLER\u0130 VURGUSU<\/strong><\/p>\n<p><strong>HSK 1. Daire Ba\u015fkan\u0131 Turan Kulo\u011flu,<\/strong> t\u00f6renin ard\u0131ndan yapt\u0131\u011f\u0131 de\u011ferlendirmede yeni adli y\u0131lda yarg\u0131 hizmetlerinin daha h\u0131zl\u0131 ve etkin y\u00fcr\u00fct\u00fclmesine y\u00f6nelik hedeflere dikkat \u00e7ekti.<\/p>\n<p><strong>Kulo\u011flu, \u0130stanbul Adliyesi\u2019<\/strong>nde ger\u00e7ekle\u015ftirilen t\u00f6rende yarg\u0131 te\u015fkilat\u0131n\u0131n temsilcileri, h\u00e2kim ve savc\u0131lar ile adalet personelinin bir araya geldi\u011fini belirterek, yarg\u0131n\u0131n i\u015fleyi\u015fine ili\u015fkin temel hedeflerin de\u011ferlendirildi\u011fini ifade etti.<\/p>\n<p><img decoding=\"async\" class=\"alignnone size-medium wp-image-197468\" src=\"https:\/\/www.son.tv\/wp-content\/uploads\/2026\/09\/IMG_8402-300x216.png\" alt=\"\" width=\"300\" height=\"216\" \/><\/p>\n<p>\u201c<strong>ADALETE ER\u0130\u015e\u0130M\u0130N G\u00dc\u00c7LEND\u0130R\u0130LMES\u0130\u201d HEDEF\u0130<\/strong><\/p>\n<p><strong>Kulo\u011flu<\/strong>, yeni d\u00f6nemde yarg\u0131 hizmetlerinin etkinli\u011finin art\u0131r\u0131lmas\u0131n\u0131n yan\u0131 s\u0131ra vatanda\u015flar\u0131n adalete eri\u015fiminin g\u00fc\u00e7lendirilmesinin de \u00f6ncelikli ba\u015fl\u0131klar aras\u0131nda bulundu\u011funu belirtti.<\/p>\n<p><strong>HSK 1. Daire Ba\u015fkan\u0131 Kulo\u011flu<\/strong>, yarg\u0131 hizmetlerinde h\u0131z, etkinlik ve verimlilik konular\u0131n\u0131n yeni adli y\u0131l\u0131n temel \u00e7al\u0131\u015fma alanlar\u0131 aras\u0131nda yer ald\u0131\u011f\u0131n\u0131 kaydetti.<\/p>\n<p><img decoding=\"async\" class=\"alignnone size-medium wp-image-197469\" src=\"https:\/\/www.son.tv\/wp-content\/uploads\/2026\/09\/IMG_8401-300x225.png\" alt=\"\" width=\"300\" height=\"225\" \/><\/p>\n<p><strong>\u201c\u00c7ALI\u015eMALARIMIZI KARARLILIKLA S\u00dcRD\u00dcR\u00dcYORUZ\u201d<\/strong><\/p>\n<p>Yeni adli y\u0131l\u0131n yarg\u0131 camias\u0131, <strong>T\u00fcrkiye<\/strong> ve millet i\u00e7in hay\u0131rl\u0131 olmas\u0131 temennisinde bulunan <strong>Turan Kulo\u011flu<\/strong>, \u015fu ifadeleri kulland\u0131:<\/p>\n<p><strong>\u201cAdaletin h\u0131zl\u0131, etkin ve eri\u015filebilir \u015fekilde tecellisi i\u00e7in \u00e7al\u0131\u015fmalar\u0131m\u0131z\u0131 kararl\u0131l\u0131kla s\u00fcrd\u00fcr\u00fcyoruz.\u201d<\/strong><\/p>\n<p><strong>Kulo\u011flu<\/strong>\u2019nun a\u00e7\u0131klamas\u0131nda, yarg\u0131 hizmetlerinin vatanda\u015f odakl\u0131, h\u0131zl\u0131 ve etkin bir \u015fekilde y\u00fcr\u00fct\u00fclmesine y\u00f6nelik \u00e7al\u0131\u015fmalar\u0131n yeni adli y\u0131lda da devam edece\u011fi vurguland\u0131.<\/p>\n<p><img loading=\"lazy\" decoding=\"async\" loading=\"lazy\" class=\"alignnone size-medium wp-image-197470\" src=\"https:\/\/www.son.tv\/wp-content\/uploads\/2026\/09\/IMG_8399-300x200.jpeg\" alt=\"\" width=\"300\" height=\"200\" \/><\/p>\n<p><strong>ET\u0130KETLER: #TuranKulo\u011flu #HSK #HSK1Daire #Ak\u0131nG\u00fcrlek #AdaletBakanl\u0131\u011f\u0131 #\u0130stanbulAdliyesi #YeniAdliY\u0131l #Yarg\u0131 #Hakim #Savc\u0131 #Adalet #SonTV<\/strong><\/p>\n<p>HSK 1. Daire Ba\u015fkan\u0131 Turan Kulo\u011flu, \u0130stanbul Adliyesi\u2019nde d\u00fczenlenen 2026-2027 Adli Y\u0131l\u0131 A\u00e7\u0131l\u0131\u015f T\u00f6reni\u2019nin ard\u0131ndan yarg\u0131 hizmetlerine ili\u015fkin \u00f6nemli mesajlar verdi. Kulo\u011flu, yarg\u0131 hizmetlerinin daha h\u0131zl\u0131 ve etkin y\u00fcr\u00fct\u00fclmesi, verimlili\u011fin art\u0131r\u0131lmas\u0131 ve vatanda\u015flar\u0131n adalete eri\u015fiminin g\u00fc\u00e7lendirilmesine y\u00f6nelik \u00e7al\u0131\u015fmalar\u0131n kararl\u0131l\u0131kla s\u00fcrd\u00fcr\u00fcld\u00fc\u011f\u00fcn\u00fc vurgulad\u0131.\u00a0<a href=\"https:\/\/www.son.tv\/hsk-1-daire-baskani-turan-kuloglundan-yeni-adli-yil-mesaji-adaletin-hizli-ve-etkin-tecellisi-icin-calisiyoruz\/\" target=\"_blank\" class=\"feedzy-rss-link-icon\">Read More<\/a><\/p>","protected":false},"excerpt":{"rendered":"<p>\u00a0 SON.TV\/\u0130STANBUL H\u00e2kimler ve Savc\u0131lar Kurulu (HSK) 1. Daire Ba\u015fkan\u0131 Turan Kulo\u011flu, 2026-2027 Adli Y\u0131l\u0131\u2019n\u0131n ba\u015flamas\u0131 dolay\u0131s\u0131yla \u0130stanbul Adalet Saray\u0131\u2019nda d\u00fczenlenen a\u00e7\u0131l\u0131\u015f t\u00f6renine kat\u0131ld\u0131. Adalet Bakan\u0131 ve HSK Ba\u015fkan\u0131 Ak\u0131n G\u00fcrlek\u2019in kat\u0131l\u0131m\u0131yla ger\u00e7ekle\u015ftirilen t\u00f6rende yarg\u0131 te\u015fkilat\u0131n\u0131n \u00fcst d\u00fczey temsilcileri, h\u00e2kimler, Cumhuriyet savc\u0131lar\u0131 ve adalet personeli bir araya geldi. \u0130STANBUL ADL\u0130YES\u0130\u2019NDE GEN\u0130\u015e KATILIMLI T\u00d6REN 2026-2027 Adli [&hellip;]<\/p>\n","protected":false},"author":1,"featured_media":42254,"comment_status":"open","ping_status":"open","sticky":false,"template":"","format":"standard","meta":{"footnotes":"","_links_to":"","_links_to_target":""},"categories":[1],"tags":[],"class_list":["post-42253","post","type-post","status-publish","format-standard","has-post-thumbnail","hentry","category-haberler"],"_links":{"self":[{"href":"https:\/\/www.abchukuk.com\/index.php\/wp-json\/wp\/v2\/posts\/42253","targetHints":{"allow":["GET"]}}],"collection":[{"href":"https:\/\/www.abchukuk.com\/index.php\/wp-json\/wp\/v2\/posts"}],"about":[{"href":"https:\/\/www.abchukuk.com\/index.php\/wp-json\/wp\/v2\/types\/post"}],"author":[{"embeddable":true,"href":"https:\/\/www.abchukuk.com\/index.php\/wp-json\/wp\/v2\/users\/1"}],"replies":[{"embeddable":true,"href":"https:\/\/www.abchukuk.com\/index.php\/wp-json\/wp\/v2\/comments?post=42253"}],"version-history":[{"count":0,"href":"https:\/\/www.abchukuk.com\/index.php\/wp-json\/wp\/v2\/posts\/42253\/revisions"}],"wp:featuredmedia":[{"embeddable":true,"href":"https:\/\/www.abchukuk.com\/index.php\/wp-json\/wp\/v2\/media\/42254"}],"wp:attachment":[{"href":"https:\/\/www.abchukuk.com\/index.php\/wp-json\/wp\/v2\/media?parent=42253"}],"wp:term":[{"taxonomy":"category","embeddable":true,"href":"https:\/\/www.abchukuk.com\/index.php\/wp-json\/wp\/v2\/categories?post=42253"},{"taxonomy":"post_tag","embeddable":true,"href":"https:\/\/www.abchukuk.com\/index.php\/wp-json\/wp\/v2\/tags?post=42253"}],"curies":[{"name":"wp","href":"https:\/\/api.w.org\/{rel}","templated":true}]}}