{"id":42252,"date":"2026-09-02T17:22:37","date_gmt":"2026-09-02T17:22:37","guid":{"rendered":"https:\/\/www.abchukuk.com\/index.php\/2026\/09\/02\/sosyal-medyada-tehdit-icerikli-paylasim-yapan-15-yasindaki-supheli-gozaltina-alindi\/"},"modified":"2026-09-02T17:22:37","modified_gmt":"2026-09-02T17:22:37","slug":"sosyal-medyada-tehdit-icerikli-paylasim-yapan-15-yasindaki-supheli-gozaltina-alindi","status":"publish","type":"post","link":"https:\/\/www.abchukuk.com\/index.php\/2026\/09\/02\/sosyal-medyada-tehdit-icerikli-paylasim-yapan-15-yasindaki-supheli-gozaltina-alindi\/","title":{"rendered":"Sosyal medyada tehdit i\u00e7erikli payla\u015f\u0131m yapan  15 ya\u015f\u0131ndaki \u015f\u00fcpheli g\u00f6zalt\u0131na al\u0131nd\u0131"},"content":{"rendered":"<p>\u0130stanbul&#8217;da Siber Su\u00e7larla M\u00fccadele \u015eube M\u00fcd\u00fcrl\u00fc\u011f\u00fc destekli y\u00fcr\u00fct\u00fclen \u00e7al\u0131\u015fmada sosyal medya \u00fczerinden tehdit i\u00e7erikli payla\u015f\u0131m yapt\u0131\u011f\u0131 belirlenen 15 ya\u015f\u0131ndaki \u015f\u00fcpheli g\u00f6zalt\u0131na al\u0131nd\u0131.\u0130stanbul&#8217;da Siber Su\u00e7larla M\u00fccadele \u015eube M\u00fcd\u00fcrl\u00fc\u011f\u00fc destekli y\u00fcr\u00fct\u00fclen \u00e7al\u0131\u015fmada sosyal medya \u00fczerinden tehdit i\u00e7erikli payla\u015f\u0131m yapt\u0131\u011f\u0131 belirlenen 15 ya\u015f\u0131ndaki \u015f\u00fcpheli g\u00f6zalt\u0131na al\u0131nd\u0131.\u00a0<a href=\"https:\/\/anlatilaninotesi.com.tr\/20260902\/sosyal-medyada-tehdit-icerikli-paylasim-yapan--15-yasindaki-supheli-gozaltina-alindi-1108444173.html\" target=\"_blank\" class=\"feedzy-rss-link-icon\">Read More<\/a><\/p>","protected":false},"excerpt":{"rendered":"<p>\u0130stanbul&#8217;da Siber Su\u00e7larla M\u00fccadele \u015eube M\u00fcd\u00fcrl\u00fc\u011f\u00fc destekli y\u00fcr\u00fct\u00fclen \u00e7al\u0131\u015fmada sosyal medya \u00fczerinden tehdit i\u00e7erikli payla\u015f\u0131m yapt\u0131\u011f\u0131 belirlenen 15 ya\u015f\u0131ndaki \u015f\u00fcpheli g\u00f6zalt\u0131na al\u0131nd\u0131.\u0130stanbul&#8217;da Siber Su\u00e7larla M\u00fccadele \u015eube M\u00fcd\u00fcrl\u00fc\u011f\u00fc destekli y\u00fcr\u00fct\u00fclen \u00e7al\u0131\u015fmada sosyal medya \u00fczerinden tehdit i\u00e7erikli payla\u015f\u0131m yapt\u0131\u011f\u0131 belirlenen 15 ya\u015f\u0131ndaki \u015f\u00fcpheli g\u00f6zalt\u0131na al\u0131nd\u0131.\u00a0Read More<\/p>\n","protected":false},"author":1,"featured_media":0,"comment_status":"open","ping_status":"open","sticky":false,"template":"","format":"standard","meta":{"footnotes":"","_links_to":"","_links_to_target":""},"categories":[1],"tags":[],"class_list":["post-42252","post","type-post","status-publish","format-standard","hentry","category-haberler"],"_links":{"self":[{"href":"https:\/\/www.abchukuk.com\/index.php\/wp-json\/wp\/v2\/posts\/42252","targetHints":{"allow":["GET"]}}],"collection":[{"href":"https:\/\/www.abchukuk.com\/index.php\/wp-json\/wp\/v2\/posts"}],"about":[{"href":"https:\/\/www.abchukuk.com\/index.php\/wp-json\/wp\/v2\/types\/post"}],"author":[{"embeddable":true,"href":"https:\/\/www.abchukuk.com\/index.php\/wp-json\/wp\/v2\/users\/1"}],"replies":[{"embeddable":true,"href":"https:\/\/www.abchukuk.com\/index.php\/wp-json\/wp\/v2\/comments?post=42252"}],"version-history":[{"count":0,"href":"https:\/\/www.abchukuk.com\/index.php\/wp-json\/wp\/v2\/posts\/42252\/revisions"}],"wp:attachment":[{"href":"https:\/\/www.abchukuk.com\/index.php\/wp-json\/wp\/v2\/media?parent=42252"}],"wp:term":[{"taxonomy":"category","embeddable":true,"href":"https:\/\/www.abchukuk.com\/index.php\/wp-json\/wp\/v2\/categories?post=42252"},{"taxonomy":"post_tag","embeddable":true,"href":"https:\/\/www.abchukuk.com\/index.php\/wp-json\/wp\/v2\/tags?post=42252"}],"curies":[{"name":"wp","href":"https:\/\/api.w.org\/{rel}","templated":true}]}}