{"id":42244,"date":"2026-09-02T15:56:57","date_gmt":"2026-09-02T15:56:57","guid":{"rendered":"https:\/\/www.abchukuk.com\/index.php\/2026\/09\/02\/bassavci-fatih-donmez-yeni-adli-yilda-meslektaslarina-seslendi-suc-orgutlerinin-ekonomik-damarlari-hedefte\/"},"modified":"2026-09-02T15:56:57","modified_gmt":"2026-09-02T15:56:57","slug":"bassavci-fatih-donmez-yeni-adli-yilda-meslektaslarina-seslendi-suc-orgutlerinin-ekonomik-damarlari-hedefte","status":"publish","type":"post","link":"https:\/\/www.abchukuk.com\/index.php\/2026\/09\/02\/bassavci-fatih-donmez-yeni-adli-yilda-meslektaslarina-seslendi-suc-orgutlerinin-ekonomik-damarlari-hedefte\/","title":{"rendered":"Ba\u015fsavc\u0131 Fatih D\u00f6nmez yeni adli y\u0131lda meslekta\u015flar\u0131na seslendi.Su\u00e7 \u00f6rg\u00fctlerinin ekonomik damarlar\u0131 hedefte!"},"content":{"rendered":"<p>\u00a0<\/p>\n<p><strong>SON.TV\/\u0130STANBUL<\/strong><\/p>\n<p><strong>2026-2027 Adli Y\u0131l\u0131<\/strong> dolay\u0131s\u0131yla <strong>\u0130stanbul Adliyesi \u015eehit Cumhuriyet Savc\u0131s\u0131 Mehmet Selim Kiraz Yerle\u015fkesi\u2019<\/strong>nde d\u00fczenlenen t\u00f6rende konu\u015fan <strong>\u0130stanbul Cumhuriyet Ba\u015fsavc\u0131s\u0131 Fatih D\u00f6nmez<\/strong>, yeni adli y\u0131lda yarg\u0131n\u0131n \u00f6nceliklerine ili\u015fkin \u00f6nemli mesajlar verdi.<\/p>\n<p><strong>\u201cADALET, HUKUK DEVLET\u0130N\u0130N TEMEL\u0130D\u0130R\u201d<\/strong><\/p>\n<p>Adaletin vatanda\u015f ile devlet aras\u0131ndaki g\u00fcven ili\u015fkisinin temelinde bulundu\u011funu vurgulayan <strong>D\u00f6nmez, \u201cAdalet, devletin vatanda\u015f\u0131na sundu\u011fu hizmetlerden yaln\u0131zca biri de\u011fildir. Adalet, hukuk devletinin temelidir; vatanda\u015f\u0131n devletine duydu\u011fu g\u00fcvenin en g\u00fc\u00e7l\u00fc teminat\u0131d\u0131r. Bu nedenle bizler, adliye kap\u0131s\u0131ndan i\u00e7eri giren her vatanda\u015f\u0131m\u0131z\u0131n yaln\u0131zca bir dosyan\u0131n taraf\u0131 olmad\u0131\u011f\u0131n\u0131; arkas\u0131nda bir hayat, bir aile ve bir adalet beklentisi bulundu\u011funu bilerek g\u00f6rev yapmak zorunday\u0131z.\u201d<\/strong> dedi.<\/p>\n<p><strong>\u201cSU\u00c7UN HER T\u00dcR\u00dcYLE KARARLI M\u00dcCADELEM\u0130Z\u0130 S\u00dcRD\u00dcRECE\u011e\u0130Z\u201d<\/strong><\/p>\n<p><strong>\u0130stanbul Cumhuriyet Ba\u015fsavc\u0131l\u0131\u011f\u0131<\/strong>\u2019n\u0131n yeni adli y\u0131ldaki \u00f6nceliklerini a\u00e7\u0131klayan <strong>D\u00f6nmez<\/strong>, su\u00e7la m\u00fccadele konusunda kararl\u0131l\u0131k mesaj\u0131 verdi. <strong>Ba\u015fsavc\u0131, \u201c\u0130stanbul Cumhuriyet Ba\u015fsavc\u0131l\u0131\u011f\u0131 olarak yeni adli y\u0131lda; ter\u00f6r ve organize su\u00e7lardan uyu\u015fturucu ve yasa d\u0131\u015f\u0131 bahis su\u00e7lar\u0131na, bili\u015fim su\u00e7lar\u0131ndan su\u00e7 gelirlerinin aklanmas\u0131na kadar su\u00e7un her t\u00fcr\u00fcyle etkin, kararl\u0131 ve hukuk i\u00e7erisinde m\u00fccadelemizi s\u00fcrd\u00fcrece\u011fiz.\u201d<\/strong> dedi.<\/p>\n<p><strong>FET\u00d6\u2019N\u00dcN G\u00dcNCEL YAPILANMASINA D\u0130KKAT \u00c7EKT\u0130<\/strong><\/p>\n<p>Ter\u00f6rle m\u00fccadeleye ayr\u0131 bir parantez a\u00e7an <strong>Ba\u015fsavc\u0131 D\u00f6nmez, \u201c\u00d6zellikle FET\u00d6\/PDY\u2019nin g\u00fcncel yap\u0131lanmas\u0131na, \u00f6rg\u00fctsel faaliyetlerini devam ettirmeye y\u00f6nelik giri\u015fimlerine, yeni kadrola\u015fma ve finansman y\u00f6ntemlerine ili\u015fkin iddialar titizlikle ara\u015ft\u0131r\u0131lacak; elde edilen deliller do\u011frultusunda gerekli soru\u015fturmalar, hukukun \u00fcst\u00fcnl\u00fc\u011f\u00fc ve usul g\u00fcvenceleri g\u00f6zetilerek y\u00fcr\u00fct\u00fclecektir.\u201d<\/strong> ifadelerini kulland\u0131.<\/p>\n<p><strong>\u201cSU\u00c7 \u00d6RG\u00dcTLER\u0130N\u0130N EKONOM\u0130K DAMARLARINI HEDEF ALACA\u011eIZ\u201d<\/strong><\/p>\n<p>Yeni nesil su\u00e7 \u00f6rg\u00fctleriyle m\u00fccadelede finansal boyutun \u00f6ne \u00e7\u0131kaca\u011f\u0131n\u0131 belirten <strong>D\u00f6nmez, \u201c\u00d6zellikle yeni nesil su\u00e7 \u00f6rg\u00fctlerine kar\u015f\u0131 m\u00fccadelemizi daha da kararl\u0131 h\u00e2le getirece\u011fiz. Bu yap\u0131lar\u0131n yaln\u0131zca sokaktaki faaliyetlerine de\u011fil; ekonomik yap\u0131lanmalar\u0131na, finansal kaynaklar\u0131na, su\u00e7tan elde ettikleri gelirlere ve bu gelirleri aklama y\u00f6ntemlerine de odaklanaca\u011f\u0131z. Su\u00e7 \u00f6rg\u00fctlerinin ekonomik damarlar\u0131n\u0131 hedef alan soru\u015fturmalarla, mal varl\u0131klar\u0131na ve finansal a\u011flar\u0131na y\u00f6nelik tedbirlerle bu yap\u0131lara a\u011f\u0131r darbeler vuracak; onlar\u0131 hukuk i\u00e7inde etkisizle\u015ftirerek ve sindirerek m\u00fccadelemizi s\u00fcrd\u00fcrece\u011fiz.\u201d<\/strong> dedi.<\/p>\n<p><img loading=\"lazy\" decoding=\"async\" loading=\"lazy\" class=\"alignnone size-medium wp-image-197312\" src=\"https:\/\/www.son.tv\/wp-content\/uploads\/2026\/09\/7eea853a-2c94-4419-9049-9625ba0e6be9-300x225.jpeg\" alt=\"\" width=\"300\" height=\"225\" \/><\/p>\n<p><strong>\u201cYALNIZCA SOKAKTA DE\u011e\u0130LLER\u201d<\/strong><\/p>\n<p>Su\u00e7 \u00f6rg\u00fctlerinin de\u011fi\u015fen yap\u0131s\u0131na da dikkat \u00e7eken <strong>D\u00f6nmez<\/strong> konu\u015fmas\u0131na bu s\u00f6zlerle devam etti:<strong> \u201cBug\u00fcn\u00fcn su\u00e7 \u00f6rg\u00fctleri yaln\u0131zca sokakta de\u011fil; dijital d\u00fcnyada, finans sistemlerinde ve uluslararas\u0131 ba\u011flant\u0131lar i\u00e7erisinde faaliyet g\u00f6sterebilmektedir. Bu \u00f6rg\u00fctler, farkl\u0131 su\u00e7 alanlar\u0131n\u0131 bir arada kullanabilen, ekonomik g\u00fcc\u00fcn\u00fc ve teknolojik imk\u00e2nlar\u0131n\u0131 su\u00e7 faaliyetlerinin devaml\u0131l\u0131\u011f\u0131 i\u00e7in seferber eden yeni ve karma\u015f\u0131k yap\u0131lar h\u00e2line gelmi\u015ftir. Su\u00e7 \u00f6rg\u00fctlerinin ekonomik g\u00fc\u00e7 elde etmesine, bu g\u00fcc\u00fc korumas\u0131na ve me\u015fru alanlara ta\u015f\u0131mas\u0131na kesinlikle izin vermeyece\u011fiz\u201d<\/strong> dedi.<\/p>\n<p><strong>\u201cHUKUKA BA\u011eLILI\u011eIMIZDAN ASLA TAV\u0130Z VERMEYECE\u011e\u0130Z\u201d<\/strong><\/p>\n<p><strong>D\u00f6nmez, \u201cSu\u00e7la m\u00fccadeledeki kararl\u0131l\u0131\u011f\u0131m\u0131zdan taviz vermeyece\u011fimiz gibi, hukuka ba\u011fl\u0131l\u0131\u011f\u0131m\u0131zdan da asla taviz vermeyece\u011fiz. \u00c7\u00fcnk\u00fc hukuk devleti, yaln\u0131zca su\u00e7lunun cezaland\u0131r\u0131lmas\u0131n\u0131 de\u011fil; devletin su\u00e7la m\u00fccadele ederken dahi hukukun i\u00e7erisinde kalmas\u0131n\u0131 gerektirir.\u201d<\/strong> \u015feklinde konu\u015ftur.<\/p>\n<p><strong>\u201cHIZLI AMA EKS\u0130KS\u0130Z, ETK\u0130N AMA HAKKAN\u0130YETL\u0130\u201d<\/strong><\/p>\n<p>Yeni adli y\u0131l\u0131n temel hedeflerinden birinin \u201c<strong>Gecikmeyen<\/strong> <strong>adalet\u201d<\/strong> oldu\u011funu belirten <strong>D\u00f6nmez<\/strong>, <strong>\u201cElbette h\u0131zl\u0131 adalet, aceleci adalet de\u011fildir. Bizim hedefimiz; h\u0131zl\u0131 ama eksiksiz, etkin ama hakkaniyetli, kararl\u0131 ama hukuka ba\u011fl\u0131 bir adalet anlay\u0131\u015f\u0131d\u0131r. Adalet, devletin vatanda\u015fa verdi\u011fi en b\u00fcy\u00fck g\u00fcvencedir. Bizim g\u00f6revimiz ise bu g\u00fcvenceyi her g\u00fcn, her dosyada ve herkes i\u00e7in yeniden tesis etmektir\u201d<\/strong> s\u00f6zleriyle tamamlad\u0131.<\/p>\n<p><strong>ET\u0130KETLER: #FatihD\u00f6nmez #\u0130stanbulCumhuriyetBa\u015fsavc\u0131l\u0131\u011f\u0131 #\u0130stanbulAdliyesi #AdliY\u0131l #20262027AdliY\u0131l\u0131 #Su\u00e7\u00d6rg\u00fctleri #OrganizeSu\u00e7lar #FET\u00d6 #Uyu\u015fturucu #YasaD\u0131\u015f\u0131Bahis #Bili\u015fimSu\u00e7lar\u0131 #Su\u00e7Gelirleri #KaraPara #Adalet #Yarg\u0131 #SonTV<\/strong><\/p>\n<p>\u0130stanbul Cumhuriyet Ba\u015fsavc\u0131s\u0131 Fatih D\u00f6nmez, 2026-2027 Adli Y\u0131l A\u00e7\u0131l\u0131\u015f T\u00f6reni\u2019nde meslekta\u015flar\u0131na seslendi. Yeni d\u00f6nemde ter\u00f6rden organize su\u00e7lara, uyu\u015fturucudan yasa d\u0131\u015f\u0131 bahse, bili\u015fim su\u00e7lar\u0131ndan su\u00e7 gelirlerinin aklanmas\u0131na kadar su\u00e7un her t\u00fcr\u00fcyle m\u00fccadelenin kararl\u0131l\u0131kla s\u00fcrece\u011fini vurgulayan D\u00f6nmez, \u00f6zellikle yeni nesil su\u00e7 \u00f6rg\u00fctlerinin finansal kaynaklar\u0131n\u0131n ve ekonomik yap\u0131lanmalar\u0131n\u0131n mercek alt\u0131na al\u0131naca\u011f\u0131n\u0131 s\u00f6yledi. D\u00f6nmez, \u201cSu\u00e7la m\u00fccadeledeki kararl\u0131l\u0131\u011f\u0131m\u0131zdan taviz vermeyece\u011fimiz gibi, hukuka ba\u011fl\u0131l\u0131\u011f\u0131m\u0131zdan da asla taviz vermeyece\u011fiz\u201d dedi.\u00a0<a href=\"https:\/\/www.son.tv\/bassavci-fatih-donmez-yeni-adli-yilda-meslektaslarina-seslendi-suc-orgutlerinin-ekonomik-damarlari-hedefte\/\" target=\"_blank\" class=\"feedzy-rss-link-icon\">Read More<\/a><\/p>","protected":false},"excerpt":{"rendered":"<p>\u00a0 SON.TV\/\u0130STANBUL 2026-2027 Adli Y\u0131l\u0131 dolay\u0131s\u0131yla \u0130stanbul Adliyesi \u015eehit Cumhuriyet Savc\u0131s\u0131 Mehmet Selim Kiraz Yerle\u015fkesi\u2019nde d\u00fczenlenen t\u00f6rende konu\u015fan \u0130stanbul Cumhuriyet Ba\u015fsavc\u0131s\u0131 Fatih D\u00f6nmez, yeni adli y\u0131lda yarg\u0131n\u0131n \u00f6nceliklerine ili\u015fkin \u00f6nemli mesajlar verdi. \u201cADALET, HUKUK DEVLET\u0130N\u0130N TEMEL\u0130D\u0130R\u201d Adaletin vatanda\u015f ile devlet aras\u0131ndaki g\u00fcven ili\u015fkisinin temelinde bulundu\u011funu vurgulayan D\u00f6nmez, \u201cAdalet, devletin vatanda\u015f\u0131na sundu\u011fu hizmetlerden yaln\u0131zca biri de\u011fildir. [&hellip;]<\/p>\n","protected":false},"author":1,"featured_media":42245,"comment_status":"open","ping_status":"open","sticky":false,"template":"","format":"standard","meta":{"footnotes":"","_links_to":"","_links_to_target":""},"categories":[1],"tags":[],"class_list":["post-42244","post","type-post","status-publish","format-standard","has-post-thumbnail","hentry","category-haberler"],"_links":{"self":[{"href":"https:\/\/www.abchukuk.com\/index.php\/wp-json\/wp\/v2\/posts\/42244","targetHints":{"allow":["GET"]}}],"collection":[{"href":"https:\/\/www.abchukuk.com\/index.php\/wp-json\/wp\/v2\/posts"}],"about":[{"href":"https:\/\/www.abchukuk.com\/index.php\/wp-json\/wp\/v2\/types\/post"}],"author":[{"embeddable":true,"href":"https:\/\/www.abchukuk.com\/index.php\/wp-json\/wp\/v2\/users\/1"}],"replies":[{"embeddable":true,"href":"https:\/\/www.abchukuk.com\/index.php\/wp-json\/wp\/v2\/comments?post=42244"}],"version-history":[{"count":0,"href":"https:\/\/www.abchukuk.com\/index.php\/wp-json\/wp\/v2\/posts\/42244\/revisions"}],"wp:featuredmedia":[{"embeddable":true,"href":"https:\/\/www.abchukuk.com\/index.php\/wp-json\/wp\/v2\/media\/42245"}],"wp:attachment":[{"href":"https:\/\/www.abchukuk.com\/index.php\/wp-json\/wp\/v2\/media?parent=42244"}],"wp:term":[{"taxonomy":"category","embeddable":true,"href":"https:\/\/www.abchukuk.com\/index.php\/wp-json\/wp\/v2\/categories?post=42244"},{"taxonomy":"post_tag","embeddable":true,"href":"https:\/\/www.abchukuk.com\/index.php\/wp-json\/wp\/v2\/tags?post=42244"}],"curies":[{"name":"wp","href":"https:\/\/api.w.org\/{rel}","templated":true}]}}