{"id":42242,"date":"2026-09-02T16:33:45","date_gmt":"2026-09-02T16:33:45","guid":{"rendered":"https:\/\/www.abchukuk.com\/index.php\/2026\/09\/02\/hsk-baskanvekili-fuzuli-aydogdudan-buyukcekmece-bassavcisi-omer-karakayaya-ziyaret\/"},"modified":"2026-09-02T16:33:45","modified_gmt":"2026-09-02T16:33:45","slug":"hsk-baskanvekili-fuzuli-aydogdudan-buyukcekmece-bassavcisi-omer-karakayaya-ziyaret","status":"publish","type":"post","link":"https:\/\/www.abchukuk.com\/index.php\/2026\/09\/02\/hsk-baskanvekili-fuzuli-aydogdudan-buyukcekmece-bassavcisi-omer-karakayaya-ziyaret\/","title":{"rendered":"HSK Ba\u015fkanvekili Fuzuli Aydo\u011fdu\u2019dan B\u00fcy\u00fck\u00e7ekmece Ba\u015fsavc\u0131s\u0131 \u00d6mer Karakaya\u2019ya ziyaret"},"content":{"rendered":"<p><strong>SON.TV\/\u0130STANBUL<\/strong><\/p>\n<p><strong>HSK Ba\u015fkanvekili ve \u0130kinci Daire Ba\u015fkan\u0131 Fuzuli Aydo\u011fdu, B\u00fcy\u00fck\u00e7ekmece Adliyesi\u2019ni ziyaret ederek Cumhuriyet Ba\u015fsavc\u0131s\u0131 \u00d6mer Karakaya ile bir araya geldi.<\/strong><\/p>\n<p><strong>2026 y\u0131l\u0131 HSK Yaz Kararnamesi<\/strong> kapsam\u0131nda <strong>K\u00fc\u00e7\u00fck\u00e7ekmece Cumhuriyet Ba\u015fsavc\u0131 Vekilli\u011fi<\/strong> g\u00f6revinden <strong>B\u00fcy\u00fck\u00e7ekmece Cumhuriyet Ba\u015fsavc\u0131l\u0131\u011f\u0131na atanan Karakaya<\/strong>\u2019ya hay\u0131rl\u0131 olsun dileklerini ileten <strong>Aydo\u011fdu<\/strong>, yeni adli y\u0131l dolay\u0131s\u0131yla da ba\u015far\u0131 temennisinde bulundu.<\/p>\n<p><img fetchpriority=\"high\" decoding=\"async\" class=\"alignnone size-medium wp-image-197318\" src=\"https:\/\/www.son.tv\/wp-content\/uploads\/2026\/09\/7f40e363-f3a6-4294-a5e5-fd66322d8122-225x300.jpeg\" alt=\"\" width=\"225\" height=\"300\" \/><\/p>\n<p><strong>AYDO\u011eDU\u2019DAN KARAKAYA\u2019YA HAYIRLI OLSUN Z\u0130YARET\u0130<\/strong><\/p>\n<p><strong>HSK Ba\u015fkanvekili ve \u0130kinci Daire Ba\u015fkan\u0131 Fuzuli Aydo\u011fdu, yeni g\u00f6revi dolay\u0131s\u0131yla B\u00fcy\u00fck\u00e7ekmece Cumhuriyet Ba\u015fsavc\u0131s\u0131 \u00d6mer Karakaya\u2019y\u0131 makam\u0131nda ziyaret etti.<\/strong><\/p>\n<p>Samimi bir ortamda ger\u00e7ekle\u015fen ziyarette <strong>Aydo\u011fdu<\/strong> ile <strong>Karakaya<\/strong> bir s\u00fcre g\u00f6r\u00fc\u015ft\u00fc.<\/p>\n<p><strong>Ba\u015fsavc\u0131 Karakaya, ziyaretinden dolay\u0131 HSK Ba\u015fkanvekili Aydo\u011fdu\u2019ya te\u015fekk\u00fcr etti.<\/strong><\/p>\n<p><img decoding=\"async\" class=\"alignnone size-medium wp-image-197319\" src=\"https:\/\/www.son.tv\/wp-content\/uploads\/2026\/09\/9a5d95fe-f0da-4a4d-8f99-33f9af471673-199x300.jpeg\" alt=\"\" width=\"199\" height=\"300\" \/><\/p>\n<p><strong>ADL\u0130YEN\u0130N \u00c7ALI\u015eMALARI HAKKINDA B\u0130LG\u0130 SUNDU<\/strong><\/p>\n<p>G\u00f6r\u00fc\u015fmede <strong>B\u00fcy\u00fck\u00e7ekmece Adliyesi<\/strong>\u2019nde y\u00fcr\u00fct\u00fclen adli hizmetler ve \u00e7al\u0131\u015fmalar ele al\u0131nd\u0131.<\/p>\n<p><strong>Cumhuriyet Ba\u015fsavc\u0131s\u0131 \u00d6mer Karakaya, B\u00fcy\u00fck\u00e7ekmece Cumhuriyet Ba\u015fsavc\u0131l\u0131\u011f\u0131 b\u00fcnyesinde s\u00fcrd\u00fcr\u00fclen \u00e7al\u0131\u015fmalar ve adliyenin genel i\u015fleyi\u015fi hakk\u0131nda HSK Ba\u015fkanvekili Fuzuli Aydo\u011fdu\u2019ya kapsaml\u0131 bilgi sundu.<\/strong><\/p>\n<p><img decoding=\"async\" class=\"alignnone size-medium wp-image-197320\" src=\"https:\/\/www.son.tv\/wp-content\/uploads\/2026\/09\/544bd712-bd07-446f-9647-51ee64cbe5e2-1-300x200.jpeg\" alt=\"\" width=\"300\" height=\"200\" \/><\/p>\n<p><strong>YAZ KARARNAMES\u0130YLE B\u00dcY\u00dcK\u00c7EKMECE\u2019YE ATANDI<\/strong><\/p>\n<p><strong>\u00d6mer Karakaya, HSK\u2019n\u0131n 2026 y\u0131l\u0131 Yaz Kararnamesi kapsam\u0131nda K\u00fc\u00e7\u00fck\u00e7ekmece Cumhuriyet Ba\u015fsavc\u0131 Vekilli\u011fi g\u00f6revinden B\u00fcy\u00fck\u00e7ekmece Cumhuriyet Ba\u015fsavc\u0131l\u0131\u011f\u0131 g\u00f6revine atanm\u0131\u015ft\u0131.<\/strong><\/p>\n<p><strong>Karakaya<\/strong>, 23 Haziran 2026 tarihinde <strong>B\u00fcy\u00fck\u00e7ekmece<\/strong> <strong>Adliyesi\u2019<\/strong>ndeki yeni g\u00f6revine ba\u015flam\u0131\u015ft\u0131.<\/p>\n<p><strong>YEN\u0130 ADL\u0130 YIL \u0130\u00c7\u0130N BA\u015eARI D\u0130LE\u011e\u0130<\/strong><\/p>\n<p><strong>HSK Ba\u015fkanvekili ve \u0130kinci Daire Ba\u015fkan\u0131 Fuzuli Aydo\u011fdu,<\/strong> ziyaret kapsam\u0131nda <strong>B\u00fcy\u00fck\u00e7ekmece Cumhuriyet Ba\u015fsavc\u0131s\u0131 \u00d6mer Karakaya<\/strong>\u2019ya yeni g\u00f6revinde ve 2026-2027 Adli Y\u0131l\u0131\u2019nda ba\u015far\u0131 dileklerini iletti. Ziyaret, g\u00f6r\u00fc\u015fmenin ard\u0131ndan sona erdi.<\/p>\n<p><img loading=\"lazy\" decoding=\"async\" loading=\"lazy\" class=\"alignnone size-medium wp-image-197321\" src=\"https:\/\/www.son.tv\/wp-content\/uploads\/2026\/09\/f15159f1-876b-4475-bdea-2e39a931d9df-300x200.jpeg\" alt=\"\" width=\"300\" height=\"200\" \/><\/p>\n<p><strong>ET\u0130KETLER: #FuzuliAydo\u011fdu #\u00d6merKarakaya #HSK #B\u00fcy\u00fck\u00e7ekmeceAdliyesi #B\u00fcy\u00fck\u00e7ekmeceCumhuriyetBa\u015fsavc\u0131l\u0131\u011f\u0131 #YeniAdliY\u0131l #YazKararnamesi #Yarg\u0131 #\u0130stanbul #SonTV<\/strong><\/p>\n<p>H\u00e2kimler ve Savc\u0131lar Kurulu (HSK) Ba\u015fkanvekili ve \u0130kinci Daire Ba\u015fkan\u0131 Fuzuli Aydo\u011fdu, HSK Yaz Kararnamesi ile B\u00fcy\u00fck\u00e7ekmece Cumhuriyet Ba\u015fsavc\u0131l\u0131\u011f\u0131 g\u00f6revine atanan \u00d6mer Karakaya\u2019ya hay\u0131rl\u0131 olsun ziyaretinde bulundu. Samimi bir atmosferde ger\u00e7ekle\u015fen g\u00f6r\u00fc\u015fmede Ba\u015fsavc\u0131 Karakaya, B\u00fcy\u00fck\u00e7ekmece Adliyesi\u2019nde y\u00fcr\u00fct\u00fclen \u00e7al\u0131\u015fmalar hakk\u0131nda Aydo\u011fdu\u2019ya kapsaml\u0131 bilgi verdi.\u00a0<a href=\"https:\/\/www.son.tv\/hsk-baskanvekili-fuzuli-aydogdudan-buyukcekmece-bassavcisi-omer-karakayaya-ziyaret\/\" target=\"_blank\" class=\"feedzy-rss-link-icon\">Read More<\/a><\/p>","protected":false},"excerpt":{"rendered":"<p>SON.TV\/\u0130STANBUL HSK Ba\u015fkanvekili ve \u0130kinci Daire Ba\u015fkan\u0131 Fuzuli Aydo\u011fdu, B\u00fcy\u00fck\u00e7ekmece Adliyesi\u2019ni ziyaret ederek Cumhuriyet Ba\u015fsavc\u0131s\u0131 \u00d6mer Karakaya ile bir araya geldi. 2026 y\u0131l\u0131 HSK Yaz Kararnamesi kapsam\u0131nda K\u00fc\u00e7\u00fck\u00e7ekmece Cumhuriyet Ba\u015fsavc\u0131 Vekilli\u011fi g\u00f6revinden B\u00fcy\u00fck\u00e7ekmece Cumhuriyet Ba\u015fsavc\u0131l\u0131\u011f\u0131na atanan Karakaya\u2019ya hay\u0131rl\u0131 olsun dileklerini ileten Aydo\u011fdu, yeni adli y\u0131l dolay\u0131s\u0131yla da ba\u015far\u0131 temennisinde bulundu. AYDO\u011eDU\u2019DAN KARAKAYA\u2019YA HAYIRLI OLSUN Z\u0130YARET\u0130 [&hellip;]<\/p>\n","protected":false},"author":1,"featured_media":42243,"comment_status":"open","ping_status":"open","sticky":false,"template":"","format":"standard","meta":{"footnotes":"","_links_to":"","_links_to_target":""},"categories":[1],"tags":[],"class_list":["post-42242","post","type-post","status-publish","format-standard","has-post-thumbnail","hentry","category-haberler"],"_links":{"self":[{"href":"https:\/\/www.abchukuk.com\/index.php\/wp-json\/wp\/v2\/posts\/42242","targetHints":{"allow":["GET"]}}],"collection":[{"href":"https:\/\/www.abchukuk.com\/index.php\/wp-json\/wp\/v2\/posts"}],"about":[{"href":"https:\/\/www.abchukuk.com\/index.php\/wp-json\/wp\/v2\/types\/post"}],"author":[{"embeddable":true,"href":"https:\/\/www.abchukuk.com\/index.php\/wp-json\/wp\/v2\/users\/1"}],"replies":[{"embeddable":true,"href":"https:\/\/www.abchukuk.com\/index.php\/wp-json\/wp\/v2\/comments?post=42242"}],"version-history":[{"count":0,"href":"https:\/\/www.abchukuk.com\/index.php\/wp-json\/wp\/v2\/posts\/42242\/revisions"}],"wp:featuredmedia":[{"embeddable":true,"href":"https:\/\/www.abchukuk.com\/index.php\/wp-json\/wp\/v2\/media\/42243"}],"wp:attachment":[{"href":"https:\/\/www.abchukuk.com\/index.php\/wp-json\/wp\/v2\/media?parent=42242"}],"wp:term":[{"taxonomy":"category","embeddable":true,"href":"https:\/\/www.abchukuk.com\/index.php\/wp-json\/wp\/v2\/categories?post=42242"},{"taxonomy":"post_tag","embeddable":true,"href":"https:\/\/www.abchukuk.com\/index.php\/wp-json\/wp\/v2\/tags?post=42242"}],"curies":[{"name":"wp","href":"https:\/\/api.w.org\/{rel}","templated":true}]}}