{"id":42240,"date":"2026-09-02T13:15:00","date_gmt":"2026-09-02T13:15:00","guid":{"rendered":"https:\/\/www.abchukuk.com\/index.php\/2026\/09\/02\/son-dakika-uskudar-belediyesine-operasyon-baskan-yardimcilari-gozaltina-alindi\/"},"modified":"2026-09-02T13:15:00","modified_gmt":"2026-09-02T13:15:00","slug":"son-dakika-uskudar-belediyesine-operasyon-baskan-yardimcilari-gozaltina-alindi","status":"publish","type":"post","link":"https:\/\/www.abchukuk.com\/index.php\/2026\/09\/02\/son-dakika-uskudar-belediyesine-operasyon-baskan-yardimcilari-gozaltina-alindi\/","title":{"rendered":"Son dakika&#8230; \u00dcsk\u00fcdar Belediyesi&#8217;ne operasyon: Ba\u015fkan Yard\u0131mc\u0131lar\u0131 g\u00f6zalt\u0131na al\u0131nd\u0131"},"content":{"rendered":"<p>\u00dcsk\u00fcdar Belediyesi Ba\u015fkan Yard\u0131mc\u0131lar\u0131 Amine Cansu \u00c7elik ile Mithat \u00d6zdemir, ifadelerine ba\u015fvurulmak \u00fczere g\u00f6zalt\u0131na al\u0131nd\u0131. Meclis 1. Ba\u015fkan Vekili Ali Aral ile Ba\u015fkan Yard\u0131mc\u0131s\u0131 Nihat Do\u011fan ise savc\u0131l\u0131k\u00e7a ifadelerinin al\u0131nmalar\u0131n\u0131n ard\u0131ndan serbest b\u0131rak\u0131ld\u0131.\u00dcsk\u00fcdar Belediyesi Ba\u015fkan Yard\u0131mc\u0131lar\u0131 Amine Cansu \u00c7elik ile Mithat \u00d6zdemir, ifadelerine ba\u015fvurulmak \u00fczere g\u00f6zalt\u0131na al\u0131nd\u0131. Meclis 1. Ba\u015fkan Vekili Ali Aral ile Ba\u015fkan Yard\u0131mc\u0131s\u0131 Nihat Do\u011fan ise savc\u0131l\u0131k\u00e7a ifadelerinin al\u0131nmalar\u0131n\u0131n ard\u0131ndan serbest b\u0131rak\u0131ld\u0131.\u00a0<a href=\"https:\/\/www.cumhuriyet.com.tr\/siyaset\/son-dakika-uskudar-belediyesi-ne-operasyon-baskan-yardimcilari-gozaltina-alindi-2534348\" target=\"_blank\" class=\"feedzy-rss-link-icon\">Read More<\/a><\/p>","protected":false},"excerpt":{"rendered":"<p>\u00dcsk\u00fcdar Belediyesi Ba\u015fkan Yard\u0131mc\u0131lar\u0131 Amine Cansu \u00c7elik ile Mithat \u00d6zdemir, ifadelerine ba\u015fvurulmak \u00fczere g\u00f6zalt\u0131na al\u0131nd\u0131. Meclis 1. Ba\u015fkan Vekili Ali Aral ile Ba\u015fkan Yard\u0131mc\u0131s\u0131 Nihat Do\u011fan ise savc\u0131l\u0131k\u00e7a ifadelerinin al\u0131nmalar\u0131n\u0131n ard\u0131ndan serbest b\u0131rak\u0131ld\u0131.\u00dcsk\u00fcdar Belediyesi Ba\u015fkan Yard\u0131mc\u0131lar\u0131 Amine Cansu \u00c7elik ile Mithat \u00d6zdemir, ifadelerine ba\u015fvurulmak \u00fczere g\u00f6zalt\u0131na al\u0131nd\u0131. Meclis 1. Ba\u015fkan Vekili Ali Aral ile Ba\u015fkan [&hellip;]<\/p>\n","protected":false},"author":1,"featured_media":42241,"comment_status":"open","ping_status":"open","sticky":false,"template":"","format":"standard","meta":{"footnotes":"","_links_to":"","_links_to_target":""},"categories":[1],"tags":[],"class_list":["post-42240","post","type-post","status-publish","format-standard","has-post-thumbnail","hentry","category-haberler"],"_links":{"self":[{"href":"https:\/\/www.abchukuk.com\/index.php\/wp-json\/wp\/v2\/posts\/42240","targetHints":{"allow":["GET"]}}],"collection":[{"href":"https:\/\/www.abchukuk.com\/index.php\/wp-json\/wp\/v2\/posts"}],"about":[{"href":"https:\/\/www.abchukuk.com\/index.php\/wp-json\/wp\/v2\/types\/post"}],"author":[{"embeddable":true,"href":"https:\/\/www.abchukuk.com\/index.php\/wp-json\/wp\/v2\/users\/1"}],"replies":[{"embeddable":true,"href":"https:\/\/www.abchukuk.com\/index.php\/wp-json\/wp\/v2\/comments?post=42240"}],"version-history":[{"count":0,"href":"https:\/\/www.abchukuk.com\/index.php\/wp-json\/wp\/v2\/posts\/42240\/revisions"}],"wp:featuredmedia":[{"embeddable":true,"href":"https:\/\/www.abchukuk.com\/index.php\/wp-json\/wp\/v2\/media\/42241"}],"wp:attachment":[{"href":"https:\/\/www.abchukuk.com\/index.php\/wp-json\/wp\/v2\/media?parent=42240"}],"wp:term":[{"taxonomy":"category","embeddable":true,"href":"https:\/\/www.abchukuk.com\/index.php\/wp-json\/wp\/v2\/categories?post=42240"},{"taxonomy":"post_tag","embeddable":true,"href":"https:\/\/www.abchukuk.com\/index.php\/wp-json\/wp\/v2\/tags?post=42240"}],"curies":[{"name":"wp","href":"https:\/\/api.w.org\/{rel}","templated":true}]}}