{"id":42234,"date":"2026-09-02T13:55:00","date_gmt":"2026-09-02T13:55:00","guid":{"rendered":"https:\/\/www.abchukuk.com\/index.php\/2026\/09\/02\/uskudarda-secim-yenilenecek-mahkeme-itirazi-reddetti\/"},"modified":"2026-09-02T13:55:00","modified_gmt":"2026-09-02T13:55:00","slug":"uskudarda-secim-yenilenecek-mahkeme-itirazi-reddetti","status":"publish","type":"post","link":"https:\/\/www.abchukuk.com\/index.php\/2026\/09\/02\/uskudarda-secim-yenilenecek-mahkeme-itirazi-reddetti\/","title":{"rendered":"\u00dcsk\u00fcdar&#8217;da Se\u00e7im Yenilenecek! Mahkeme \u0130tiraz\u0131 Reddetti"},"content":{"rendered":"<p><a href=\"https:\/\/www.gercekgundem.com\/guncel\/uskudarda-secim-yenilenecek-mahkeme-itirazi-reddetti-577890\"><br \/>\n                                                            <img decoding=\"async\" src=\"https:\/\/i.gercekgundem.com\/2\/150\/84\/storage\/files\/images\/2026\/09\/02\/uskudarda-secim-yenilenecek-mahkeme-itirazi-reddetti-oyy7.jpg\" width=\"150\" height=\"84\" border=\"0\" align=\"right\" \/><br \/>\n                                                    <\/a><\/p>\n<h4>\u0130stanbul B\u00f6lge \u0130dare Mahkemesi, \u00dcsk\u00fcdar Belediyesi Ba\u015fkan Vekilli\u011fi se\u00e7imiyle ilgili y\u00fcr\u00fctmeyi durdurma karar\u0131na yap\u0131lan itiraz\u0131 reddetti. Ba\u015fkan vekilli\u011fi se\u00e7imi yenilenecek.<\/h4>\n<p>\u0130stanbul B\u00f6lge \u0130dare Mahkemesi, \u00dcsk\u00fcdar Belediyesi Ba\u015fkan Vekilli\u011fi se\u00e7imiyle ilgili y\u00fcr\u00fctmeyi durdurma karar\u0131na yap\u0131lan itiraz\u0131 reddetti. Ba\u015fkan vekilli\u011fi se\u00e7imi yenilenecek.\u00a0<a href=\"https:\/\/www.gercekgundem.com\/guncel\/uskudarda-secim-yenilenecek-mahkeme-itirazi-reddetti-577890\" target=\"_blank\" class=\"feedzy-rss-link-icon\">Read More<\/a><\/p>","protected":false},"excerpt":{"rendered":"<p>\u0130stanbul B\u00f6lge \u0130dare Mahkemesi, \u00dcsk\u00fcdar Belediyesi Ba\u015fkan Vekilli\u011fi se\u00e7imiyle ilgili y\u00fcr\u00fctmeyi durdurma karar\u0131na yap\u0131lan itiraz\u0131 reddetti. Ba\u015fkan vekilli\u011fi se\u00e7imi yenilenecek. \u0130stanbul B\u00f6lge \u0130dare Mahkemesi, \u00dcsk\u00fcdar Belediyesi Ba\u015fkan Vekilli\u011fi se\u00e7imiyle ilgili y\u00fcr\u00fctmeyi durdurma karar\u0131na yap\u0131lan itiraz\u0131 reddetti. Ba\u015fkan vekilli\u011fi se\u00e7imi yenilenecek.\u00a0Read More<\/p>\n","protected":false},"author":1,"featured_media":42235,"comment_status":"open","ping_status":"open","sticky":false,"template":"","format":"standard","meta":{"footnotes":"","_links_to":"","_links_to_target":""},"categories":[1],"tags":[],"class_list":["post-42234","post","type-post","status-publish","format-standard","has-post-thumbnail","hentry","category-haberler"],"_links":{"self":[{"href":"https:\/\/www.abchukuk.com\/index.php\/wp-json\/wp\/v2\/posts\/42234","targetHints":{"allow":["GET"]}}],"collection":[{"href":"https:\/\/www.abchukuk.com\/index.php\/wp-json\/wp\/v2\/posts"}],"about":[{"href":"https:\/\/www.abchukuk.com\/index.php\/wp-json\/wp\/v2\/types\/post"}],"author":[{"embeddable":true,"href":"https:\/\/www.abchukuk.com\/index.php\/wp-json\/wp\/v2\/users\/1"}],"replies":[{"embeddable":true,"href":"https:\/\/www.abchukuk.com\/index.php\/wp-json\/wp\/v2\/comments?post=42234"}],"version-history":[{"count":0,"href":"https:\/\/www.abchukuk.com\/index.php\/wp-json\/wp\/v2\/posts\/42234\/revisions"}],"wp:featuredmedia":[{"embeddable":true,"href":"https:\/\/www.abchukuk.com\/index.php\/wp-json\/wp\/v2\/media\/42235"}],"wp:attachment":[{"href":"https:\/\/www.abchukuk.com\/index.php\/wp-json\/wp\/v2\/media?parent=42234"}],"wp:term":[{"taxonomy":"category","embeddable":true,"href":"https:\/\/www.abchukuk.com\/index.php\/wp-json\/wp\/v2\/categories?post=42234"},{"taxonomy":"post_tag","embeddable":true,"href":"https:\/\/www.abchukuk.com\/index.php\/wp-json\/wp\/v2\/tags?post=42234"}],"curies":[{"name":"wp","href":"https:\/\/api.w.org\/{rel}","templated":true}]}}