{"id":42230,"date":"2026-09-02T14:14:44","date_gmt":"2026-09-02T14:14:44","guid":{"rendered":"https:\/\/www.abchukuk.com\/index.php\/2026\/09\/02\/adalet-bakan-yardimcisi-burak-ceyhandan-bakirkoy-adliyesine-ziyaret-yargi-gundemi-masaya-yatirildi\/"},"modified":"2026-09-02T14:14:44","modified_gmt":"2026-09-02T14:14:44","slug":"adalet-bakan-yardimcisi-burak-ceyhandan-bakirkoy-adliyesine-ziyaret-yargi-gundemi-masaya-yatirildi","status":"publish","type":"post","link":"https:\/\/www.abchukuk.com\/index.php\/2026\/09\/02\/adalet-bakan-yardimcisi-burak-ceyhandan-bakirkoy-adliyesine-ziyaret-yargi-gundemi-masaya-yatirildi\/","title":{"rendered":"Adalet Bakan Yard\u0131mc\u0131s\u0131 Burak Ceyhan\u2019dan Bak\u0131rk\u00f6y Adliyesi\u2019ne ziyaret: Yarg\u0131 g\u00fcndemi masaya yat\u0131r\u0131ld\u0131"},"content":{"rendered":"<p><strong>SON.TV\/\u0130STANBUL<\/strong><\/p>\n<p><strong>2026-2027 Adli Y\u0131l\u0131\u2019n\u0131n ba\u015flamas\u0131yla birlikte Adalet Bakanl\u0131\u011f\u0131n\u0131n adliyelerdeki temaslar\u0131 s\u00fcr\u00fcyor. Adalet Bakan Yard\u0131mc\u0131s\u0131 Burak Ceyhan bu kapsamda Bak\u0131rk\u00f6y Adliyesi\u2019ni ziyaret ederek yarg\u0131 mensuplar\u0131yla bir araya geldi.<\/strong><\/p>\n<p><img fetchpriority=\"high\" decoding=\"async\" class=\"alignnone size-medium wp-image-197286\" src=\"https:\/\/www.son.tv\/wp-content\/uploads\/2026\/09\/fec70237-33b8-47b6-9b21-d4f0d976069b-300x225.jpeg\" alt=\"\" width=\"300\" height=\"225\" \/><\/p>\n<p>\u00a0<\/p>\n<p>C<strong>EYHAN\u2019A ADL\u0130YE G\u0130R\u0130\u015e\u0130NDE KAR\u015eILAMA<\/strong><\/p>\n<p><strong>Adalet Bakan Yard\u0131mc\u0131s\u0131 Burak Ceyhan, Bak\u0131rk\u00f6y Adliyesi giri\u015finde Bak\u0131rk\u00f6y Cumhuriyet Ba\u015fsavc\u0131s\u0131 Do\u00e7. Dr. Bar\u0131\u015f Duman, Adalet Komisyonu Ba\u015fkan\u0131 Arif T\u0131r\u0131l, Komisyon \u00dcyesi P\u0131nar \u015eafak ve Cumhuriyet ba\u015fsavc\u0131 vekilleri taraf\u0131ndan kar\u015f\u0131land\u0131.<\/strong><\/p>\n<p><strong>Ceyhan<\/strong>\u2019a kar\u015f\u0131lama s\u0131ras\u0131nda \u00e7i\u00e7ek takdim edildi. <strong>Adalet Bakan Yard\u0131mc\u0131s\u0131 Ceyhan<\/strong> daha sonra Cumhuriyet ba\u015fsavc\u0131 vekilleriyle tek tek tokala\u015farak yarg\u0131 mensuplar\u0131yla bir s\u00fcre sohbet etti.<\/p>\n<p><img decoding=\"async\" class=\"alignnone size-medium wp-image-197287\" src=\"https:\/\/www.son.tv\/wp-content\/uploads\/2026\/09\/994c39d2-7e89-4778-846d-bd1cb9eab59f-300x225.jpeg\" alt=\"\" width=\"300\" height=\"225\" \/> <img decoding=\"async\" class=\"alignnone size-medium wp-image-197288\" src=\"https:\/\/www.son.tv\/wp-content\/uploads\/2026\/09\/b326830f-4e57-4bab-9461-ff067a46fe64-300x225.jpeg\" alt=\"\" width=\"300\" height=\"225\" \/><\/p>\n<p><img loading=\"lazy\" decoding=\"async\" loading=\"lazy\" class=\"alignnone size-medium wp-image-197296\" src=\"https:\/\/www.son.tv\/wp-content\/uploads\/2026\/09\/41386a37-5a18-448f-81a6-def0529c8fc2-300x225.jpeg\" alt=\"\" width=\"300\" height=\"225\" \/><\/p>\n<p><img loading=\"lazy\" decoding=\"async\" loading=\"lazy\" class=\"alignnone size-medium wp-image-197289\" src=\"https:\/\/www.son.tv\/wp-content\/uploads\/2026\/09\/7ca75df9-ce72-449c-b744-75cfe772b1d9-300x225.jpeg\" alt=\"\" width=\"300\" height=\"225\" \/><\/p>\n<p><strong>BA\u015eSAVCI BARI\u015e DUMAN\u2019IN MAKAMINA GE\u00c7T\u0130<\/strong><\/p>\n<p><strong>Kar\u015f\u0131lama program\u0131n\u0131n ard\u0131ndan Adalet Bakan Yard\u0131mc\u0131s\u0131 Burak Ceyhan, Bak\u0131rk\u00f6y Cumhuriyet Ba\u015fsavc\u0131s\u0131 Do\u00e7. Dr. Bar\u0131\u015f Duman\u2019\u0131n makam\u0131na ge\u00e7ti.<\/strong><\/p>\n<p><strong>Ceyhan burada Ba\u015fsavc\u0131 Duman ve Cumhuriyet ba\u015fsavc\u0131 vekilleriyle toplant\u0131 ger\u00e7ekle\u015ftirdi.<\/strong><\/p>\n<p><img loading=\"lazy\" decoding=\"async\" loading=\"lazy\" class=\"alignnone size-medium wp-image-197290\" src=\"https:\/\/www.son.tv\/wp-content\/uploads\/2026\/09\/efa60a89-28de-4069-9fdd-59687312e401-300x225.jpeg\" alt=\"\" width=\"300\" height=\"225\" \/> <img loading=\"lazy\" decoding=\"async\" loading=\"lazy\" class=\"alignnone size-medium wp-image-197291\" src=\"https:\/\/www.son.tv\/wp-content\/uploads\/2026\/09\/8863ca6c-70fb-465d-a635-4d768666968d-300x225.jpeg\" alt=\"\" width=\"300\" height=\"225\" \/> <img loading=\"lazy\" decoding=\"async\" loading=\"lazy\" class=\"alignnone size-medium wp-image-197292\" src=\"https:\/\/www.son.tv\/wp-content\/uploads\/2026\/09\/1b25960f-619f-4d0d-91db-568b64182713-300x225.jpeg\" alt=\"\" width=\"300\" height=\"225\" \/> <img loading=\"lazy\" decoding=\"async\" loading=\"lazy\" class=\"alignnone size-medium wp-image-197293\" src=\"https:\/\/www.son.tv\/wp-content\/uploads\/2026\/09\/5f61e61f-55fd-45ca-9513-ad0cebfeb8a2-300x225.jpeg\" alt=\"\" width=\"300\" height=\"225\" \/> <img loading=\"lazy\" decoding=\"async\" loading=\"lazy\" class=\"alignnone size-medium wp-image-197294\" src=\"https:\/\/www.son.tv\/wp-content\/uploads\/2026\/09\/12b2eb40-feea-4f83-ac4e-fb2d296d60b9-300x225.jpeg\" alt=\"\" width=\"300\" height=\"225\" \/> <img loading=\"lazy\" decoding=\"async\" loading=\"lazy\" class=\"alignnone size-medium wp-image-197295\" src=\"https:\/\/www.son.tv\/wp-content\/uploads\/2026\/09\/797c0d20-b80e-4e12-8fdf-3837f2c965b0-300x225.jpeg\" alt=\"\" width=\"300\" height=\"225\" \/><\/p>\n<p><strong>YARGI G\u00dcNDEM\u0130NE \u0130L\u0130\u015eK\u0130N DE\u011eERLEND\u0130RMELER<\/strong><\/p>\n<p>Toplant\u0131da <strong>Bak\u0131rk\u00f6y Cumhuriyet Ba\u015fsavc\u0131l\u0131\u011f\u0131<\/strong>n\u0131n g\u00f6rev ve yetki alan\u0131ndaki \u00e7al\u0131\u015fmalar ile yarg\u0131 g\u00fcndemine ili\u015fkin ba\u015fl\u0131klar de\u011ferlendirildi.<\/p>\n<p>Yeni adli y\u0131l\u0131n ba\u015flamas\u0131yla birlikte y\u00fcr\u00fct\u00fclecek \u00e7al\u0131\u015fmalar, adli hizmetlerin etkinli\u011fi ve adliye b\u00fcnyesinde s\u00fcrd\u00fcr\u00fclen faaliyetler de toplant\u0131n\u0131n g\u00fcndeminde yer ald\u0131.<\/p>\n<p><img loading=\"lazy\" decoding=\"async\" loading=\"lazy\" class=\"alignnone size-medium wp-image-197297\" src=\"https:\/\/www.son.tv\/wp-content\/uploads\/2026\/09\/373928b0-553c-4f73-92b0-5b0795f75655-300x225.jpeg\" alt=\"\" width=\"300\" height=\"225\" \/><\/p>\n<p><strong>BAKAN YARDIMCISI CEYHAN YARGI TE\u015eK\u0130LATINI YAKINDAN TANIYOR<\/strong><\/p>\n<p><strong>Adalet Bakan Yard\u0131mc\u0131s\u0131 Burak Ceyhan<\/strong>, <strong>yarg\u0131 te\u015fkilat\u0131ndaki farkl\u0131 g\u00f6revlerde uzun y\u0131llar g\u00f6rev yapt\u0131.<\/strong><\/p>\n<p><strong>Ceyhan, 2025 y\u0131l\u0131ndan itibaren \u0130stanbul Cumhuriyet Ba\u015fsavc\u0131l\u0131\u011f\u0131nda Ka\u00e7ak\u00e7\u0131l\u0131k, Narkotik, Ekonomik Su\u00e7lar, Yasa D\u0131\u015f\u0131 Bahis ve \u0130mar Su\u00e7lar\u0131ndan sorumlu Cumhuriyet Ba\u015fsavc\u0131 Vekili olarak g\u00f6rev yapt\u0131ktan sonra 20 \u015eubat 2026 tarihli Cumhurba\u015fkanl\u0131\u011f\u0131 Kararnamesi ile Adalet Bakan Yard\u0131mc\u0131l\u0131\u011f\u0131na atand\u0131.<\/strong><\/p>\n<p><img loading=\"lazy\" decoding=\"async\" loading=\"lazy\" class=\"alignnone size-medium wp-image-197298\" src=\"https:\/\/www.son.tv\/wp-content\/uploads\/2026\/09\/6d56afbe-8479-4943-a7b9-2e883d14c4e4-300x237.jpeg\" alt=\"\" width=\"300\" height=\"237\" \/><\/p>\n<p><strong>BAKIRK\u00d6Y\u2019DE YEN\u0130 ADL\u0130 YIL TEMASLARI<\/strong><\/p>\n<p><strong>Bak\u0131rk\u00f6y Adliyesi\u2019<\/strong>nde 2026-2027 Adli Y\u0131l\u0131\u2019n\u0131n ba\u015flamas\u0131 dolay\u0131s\u0131yla yarg\u0131 mensuplar\u0131n\u0131n kat\u0131l\u0131m\u0131yla a\u00e7\u0131l\u0131\u015f program\u0131 da d\u00fczenlendi.<\/p>\n<p><strong>Adalet Bakan Yard\u0131mc\u0131s\u0131 Burak Ceyhan<\/strong>\u2019\u0131n ziyareti kapsam\u0131nda ger\u00e7ekle\u015ftirilen g\u00f6r\u00fc\u015fmeyle birlikte <strong>Bak\u0131rk\u00f6y Adliyesi<\/strong>\u2019ndeki yeni d\u00f6nem \u00e7al\u0131\u015fmalar\u0131 ve yarg\u0131ya ili\u015fkin g\u00fcncel konular de\u011ferlendirildi.<\/p>\n<p><strong>ET\u0130KETLER: #BurakCeyhan #Bar\u0131\u015fDuman #Bak\u0131rk\u00f6yAdliyesi #Bak\u0131rk\u00f6yCumhuriyetBa\u015fsavc\u0131l\u0131\u011f\u0131 #ArifT\u0131r\u0131l #P\u0131nar\u015eafak #AdaletBakanl\u0131\u011f\u0131 #YeniAdliY\u0131l #Yarg\u0131 #\u0130stanbul<\/strong><\/p>\n<p>Adalet Bakan Yard\u0131mc\u0131s\u0131 Burak Ceyhan, 2026-2027 Adli Y\u0131l\u0131\u2019n\u0131n ba\u015flamas\u0131 kapsam\u0131nda Bak\u0131rk\u00f6y Adliyesi\u2019ni ziyaret etti. Bak\u0131rk\u00f6y Cumhuriyet Ba\u015fsavc\u0131s\u0131 Do\u00e7. Dr. Bar\u0131\u015f Duman ve adliye y\u00f6netimi taraf\u0131ndan kar\u015f\u0131lanan Ceyhan, Ba\u015fsavc\u0131 Duman\u2019\u0131n makam\u0131nda ger\u00e7ekle\u015ftirilen toplant\u0131da yarg\u0131 g\u00fcndemine ili\u015fkin de\u011ferlendirmelerde bulundu.\u00a0<a href=\"https:\/\/www.son.tv\/adalet-bakan-yardimcisi-burak-ceyhandan-bakirkoy-adliyesine-ziyaret-yargi-gundemi-masaya-yatirildi\/\" target=\"_blank\" class=\"feedzy-rss-link-icon\">Read More<\/a><\/p>","protected":false},"excerpt":{"rendered":"<p>SON.TV\/\u0130STANBUL 2026-2027 Adli Y\u0131l\u0131\u2019n\u0131n ba\u015flamas\u0131yla birlikte Adalet Bakanl\u0131\u011f\u0131n\u0131n adliyelerdeki temaslar\u0131 s\u00fcr\u00fcyor. Adalet Bakan Yard\u0131mc\u0131s\u0131 Burak Ceyhan bu kapsamda Bak\u0131rk\u00f6y Adliyesi\u2019ni ziyaret ederek yarg\u0131 mensuplar\u0131yla bir araya geldi. \u00a0 CEYHAN\u2019A ADL\u0130YE G\u0130R\u0130\u015e\u0130NDE KAR\u015eILAMA Adalet Bakan Yard\u0131mc\u0131s\u0131 Burak Ceyhan, Bak\u0131rk\u00f6y Adliyesi giri\u015finde Bak\u0131rk\u00f6y Cumhuriyet Ba\u015fsavc\u0131s\u0131 Do\u00e7. Dr. Bar\u0131\u015f Duman, Adalet Komisyonu Ba\u015fkan\u0131 Arif T\u0131r\u0131l, Komisyon \u00dcyesi P\u0131nar [&hellip;]<\/p>\n","protected":false},"author":1,"featured_media":42231,"comment_status":"open","ping_status":"open","sticky":false,"template":"","format":"standard","meta":{"footnotes":"","_links_to":"","_links_to_target":""},"categories":[1],"tags":[],"class_list":["post-42230","post","type-post","status-publish","format-standard","has-post-thumbnail","hentry","category-haberler"],"_links":{"self":[{"href":"https:\/\/www.abchukuk.com\/index.php\/wp-json\/wp\/v2\/posts\/42230","targetHints":{"allow":["GET"]}}],"collection":[{"href":"https:\/\/www.abchukuk.com\/index.php\/wp-json\/wp\/v2\/posts"}],"about":[{"href":"https:\/\/www.abchukuk.com\/index.php\/wp-json\/wp\/v2\/types\/post"}],"author":[{"embeddable":true,"href":"https:\/\/www.abchukuk.com\/index.php\/wp-json\/wp\/v2\/users\/1"}],"replies":[{"embeddable":true,"href":"https:\/\/www.abchukuk.com\/index.php\/wp-json\/wp\/v2\/comments?post=42230"}],"version-history":[{"count":0,"href":"https:\/\/www.abchukuk.com\/index.php\/wp-json\/wp\/v2\/posts\/42230\/revisions"}],"wp:featuredmedia":[{"embeddable":true,"href":"https:\/\/www.abchukuk.com\/index.php\/wp-json\/wp\/v2\/media\/42231"}],"wp:attachment":[{"href":"https:\/\/www.abchukuk.com\/index.php\/wp-json\/wp\/v2\/media?parent=42230"}],"wp:term":[{"taxonomy":"category","embeddable":true,"href":"https:\/\/www.abchukuk.com\/index.php\/wp-json\/wp\/v2\/categories?post=42230"},{"taxonomy":"post_tag","embeddable":true,"href":"https:\/\/www.abchukuk.com\/index.php\/wp-json\/wp\/v2\/tags?post=42230"}],"curies":[{"name":"wp","href":"https:\/\/api.w.org\/{rel}","templated":true}]}}