{"id":42228,"date":"2026-09-02T14:15:00","date_gmt":"2026-09-02T14:15:00","guid":{"rendered":"https:\/\/www.abchukuk.com\/index.php\/2026\/09\/02\/yeni-adli-yil-basladi-gozler-ibb-davasi-belediye-dosyalari-ve-istinafta\/"},"modified":"2026-09-02T14:15:00","modified_gmt":"2026-09-02T14:15:00","slug":"yeni-adli-yil-basladi-gozler-ibb-davasi-belediye-dosyalari-ve-istinafta","status":"publish","type":"post","link":"https:\/\/www.abchukuk.com\/index.php\/2026\/09\/02\/yeni-adli-yil-basladi-gozler-ibb-davasi-belediye-dosyalari-ve-istinafta\/","title":{"rendered":"Yeni adli y\u0131l ba\u015flad\u0131: G\u00f6zler \u0130BB davas\u0131, belediye dosyalar\u0131 ve istinafta"},"content":{"rendered":"<p>G\u00f6zalt\u0131, tutuklama ve kamuoyunun yak\u0131ndan takip etti\u011fi davalar\u0131n g\u00f6lgesinde ba\u015flayan 2026-2027 adli y\u0131l\u0131nda \u0130stanbul yarg\u0131s\u0131 yo\u011fun bir g\u00fcndemle mesaiye ba\u015flad\u0131. \u00c7a\u011flayan Adliyesi&#8217;nde d\u00fczenlenen t\u00f6renle a\u00e7\u0131lan yeni adli y\u0131lda; \u0130BB Davas\u0131\u2019ndan il\u00e7e belediyesi dosyalar\u0131na, Akta\u015f Davas\u0131\u2019n\u0131n istinaf s\u00fcrecinden tutuklu ba\u015fkanlar\u0131n iddianamelerine kadar pek \u00e7ok kritik s\u00fcre\u00e7 belirleyici olacak.G\u00f6zalt\u0131, tutuklama ve kamuoyunun yak\u0131ndan takip etti\u011fi davalar\u0131n g\u00f6lgesinde ba\u015flayan 2026-2027 adli y\u0131l\u0131nda \u0130stanbul yarg\u0131s\u0131 yo\u011fun bir g\u00fcndemle mesaiye ba\u015flad\u0131. \u00c7a\u011flayan Adliyesi&#8217;nde d\u00fczenlenen t\u00f6renle a\u00e7\u0131lan yeni adli y\u0131lda; \u0130BB Davas\u0131\u2019ndan il\u00e7e belediyesi dosyalar\u0131na, Akta\u015f Davas\u0131\u2019n\u0131n istinaf s\u00fcrecinden tutuklu ba\u015fkanlar\u0131n iddianamelerine kadar pek \u00e7ok kritik s\u00fcre\u00e7 belirleyici olacak.\u00a0<a href=\"https:\/\/www.cumhuriyet.com.tr\/turkiye\/yeni-adli-yil-basladi-gozler-ibb-davasi-belediye-dosyalari-ve-istinafta-2534360\" target=\"_blank\" class=\"feedzy-rss-link-icon\">Read More<\/a><\/p>","protected":false},"excerpt":{"rendered":"<p>G\u00f6zalt\u0131, tutuklama ve kamuoyunun yak\u0131ndan takip etti\u011fi davalar\u0131n g\u00f6lgesinde ba\u015flayan 2026-2027 adli y\u0131l\u0131nda \u0130stanbul yarg\u0131s\u0131 yo\u011fun bir g\u00fcndemle mesaiye ba\u015flad\u0131. \u00c7a\u011flayan Adliyesi&#8217;nde d\u00fczenlenen t\u00f6renle a\u00e7\u0131lan yeni adli y\u0131lda; \u0130BB Davas\u0131\u2019ndan il\u00e7e belediyesi dosyalar\u0131na, Akta\u015f Davas\u0131\u2019n\u0131n istinaf s\u00fcrecinden tutuklu ba\u015fkanlar\u0131n iddianamelerine kadar pek \u00e7ok kritik s\u00fcre\u00e7 belirleyici olacak.G\u00f6zalt\u0131, tutuklama ve kamuoyunun yak\u0131ndan takip etti\u011fi davalar\u0131n g\u00f6lgesinde [&hellip;]<\/p>\n","protected":false},"author":1,"featured_media":42229,"comment_status":"open","ping_status":"open","sticky":false,"template":"","format":"standard","meta":{"footnotes":"","_links_to":"","_links_to_target":""},"categories":[1],"tags":[],"class_list":["post-42228","post","type-post","status-publish","format-standard","has-post-thumbnail","hentry","category-haberler"],"_links":{"self":[{"href":"https:\/\/www.abchukuk.com\/index.php\/wp-json\/wp\/v2\/posts\/42228","targetHints":{"allow":["GET"]}}],"collection":[{"href":"https:\/\/www.abchukuk.com\/index.php\/wp-json\/wp\/v2\/posts"}],"about":[{"href":"https:\/\/www.abchukuk.com\/index.php\/wp-json\/wp\/v2\/types\/post"}],"author":[{"embeddable":true,"href":"https:\/\/www.abchukuk.com\/index.php\/wp-json\/wp\/v2\/users\/1"}],"replies":[{"embeddable":true,"href":"https:\/\/www.abchukuk.com\/index.php\/wp-json\/wp\/v2\/comments?post=42228"}],"version-history":[{"count":0,"href":"https:\/\/www.abchukuk.com\/index.php\/wp-json\/wp\/v2\/posts\/42228\/revisions"}],"wp:featuredmedia":[{"embeddable":true,"href":"https:\/\/www.abchukuk.com\/index.php\/wp-json\/wp\/v2\/media\/42229"}],"wp:attachment":[{"href":"https:\/\/www.abchukuk.com\/index.php\/wp-json\/wp\/v2\/media?parent=42228"}],"wp:term":[{"taxonomy":"category","embeddable":true,"href":"https:\/\/www.abchukuk.com\/index.php\/wp-json\/wp\/v2\/categories?post=42228"},{"taxonomy":"post_tag","embeddable":true,"href":"https:\/\/www.abchukuk.com\/index.php\/wp-json\/wp\/v2\/tags?post=42228"}],"curies":[{"name":"wp","href":"https:\/\/api.w.org\/{rel}","templated":true}]}}