{"id":42227,"date":"2026-09-02T14:33:14","date_gmt":"2026-09-02T14:33:14","guid":{"rendered":"https:\/\/www.abchukuk.com\/index.php\/2026\/09\/02\/istanbul-bolge-idare-mahkemesi-itirazi-reddetti-uskudarda-secim-yenilenecek\/"},"modified":"2026-09-02T14:33:14","modified_gmt":"2026-09-02T14:33:14","slug":"istanbul-bolge-idare-mahkemesi-itirazi-reddetti-uskudarda-secim-yenilenecek","status":"publish","type":"post","link":"https:\/\/www.abchukuk.com\/index.php\/2026\/09\/02\/istanbul-bolge-idare-mahkemesi-itirazi-reddetti-uskudarda-secim-yenilenecek\/","title":{"rendered":"\u0130stanbul B\u00f6lge \u0130dare Mahkemesi itiraz\u0131 reddetti: \u00dcsk\u00fcdar&#8217;da se\u00e7im yenilenecek"},"content":{"rendered":"<p>\u00dcsk\u00fcdar Belediyesi&#8217;nde ba\u015fkanvekili se\u00e7iminin yenilenmesine ili\u015fkin karara yap\u0131lan itiraz B\u00f6lge \u0130dare Mahkemesi taraf\u0131ndan reddedildi. Karar\u0131n tebli\u011f edilmesinin ard\u0131ndan 10 g\u00fcn i\u00e7inde Belediye Meclisi yeniden toplanarak ba\u015fkanvekili se\u00e7imi yapacak.\u00dcsk\u00fcdar Belediyesi&#8217;nde ba\u015fkanvekili se\u00e7iminin yenilenmesine ili\u015fkin karara yap\u0131lan itiraz B\u00f6lge \u0130dare Mahkemesi taraf\u0131ndan reddedildi. Karar\u0131n tebli\u011f edilmesinin ard\u0131ndan 10 g\u00fcn i\u00e7inde Belediye Meclisi yeniden toplanarak ba\u015fkanvekili se\u00e7imi yapacak.\u00a0<a href=\"https:\/\/anlatilaninotesi.com.tr\/20260902\/istanbul-bolge-idare-mahkemesi-itirazi-reddetti-uskudarda-secim-yenilenecek-1108440982.html\" target=\"_blank\" class=\"feedzy-rss-link-icon\">Read More<\/a><\/p>","protected":false},"excerpt":{"rendered":"<p>\u00dcsk\u00fcdar Belediyesi&#8217;nde ba\u015fkanvekili se\u00e7iminin yenilenmesine ili\u015fkin karara yap\u0131lan itiraz B\u00f6lge \u0130dare Mahkemesi taraf\u0131ndan reddedildi. Karar\u0131n tebli\u011f edilmesinin ard\u0131ndan 10 g\u00fcn i\u00e7inde Belediye Meclisi yeniden toplanarak ba\u015fkanvekili se\u00e7imi yapacak.\u00dcsk\u00fcdar Belediyesi&#8217;nde ba\u015fkanvekili se\u00e7iminin yenilenmesine ili\u015fkin karara yap\u0131lan itiraz B\u00f6lge \u0130dare Mahkemesi taraf\u0131ndan reddedildi. Karar\u0131n tebli\u011f edilmesinin ard\u0131ndan 10 g\u00fcn i\u00e7inde Belediye Meclisi yeniden toplanarak ba\u015fkanvekili se\u00e7imi yapacak.\u00a0Read [&hellip;]<\/p>\n","protected":false},"author":1,"featured_media":0,"comment_status":"open","ping_status":"open","sticky":false,"template":"","format":"standard","meta":{"footnotes":"","_links_to":"","_links_to_target":""},"categories":[1],"tags":[],"class_list":["post-42227","post","type-post","status-publish","format-standard","hentry","category-haberler"],"_links":{"self":[{"href":"https:\/\/www.abchukuk.com\/index.php\/wp-json\/wp\/v2\/posts\/42227","targetHints":{"allow":["GET"]}}],"collection":[{"href":"https:\/\/www.abchukuk.com\/index.php\/wp-json\/wp\/v2\/posts"}],"about":[{"href":"https:\/\/www.abchukuk.com\/index.php\/wp-json\/wp\/v2\/types\/post"}],"author":[{"embeddable":true,"href":"https:\/\/www.abchukuk.com\/index.php\/wp-json\/wp\/v2\/users\/1"}],"replies":[{"embeddable":true,"href":"https:\/\/www.abchukuk.com\/index.php\/wp-json\/wp\/v2\/comments?post=42227"}],"version-history":[{"count":0,"href":"https:\/\/www.abchukuk.com\/index.php\/wp-json\/wp\/v2\/posts\/42227\/revisions"}],"wp:attachment":[{"href":"https:\/\/www.abchukuk.com\/index.php\/wp-json\/wp\/v2\/media?parent=42227"}],"wp:term":[{"taxonomy":"category","embeddable":true,"href":"https:\/\/www.abchukuk.com\/index.php\/wp-json\/wp\/v2\/categories?post=42227"},{"taxonomy":"post_tag","embeddable":true,"href":"https:\/\/www.abchukuk.com\/index.php\/wp-json\/wp\/v2\/tags?post=42227"}],"curies":[{"name":"wp","href":"https:\/\/api.w.org\/{rel}","templated":true}]}}