{"id":42226,"date":"2026-09-02T14:33:53","date_gmt":"2026-09-02T14:33:53","guid":{"rendered":"https:\/\/www.abchukuk.com\/index.php\/2026\/09\/02\/uskudar-belediyesinde-2-gozalti\/"},"modified":"2026-09-02T14:33:53","modified_gmt":"2026-09-02T14:33:53","slug":"uskudar-belediyesinde-2-gozalti","status":"publish","type":"post","link":"https:\/\/www.abchukuk.com\/index.php\/2026\/09\/02\/uskudar-belediyesinde-2-gozalti\/","title":{"rendered":"\u00dcsk\u00fcdar Belediyesi&#8217;nde 2 g\u00f6zalt\u0131"},"content":{"rendered":"<p>\u0130stanbul&#8217;da \u00dcsk\u00fcdar Belediyesi&#8217;nde yap\u0131 ruhsat\u0131 ve iskan s\u00fcre\u00e7lerinde usuls\u00fczl\u00fck yap\u0131ld\u0131\u011f\u0131 iddialar\u0131na ili\u015fkin soru\u015fturmada Belediye Ba\u015fkan Yard\u0131mc\u0131lar\u0131 Amine Cansu \u00c7elik ile Mithat \u00d6zdemir g\u00f6zalt\u0131na al\u0131nd\u0131. \u015e\u00fcphelilerin ifadelerine ba\u015fvurulmak \u00fczere g\u00f6zalt\u0131na al\u0131nd\u0131\u011f\u0131 bildirildi\u0130stanbul&#8217;da \u00dcsk\u00fcdar Belediyesi&#8217;nde yap\u0131 ruhsat\u0131 ve iskan s\u00fcre\u00e7lerinde usuls\u00fczl\u00fck yap\u0131ld\u0131\u011f\u0131 iddialar\u0131na ili\u015fkin soru\u015fturmada Belediye Ba\u015fkan Yard\u0131mc\u0131lar\u0131 Amine Cansu \u00c7elik ile Mithat \u00d6zdemir g\u00f6zalt\u0131na al\u0131nd\u0131. \u015e\u00fcphelilerin ifadelerine ba\u015fvurulmak \u00fczere g\u00f6zalt\u0131na al\u0131nd\u0131\u011f\u0131 bildirildi\u00a0<a href=\"https:\/\/www.haberturk.com\/son-dakika-haberler-uskudar-belediyesi-ne-operasyon-2-kisi-gozaltina-alindi-istanbul-haberleri-3909824\" target=\"_blank\" class=\"feedzy-rss-link-icon\">Read More<\/a><\/p>","protected":false},"excerpt":{"rendered":"<p>\u0130stanbul&#8217;da \u00dcsk\u00fcdar Belediyesi&#8217;nde yap\u0131 ruhsat\u0131 ve iskan s\u00fcre\u00e7lerinde usuls\u00fczl\u00fck yap\u0131ld\u0131\u011f\u0131 iddialar\u0131na ili\u015fkin soru\u015fturmada Belediye Ba\u015fkan Yard\u0131mc\u0131lar\u0131 Amine Cansu \u00c7elik ile Mithat \u00d6zdemir g\u00f6zalt\u0131na al\u0131nd\u0131. \u015e\u00fcphelilerin ifadelerine ba\u015fvurulmak \u00fczere g\u00f6zalt\u0131na al\u0131nd\u0131\u011f\u0131 bildirildi\u0130stanbul&#8217;da \u00dcsk\u00fcdar Belediyesi&#8217;nde yap\u0131 ruhsat\u0131 ve iskan s\u00fcre\u00e7lerinde usuls\u00fczl\u00fck yap\u0131ld\u0131\u011f\u0131 iddialar\u0131na ili\u015fkin soru\u015fturmada Belediye Ba\u015fkan Yard\u0131mc\u0131lar\u0131 Amine Cansu \u00c7elik ile Mithat \u00d6zdemir g\u00f6zalt\u0131na al\u0131nd\u0131. \u015e\u00fcphelilerin [&hellip;]<\/p>\n","protected":false},"author":1,"featured_media":0,"comment_status":"open","ping_status":"open","sticky":false,"template":"","format":"standard","meta":{"footnotes":"","_links_to":"","_links_to_target":""},"categories":[1],"tags":[],"class_list":["post-42226","post","type-post","status-publish","format-standard","hentry","category-haberler"],"_links":{"self":[{"href":"https:\/\/www.abchukuk.com\/index.php\/wp-json\/wp\/v2\/posts\/42226","targetHints":{"allow":["GET"]}}],"collection":[{"href":"https:\/\/www.abchukuk.com\/index.php\/wp-json\/wp\/v2\/posts"}],"about":[{"href":"https:\/\/www.abchukuk.com\/index.php\/wp-json\/wp\/v2\/types\/post"}],"author":[{"embeddable":true,"href":"https:\/\/www.abchukuk.com\/index.php\/wp-json\/wp\/v2\/users\/1"}],"replies":[{"embeddable":true,"href":"https:\/\/www.abchukuk.com\/index.php\/wp-json\/wp\/v2\/comments?post=42226"}],"version-history":[{"count":0,"href":"https:\/\/www.abchukuk.com\/index.php\/wp-json\/wp\/v2\/posts\/42226\/revisions"}],"wp:attachment":[{"href":"https:\/\/www.abchukuk.com\/index.php\/wp-json\/wp\/v2\/media?parent=42226"}],"wp:term":[{"taxonomy":"category","embeddable":true,"href":"https:\/\/www.abchukuk.com\/index.php\/wp-json\/wp\/v2\/categories?post=42226"},{"taxonomy":"post_tag","embeddable":true,"href":"https:\/\/www.abchukuk.com\/index.php\/wp-json\/wp\/v2\/tags?post=42226"}],"curies":[{"name":"wp","href":"https:\/\/api.w.org\/{rel}","templated":true}]}}