{"id":42223,"date":"2026-09-02T12:14:45","date_gmt":"2026-09-02T12:14:45","guid":{"rendered":"https:\/\/www.abchukuk.com\/index.php\/2026\/09\/02\/mardinde-yeni-adli-yil-basladi-bassavci-hakan-hanaydan-ucu-kime-dokunursa-dokunsun-mesaji\/"},"modified":"2026-09-02T12:14:45","modified_gmt":"2026-09-02T12:14:45","slug":"mardinde-yeni-adli-yil-basladi-bassavci-hakan-hanaydan-ucu-kime-dokunursa-dokunsun-mesaji","status":"publish","type":"post","link":"https:\/\/www.abchukuk.com\/index.php\/2026\/09\/02\/mardinde-yeni-adli-yil-basladi-bassavci-hakan-hanaydan-ucu-kime-dokunursa-dokunsun-mesaji\/","title":{"rendered":"Mardin\u2019de yeni adli y\u0131l ba\u015flad\u0131: Ba\u015fsavc\u0131 Hakan Hanay\u2019dan \u201cucu kime dokunursa dokunsun\u201d mesaj\u0131"},"content":{"rendered":"<p><strong>SON.TV\/MARD\u0130N<\/strong><\/p>\n<p><strong>Mardin Adliyesi taraf\u0131ndan 2026-2027 Adli Y\u0131l\u0131 dolay\u0131s\u0131yla a\u00e7\u0131l\u0131\u015f t\u00f6reni d\u00fczenlendi. Yarg\u0131 mensuplar\u0131 ile kent protokol\u00fcn\u00fcn bir araya geldi\u011fi programda yeni adli y\u0131l\u0131n ilk mesajlar\u0131 verildi.<\/strong><\/p>\n<p>T\u00f6ren, sayg\u0131 dur\u015funda bulunulmas\u0131 ve \u0130stiklal Mar\u015f\u0131\u2019n\u0131n okunmas\u0131n\u0131n ard\u0131ndan ger\u00e7ekle\u015ftirilen konu\u015fmalarla devam etti.<\/p>\n<p><strong>YARGI VE KENT PROTOKOL\u00dc B\u0130R ARAYA GELD\u0130<\/strong><\/p>\n<p><strong>Programa Mardin Cumhuriyet Ba\u015fsavc\u0131s\u0131 Hakan Hanay, Mardin Adli Yarg\u0131 \u0130lk Derece Mahkemesi Adalet Komisyonu Ba\u015fkan\u0131 Ramazan Yurteri, Mardin Valisi Tuncay Akkoyun, AK Parti Mardin Milletvekili Faruk K\u0131l\u0131\u00e7, Mardin \u0130l Emniyet M\u00fcd\u00fcr\u00fc Recep Tecimer, Mardin \u0130l Jandarma Komutan\u0131 Tu\u011fgeneral Ercan Atasoy ve Mardin Baro Ba\u015fkan\u0131 Ahmet Duyan kat\u0131ld\u0131.<\/strong><\/p>\n<p><strong>T\u00f6rende ayr\u0131ca Mardin Cumhuriyet Ba\u015fsavc\u0131 Vekili, Midyat Cumhuriyet Ba\u015fsavc\u0131s\u0131, Midyat Adalet Komisyonu Ba\u015fkan\u0131, Nusaybin Cumhuriyet Ba\u015fsavc\u0131s\u0131, K\u0131z\u0131ltepe Cumhuriyet Ba\u015fsavc\u0131s\u0131, merkez ve m\u00fclhakat adliyelerinde g\u00f6rev yapan h\u00e2kimler, Cumhuriye<\/strong>t savc\u0131lar\u0131 ile il protokol\u00fcnden isimler yer ald\u0131.<\/p>\n<p><img fetchpriority=\"high\" decoding=\"async\" class=\"alignnone size-medium wp-image-197216\" src=\"https:\/\/www.son.tv\/wp-content\/uploads\/2026\/09\/949a1d49-4dbc-4fb6-88d8-c0fb86f174a6-1-300x170.jpeg\" alt=\"\" width=\"300\" height=\"170\" \/><\/p>\n<p><strong>BA\u015eSAVCI HANAY\u2019DAN HUKUKUN \u00dcST\u00dcNL\u00dc\u011e\u00dc VURGUSU<\/strong><\/p>\n<p>Yeni adli y\u0131l\u0131n a\u00e7\u0131l\u0131\u015f konu\u015fmas\u0131n\u0131 yapan <strong>Mardin Cumhuriyet Ba\u015fsavc\u0131s\u0131 Hakan Hanay,<\/strong> yarg\u0131 te\u015fkilat\u0131n\u0131n temel hedefinin insan haklar\u0131na sayg\u0131l\u0131, hukukun \u00fcst\u00fcnl\u00fc\u011f\u00fcn\u00fc esas alan, adil, h\u0131zl\u0131 ve etkin bir yarg\u0131 hizmeti sunmak oldu\u011funu s\u00f6yledi.<\/p>\n<p><strong>Hanay<\/strong>, adaletin gecikmeden, tarafs\u0131zl\u0131k ve e\u015fitlik ilkeleri do\u011frultusunda tecelli etmesinin vatanda\u015flar\u0131n yarg\u0131ya duydu\u011fu g\u00fcven a\u00e7\u0131s\u0131ndan b\u00fcy\u00fck \u00f6nem ta\u015f\u0131d\u0131\u011f\u0131n\u0131 belirtti.<\/p>\n<p>\u201c<strong>UCU K\u0130ME DOKUNURSA DOKUNSUN\u201d<\/strong><\/p>\n<p><strong>Ba\u015fsavc\u0131 Hanay,<\/strong> soru\u015fturmalar\u0131n y\u00fcr\u00fct\u00fclmesine ili\u015fkin dikkat \u00e7eken mesajlar verdi.<\/p>\n<p><strong>Adalet Bakan\u0131 Ak\u0131n G\u00fcrlek<\/strong>\u2019in de dile getirdi\u011fi yakla\u015f\u0131m\u0131 hat\u0131rlatan <strong>Hanay<\/strong>, \u015fu ifadeleri kulland\u0131:<\/p>\n<p><strong>\u201cSay\u0131n Adalet Bakan\u0131m\u0131z\u0131n da dile getirdi\u011fi \u00fczere g\u00f6revimizi icra ederken soru\u015fturman\u0131n ucu kime dokunursa dokunsun fark etmeksizin, dosyalar\u0131m\u0131zdaki somut deliller do\u011frultusunda en etkin ve h\u0131zl\u0131 \u015fekilde soru\u015fturmalar\u0131m\u0131z\u0131 y\u00fcr\u00fctmenin adalete olan inanc\u0131n sa\u011flanmas\u0131 i\u00e7in \u00e7ok \u00f6nemli oldu\u011funun bilincindeyiz. \u00c7al\u0131\u015fmalar\u0131m\u0131z\u0131 da bu do\u011frultuda devam ettiriyoruz.\u201d<\/strong><\/p>\n<p><img decoding=\"async\" class=\"alignnone size-medium wp-image-197214\" src=\"https:\/\/www.son.tv\/wp-content\/uploads\/2026\/09\/9181bd54-8b76-4e58-aded-5a06e208c195-300x206.jpeg\" alt=\"\" width=\"300\" height=\"206\" \/><\/p>\n<p><strong>\u201cH\u0130\u00c7 K\u0130MSE HUKUKUN \u00dcZER\u0130NDE DE\u011e\u0130L\u201d<\/strong><\/p>\n<p><strong>Ba\u015fsavc\u0131 Hakan Hanay<\/strong>, hukuk \u00f6n\u00fcnde e\u015fitlik ve hukuk g\u00fcvencesinin \u00f6nemine de dikkat \u00e7ekti.<\/p>\n<p><strong>Hanay, \u201cBu \u00e7er\u00e7evede hi\u00e7 kimsenin hukukun \u00fczerinde olmad\u0131\u011f\u0131n\u0131n ve hi\u00e7 kimsenin hukuk g\u00fcvencesinden mahrum b\u0131rak\u0131lmamas\u0131 gerekti\u011finin fark\u0131nday\u0131z\u201d<\/strong> dedi.<\/p>\n<p><strong>Ba\u015fsavc\u0131 Hanay<\/strong>\u2019\u0131n a\u00e7\u0131klamalar\u0131nda, soru\u015fturmalar\u0131n ki\u015fi veya konuma bak\u0131lmaks\u0131z\u0131n somut deliller \u00fczerinden etkin ve h\u0131zl\u0131 bi\u00e7imde y\u00fcr\u00fct\u00fclmesi gerekti\u011fi vurgusu \u00f6ne \u00e7\u0131kt\u0131.<\/p>\n<p><strong><img decoding=\"async\" class=\"alignnone size-medium wp-image-197217\" src=\"https:\/\/www.son.tv\/wp-content\/uploads\/2026\/09\/90ed9c97-cf27-4919-a0a3-86a89f154049-300x200.jpeg\" alt=\"\" width=\"300\" height=\"200\" \/><\/strong><\/p>\n<p><strong>ADALET\u0130N GEC\u0130KMEDEN TECELL\u0130 ETMES\u0130 HEDEF\u0130<\/strong><\/p>\n<p><strong>Mardin Cumhuriyet Ba\u015fsavc\u0131s\u0131 Hanay,<\/strong> yeni adli y\u0131lda vatanda\u015flar\u0131n yarg\u0131ya olan g\u00fcveninin korunmas\u0131na y\u00f6nelik \u00e7al\u0131\u015fmalar\u0131n s\u00fcrd\u00fcr\u00fclece\u011fini belirtti.<\/p>\n<p><strong>Hanay<\/strong>, insan haklar\u0131na sayg\u0131, hukukun \u00fcst\u00fcnl\u00fc\u011f\u00fc, tarafs\u0131zl\u0131k ve e\u015fitlik ilkelerinin yarg\u0131 hizmetlerinin temelini olu\u015fturdu\u011funu ifade ederek h\u0131zl\u0131 ve etkin bir yarg\u0131 hizmeti hedefini vurgulad\u0131.<\/p>\n<p>\u201c<strong>TOPLUMSAL BARI\u015eA KATKI SA\u011eLAYAN ANLAYI\u015eLA \u00c7ALI\u015eACA\u011eIZ\u201d<\/strong><\/p>\n<p><strong>Ba\u015fsavc\u0131 Hanay,<\/strong> yeni adli y\u0131la ili\u015fkin mesaj\u0131nda toplumsal bar\u0131\u015f ve insan onuruna da dikkat \u00e7ekti.<\/p>\n<p><strong>Hanay, \u201cYeni adli y\u0131lda hukukun \u00fcst\u00fcnl\u00fc\u011f\u00fcne ba\u011fl\u0131l\u0131ktan \u00f6d\u00fcn vermeden, insan onurunu esas alan, adalet duygusunu g\u00fc\u00e7lendiren, toplumsal bar\u0131\u015fa katk\u0131 sa\u011flayan bir anlay\u0131\u015fla \u00e7al\u0131\u015fmalar\u0131m\u0131z\u0131 s\u00fcrd\u00fcrece\u011fimize olan inanc\u0131m\u0131 bir kez daha ifade ediyorum\u201d<\/strong> dedi.<\/p>\n<p><strong>Hanay<\/strong>, 2026-2027 Adli Y\u0131l\u0131\u2019n\u0131n adalet te\u015fkilat\u0131na, T\u00fcrkiye\u2019ye ve millete sa\u011fl\u0131k, huzur, ba\u015far\u0131 ve hay\u0131rlar getirmesi temennisinde bulundu.<\/p>\n<p><strong>VAL\u0130 AKKOYUN VE KOM\u0130SYON BA\u015eKANI YURTER\u0130\u2019NDEN YEN\u0130 ADL\u0130 YIL MESAJI<\/strong><\/p>\n<p>Programda <strong>Mardin Adalet Komisyonu Ba\u015fkan\u0131 Ramazan Yurteri ile Mardin Valisi Tuncay Akkoyun<\/strong> da konu\u015fma yapt\u0131.<\/p>\n<p>Konu\u015fmalarda hukukun ve adaletin \u00fcst\u00fcnl\u00fc\u011f\u00fcne vurgu yap\u0131larak <strong>2026-2027 Adli Y\u0131l\u0131<\/strong>\u2019n\u0131n yarg\u0131 camias\u0131na ve T\u00fcrkiye\u2019ye hay\u0131rl\u0131 olmas\u0131 temennisinde bulunuldu.<\/p>\n<p><strong>Mardin<\/strong>\u2019deki t\u00f6ren, yeni adli y\u0131l dolay\u0131s\u0131yla ger\u00e7ekle\u015ftirilen program\u0131n ard\u0131ndan sona erdi.<\/p>\n<p><img loading=\"lazy\" decoding=\"async\" loading=\"lazy\" class=\"alignnone size-medium wp-image-197215\" src=\"https:\/\/www.son.tv\/wp-content\/uploads\/2026\/09\/898d724d-0a65-495e-9a28-46cd10ba0a27-300x203.jpeg\" alt=\"\" width=\"300\" height=\"203\" \/><\/p>\n<p><strong>ET\u0130KETLER: #Mardin #MardinAdliyesi #HakanHanay #MardinCumhuriyetBa\u015fsavc\u0131l\u0131\u011f\u0131 #RamazanYurteri #TuncayAkkoyun #YeniAdliY\u0131l #20262027AdliY\u0131l\u0131 #Adalet #Yarg\u0131 #Hukukun\u00dcst\u00fcnl\u00fc\u011f\u00fc<\/strong><\/p>\n<p>Mardin\u2019de 2026-2027 Adli Y\u0131l\u0131 d\u00fczenlenen t\u00f6renle ba\u015flad\u0131. Mardin Cumhuriyet Ba\u015fsavc\u0131s\u0131 Hakan Hanay, yeni adli y\u0131l\u0131n a\u00e7\u0131l\u0131\u015f\u0131nda hukukun \u00fcst\u00fcnl\u00fc\u011f\u00fc, h\u0131zl\u0131 ve etkin soru\u015fturma ile yarg\u0131ya g\u00fcven vurgusu yapt\u0131. Hanay, \u201cSoru\u015fturman\u0131n ucu kime dokunursa dokunsun fark etmeksizin, dosyalar\u0131m\u0131zdaki somut deliller do\u011frultusunda en etkin ve h\u0131zl\u0131 \u015fekilde soru\u015fturmalar\u0131m\u0131z\u0131 y\u00fcr\u00fctmenin adalete olan inanc\u0131n sa\u011flanmas\u0131 i\u00e7in \u00e7ok \u00f6nemli oldu\u011funun bilincindeyiz\u201d dedi.\u00a0<a href=\"https:\/\/www.son.tv\/mardinde-yeni-adli-yil-basladi-bassavci-hakan-hanaydan-ucu-kime-dokunursa-dokunsun-mesaji\/\" target=\"_blank\" class=\"feedzy-rss-link-icon\">Read More<\/a><\/p>","protected":false},"excerpt":{"rendered":"<p>SON.TV\/MARD\u0130N Mardin Adliyesi taraf\u0131ndan 2026-2027 Adli Y\u0131l\u0131 dolay\u0131s\u0131yla a\u00e7\u0131l\u0131\u015f t\u00f6reni d\u00fczenlendi. Yarg\u0131 mensuplar\u0131 ile kent protokol\u00fcn\u00fcn bir araya geldi\u011fi programda yeni adli y\u0131l\u0131n ilk mesajlar\u0131 verildi. T\u00f6ren, sayg\u0131 dur\u015funda bulunulmas\u0131 ve \u0130stiklal Mar\u015f\u0131\u2019n\u0131n okunmas\u0131n\u0131n ard\u0131ndan ger\u00e7ekle\u015ftirilen konu\u015fmalarla devam etti. YARGI VE KENT PROTOKOL\u00dc B\u0130R ARAYA GELD\u0130 Programa Mardin Cumhuriyet Ba\u015fsavc\u0131s\u0131 Hakan Hanay, Mardin Adli Yarg\u0131 [&hellip;]<\/p>\n","protected":false},"author":1,"featured_media":42224,"comment_status":"open","ping_status":"open","sticky":false,"template":"","format":"standard","meta":{"footnotes":"","_links_to":"","_links_to_target":""},"categories":[1],"tags":[],"class_list":["post-42223","post","type-post","status-publish","format-standard","has-post-thumbnail","hentry","category-haberler"],"_links":{"self":[{"href":"https:\/\/www.abchukuk.com\/index.php\/wp-json\/wp\/v2\/posts\/42223","targetHints":{"allow":["GET"]}}],"collection":[{"href":"https:\/\/www.abchukuk.com\/index.php\/wp-json\/wp\/v2\/posts"}],"about":[{"href":"https:\/\/www.abchukuk.com\/index.php\/wp-json\/wp\/v2\/types\/post"}],"author":[{"embeddable":true,"href":"https:\/\/www.abchukuk.com\/index.php\/wp-json\/wp\/v2\/users\/1"}],"replies":[{"embeddable":true,"href":"https:\/\/www.abchukuk.com\/index.php\/wp-json\/wp\/v2\/comments?post=42223"}],"version-history":[{"count":0,"href":"https:\/\/www.abchukuk.com\/index.php\/wp-json\/wp\/v2\/posts\/42223\/revisions"}],"wp:featuredmedia":[{"embeddable":true,"href":"https:\/\/www.abchukuk.com\/index.php\/wp-json\/wp\/v2\/media\/42224"}],"wp:attachment":[{"href":"https:\/\/www.abchukuk.com\/index.php\/wp-json\/wp\/v2\/media?parent=42223"}],"wp:term":[{"taxonomy":"category","embeddable":true,"href":"https:\/\/www.abchukuk.com\/index.php\/wp-json\/wp\/v2\/categories?post=42223"},{"taxonomy":"post_tag","embeddable":true,"href":"https:\/\/www.abchukuk.com\/index.php\/wp-json\/wp\/v2\/tags?post=42223"}],"curies":[{"name":"wp","href":"https:\/\/api.w.org\/{rel}","templated":true}]}}