{"id":42222,"date":"2026-09-02T12:24:52","date_gmt":"2026-09-02T12:24:52","guid":{"rendered":"https:\/\/www.abchukuk.com\/index.php\/2026\/09\/02\/bassavci-ahmet-rufai-sahinden-yeni-adli-yil-mesaji-adalette-hiz-ve-etkinlik-vurgusu-yapti\/"},"modified":"2026-09-02T12:24:52","modified_gmt":"2026-09-02T12:24:52","slug":"bassavci-ahmet-rufai-sahinden-yeni-adli-yil-mesaji-adalette-hiz-ve-etkinlik-vurgusu-yapti","status":"publish","type":"post","link":"https:\/\/www.abchukuk.com\/index.php\/2026\/09\/02\/bassavci-ahmet-rufai-sahinden-yeni-adli-yil-mesaji-adalette-hiz-ve-etkinlik-vurgusu-yapti\/","title":{"rendered":"Ba\u015fsavc\u0131 Ahmet R\u00fcfai \u015eahin\u2019den yeni adli y\u0131l mesaj\u0131: Adalette h\u0131z ve etkinlik vurgusu yapt\u0131"},"content":{"rendered":"<p><strong>SON.TV\/KIRIKKALE<\/strong><\/p>\n<p><strong>K\u0131r\u0131kkale Cumhuriyet Ba\u015fsavc\u0131s\u0131 Ahmet R\u00fcfai \u015eahin, 2026-2027 Adli Y\u0131l\u0131\u2019n\u0131n ba\u015flamas\u0131 dolay\u0131s\u0131yla yeni adli y\u0131l mesaj\u0131 yay\u0131mlad\u0131.<\/strong><\/p>\n<p><strong>Ba\u015fsavc\u0131 \u015eahin,<\/strong> mesaj\u0131nda adalet hizmetlerinin vatanda\u015flara en h\u0131zl\u0131, etkin ve do\u011fru \u015fekilde sunulmas\u0131 gerekti\u011fini vurgularken, bu ama\u00e7 do\u011frultusunda \u00e7al\u0131\u015fan yarg\u0131 mensuplar\u0131na da te\u015fekk\u00fcr etti.<\/p>\n<p><strong>BA\u015eSAVCI \u015eAH\u0130N\u2019DEN YEN\u0130 ADL\u0130 YIL MESAJI<\/strong><\/p>\n<p><strong>K\u0131r\u0131kkale Cumhuriyet Ba\u015fsavc\u0131s\u0131 Ahmet R\u00fcfai \u015eahin,<\/strong> yeni adli y\u0131l dolay\u0131s\u0131yla yapt\u0131\u011f\u0131 a\u00e7\u0131klamada 2026-2027 Adli Y\u0131l\u0131\u2019n\u0131n T\u00fcrkiye\u2019ye, millete ve hukuk camias\u0131na hay\u0131rl\u0131 olmas\u0131 temennisinde bulundu.<\/p>\n<p><strong>\u015eahin<\/strong>, vatanda\u015flar\u0131n adalet hizmetlerine h\u0131zl\u0131 ve do\u011fru \u015fekilde ula\u015fmas\u0131n\u0131n \u00f6nemine dikkat \u00e7ekti.<\/p>\n<p><strong>\u201cADALET H\u0130ZMETLER\u0130N\u0130N EN HIZLI, ETK\u0130N VE DO\u011eRU \u015eEK\u0130LDE SUNULMASI\u201d<\/strong><\/p>\n<p><strong>Ba\u015fsavc\u0131 \u015eahin mesaj\u0131nda \u015fu ifadeleri kulland\u0131:<\/strong><\/p>\n<p><strong>\u201c2026-2027 Adli Y\u0131l\u0131, \u00fclkemize, milletimize ve hukuk camiam\u0131za hay\u0131rl\u0131 olsun. Vatanda\u015flar\u0131m\u0131za adalet hizmetlerinin en h\u0131zl\u0131, etkin ve do\u011fru \u015fekilde sunulmas\u0131 i\u00e7in canla ba\u015fla \u00e7al\u0131\u015fan yarg\u0131 camiam\u0131z\u0131n yeni adli y\u0131l\u0131n\u0131 kutluyorum.\u201d<\/strong><\/p>\n<p><strong>YARGI CAM\u0130ASININ \u00d6ZVER\u0130L\u0130 \u00c7ALI\u015eMASINA VURGU<\/strong><\/p>\n<p><strong>Ba\u015fsavc\u0131 Ahmet R\u00fcfai \u015eahin<\/strong>, a\u00e7\u0131klamas\u0131nda adalet hizmetlerinin y\u00fcr\u00fct\u00fclmesinde g\u00f6rev alan yarg\u0131 mensuplar\u0131n\u0131n \u00e7al\u0131\u015fmalar\u0131na da dikkat \u00e7ekti.<\/p>\n<p>\u015eahin, vatanda\u015flara sunulan adalet hizmetlerinin h\u0131zl\u0131, etkin ve do\u011fru \u015fekilde yerine getirilmesi amac\u0131yla yarg\u0131 camias\u0131n\u0131n canla ba\u015fla \u00e7al\u0131\u015ft\u0131\u011f\u0131n\u0131 belirtti.<\/p>\n<p><strong>YEN\u0130 ADL\u0130 YIL \u0130\u00c7\u0130N HAYIRLI OLSUN TEMENN\u0130S\u0130<\/strong><\/p>\n<p>2026-2027 Adli Y\u0131l\u0131\u2019n\u0131n ba\u015flamas\u0131yla birlikte yarg\u0131 te\u015fkilat\u0131nda yeni \u00e7al\u0131\u015fma d\u00f6nemi ba\u015flarken, Ba\u015fsavc\u0131 \u015eahin de mesaj\u0131nda t\u00fcm yarg\u0131 mensuplar\u0131n\u0131n yeni adli y\u0131l\u0131n\u0131 kutlad\u0131.<\/p>\n<p><strong>\u015eahin<\/strong>, yeni adli y\u0131l\u0131n \u00fclke, millet ve hukuk camias\u0131 i\u00e7in hay\u0131rl\u0131 olmas\u0131n\u0131 diledi.<\/p>\n<p><strong>ET\u0130KETLER: #AhmetR\u00fcfai\u015eahin #K\u0131r\u0131kkale #K\u0131r\u0131kkaleAdliyesi #K\u0131r\u0131kkaleCumhuriyetBa\u015fsavc\u0131l\u0131\u011f\u0131 #YeniAdliY\u0131l #20262027AdliY\u0131l\u0131 #Adalet #Yarg\u0131 #H\u0131zl\u0131Yarg\u0131 #EtkinYarg\u0131<\/strong><\/p>\n<p>K\u0131r\u0131kkale Cumhuriyet Ba\u015fsavc\u0131s\u0131 Ahmet R\u00fcfai \u015eahin, 2026-2027 Adli Y\u0131l\u0131\u2019n\u0131n ba\u015flamas\u0131 dolay\u0131s\u0131yla yay\u0131mlad\u0131\u011f\u0131 mesajda vatanda\u015flara adalet hizmetlerinin h\u0131zl\u0131, etkin ve do\u011fru \u015fekilde sunulmas\u0131n\u0131n \u00f6nemine dikkat \u00e7ekti. \u015eahin, b\u00fcy\u00fck bir \u00f6zveriyle g\u00f6rev yapan yarg\u0131 camias\u0131n\u0131n yeni adli y\u0131l\u0131n\u0131 kutlad\u0131.\u00a0<a href=\"https:\/\/www.son.tv\/bassavci-ahmet-rufai-sahinden-yeni-adli-yil-mesaji-adalette-hiz-ve-etkinlik-vurgusu-yapti\/\" target=\"_blank\" class=\"feedzy-rss-link-icon\">Read More<\/a><\/p>","protected":false},"excerpt":{"rendered":"<p>SON.TV\/KIRIKKALE K\u0131r\u0131kkale Cumhuriyet Ba\u015fsavc\u0131s\u0131 Ahmet R\u00fcfai \u015eahin, 2026-2027 Adli Y\u0131l\u0131\u2019n\u0131n ba\u015flamas\u0131 dolay\u0131s\u0131yla yeni adli y\u0131l mesaj\u0131 yay\u0131mlad\u0131. Ba\u015fsavc\u0131 \u015eahin, mesaj\u0131nda adalet hizmetlerinin vatanda\u015flara en h\u0131zl\u0131, etkin ve do\u011fru \u015fekilde sunulmas\u0131 gerekti\u011fini vurgularken, bu ama\u00e7 do\u011frultusunda \u00e7al\u0131\u015fan yarg\u0131 mensuplar\u0131na da te\u015fekk\u00fcr etti. BA\u015eSAVCI \u015eAH\u0130N\u2019DEN YEN\u0130 ADL\u0130 YIL MESAJI K\u0131r\u0131kkale Cumhuriyet Ba\u015fsavc\u0131s\u0131 Ahmet R\u00fcfai \u015eahin, yeni adli [&hellip;]<\/p>\n","protected":false},"author":1,"featured_media":0,"comment_status":"open","ping_status":"open","sticky":false,"template":"","format":"standard","meta":{"footnotes":"","_links_to":"","_links_to_target":""},"categories":[1],"tags":[],"class_list":["post-42222","post","type-post","status-publish","format-standard","hentry","category-haberler"],"_links":{"self":[{"href":"https:\/\/www.abchukuk.com\/index.php\/wp-json\/wp\/v2\/posts\/42222","targetHints":{"allow":["GET"]}}],"collection":[{"href":"https:\/\/www.abchukuk.com\/index.php\/wp-json\/wp\/v2\/posts"}],"about":[{"href":"https:\/\/www.abchukuk.com\/index.php\/wp-json\/wp\/v2\/types\/post"}],"author":[{"embeddable":true,"href":"https:\/\/www.abchukuk.com\/index.php\/wp-json\/wp\/v2\/users\/1"}],"replies":[{"embeddable":true,"href":"https:\/\/www.abchukuk.com\/index.php\/wp-json\/wp\/v2\/comments?post=42222"}],"version-history":[{"count":0,"href":"https:\/\/www.abchukuk.com\/index.php\/wp-json\/wp\/v2\/posts\/42222\/revisions"}],"wp:attachment":[{"href":"https:\/\/www.abchukuk.com\/index.php\/wp-json\/wp\/v2\/media?parent=42222"}],"wp:term":[{"taxonomy":"category","embeddable":true,"href":"https:\/\/www.abchukuk.com\/index.php\/wp-json\/wp\/v2\/categories?post=42222"},{"taxonomy":"post_tag","embeddable":true,"href":"https:\/\/www.abchukuk.com\/index.php\/wp-json\/wp\/v2\/tags?post=42222"}],"curies":[{"name":"wp","href":"https:\/\/api.w.org\/{rel}","templated":true}]}}