{"id":42218,"date":"2026-09-02T10:09:42","date_gmt":"2026-09-02T10:09:42","guid":{"rendered":"https:\/\/www.abchukuk.com\/index.php\/2026\/09\/02\/hsk-uyeleri-aydemir-ve-tiryakiden-bassavci-baris-dumana-kritik-ziyaret-yeni-nesil-suc-orgutleri-masada\/"},"modified":"2026-09-02T10:09:42","modified_gmt":"2026-09-02T10:09:42","slug":"hsk-uyeleri-aydemir-ve-tiryakiden-bassavci-baris-dumana-kritik-ziyaret-yeni-nesil-suc-orgutleri-masada","status":"publish","type":"post","link":"https:\/\/www.abchukuk.com\/index.php\/2026\/09\/02\/hsk-uyeleri-aydemir-ve-tiryakiden-bassavci-baris-dumana-kritik-ziyaret-yeni-nesil-suc-orgutleri-masada\/","title":{"rendered":"HSK \u00fcyeleri Aydemir ve Tiryaki\u2019den Ba\u015fsavc\u0131 Bar\u0131\u015f Duman\u2019a kritik ziyaret: Yeni nesil su\u00e7 \u00f6rg\u00fctleri masada!"},"content":{"rendered":"<p><strong>SON.TV\/\u0130STANBUL<\/strong><\/p>\n<p><strong>HSK \u00dcyeleri Cengiz Aydemir ve Ali\u015fan Tiryaki\u2019nin Bak\u0131rk\u00f6y Adliyesi ziyareti kapsam\u0131nda kritik bir yarg\u0131 bulu\u015fmas\u0131 ger\u00e7ekle\u015ftirildi.<\/strong><\/p>\n<p><img loading=\"lazy\" decoding=\"async\" loading=\"lazy\" class=\"alignnone size-medium wp-image-197157\" src=\"https:\/\/www.son.tv\/wp-content\/uploads\/2026\/09\/IMG_8014-300x225.jpeg\" alt=\"\" width=\"300\" height=\"225\" \/><\/p>\n<p>Son d\u00f6nemde yeni nesil su\u00e7 \u00f6rg\u00fctleri ve ekonomik su\u00e7lara y\u00f6nelik soru\u015fturmalarla \u00f6ne \u00e7\u0131kan Bak\u0131rk\u00f6y Cumhuriyet Ba\u015fsavc\u0131l\u0131\u011f\u0131n\u0131n g\u00f6rev alan\u0131ndaki yarg\u0131 \u00e7al\u0131\u015fmalar\u0131n\u0131n da g\u00fcndeme geldi\u011fi ziyarette, yarg\u0131 hizmetlerinin y\u00fcr\u00fct\u00fclmesine ili\u015fkin de\u011ferlendirmelerde bulunuldu.<\/p>\n<p><img loading=\"lazy\" decoding=\"async\" loading=\"lazy\" class=\"alignnone size-medium wp-image-197158\" src=\"https:\/\/www.son.tv\/wp-content\/uploads\/2026\/09\/35585115-c386-4505-b887-a36affec5fcb-300x225.jpeg\" alt=\"\" width=\"300\" height=\"225\" \/><\/p>\n<p><strong>HSK \u00dcYELER\u0130N\u0130 ADL\u0130YE G\u0130R\u0130\u015e\u0130NDE KAR\u015eILADILAR<\/strong><\/p>\n<p>HSK \u00dcyeleri Cengiz Aydemir ve Ali\u015fan Tiryaki, Bak\u0131rk\u00f6y Adliyesi\u2019ne geli\u015flerinde Bak\u0131rk\u00f6y Cumhuriyet Ba\u015fsavc\u0131s\u0131 Do\u00e7. Dr. Bar\u0131\u015f Duman, Bak\u0131rk\u00f6y Adli Yarg\u0131 \u0130lk Derece Mahkemesi Adalet Komisyonu Ba\u015fkan\u0131 Arif T\u0131r\u0131l, Adalet Komisyonu \u00dcyesi P\u0131nar \u015eafak ve Cumhuriyet ba\u015fsavc\u0131 vekilleri taraf\u0131ndan kar\u015f\u0131land\u0131.<\/p>\n<p>HSK \u00fcyelerine adliye giri\u015finde \u00e7i\u00e7ek takdim edildi.<\/p>\n<p>Aydemir ve Tiryaki daha sonra kendilerini kar\u015f\u0131layan Cumhuriyet ba\u015fsavc\u0131 vekilleriyle tek tek selamla\u015ft\u0131.<\/p>\n<p><strong>BA\u015eSAVCI BARI\u015e DUMAN\u2019IN MAKAMINDA YARGI G\u00dcNDEM\u0130<\/strong><\/p>\n<p>Kar\u015f\u0131laman\u0131n ard\u0131ndan HSK \u00dcyeleri Cengiz Aydemir ve Ali\u015fan Tiryaki ile beraberindeki yarg\u0131 heyeti, Bak\u0131rk\u00f6y Cumhuriyet Ba\u015fsavc\u0131s\u0131 Do\u00e7. Dr. Bar\u0131\u015f Duman\u2019\u0131n makam\u0131na ge\u00e7ti.<\/p>\n<p>Ba\u015fsavc\u0131 Duman\u2019\u0131n makam\u0131nda ger\u00e7ekle\u015ftirilen g\u00f6r\u00fc\u015fmede yarg\u0131ya ili\u015fkin g\u00fcncel konular ve Bak\u0131rk\u00f6y Cumhuriyet Ba\u015fsavc\u0131l\u0131\u011f\u0131n\u0131n g\u00f6rev ve yetki alan\u0131ndaki \u00e7al\u0131\u015fmalar \u00fczerine g\u00f6r\u00fc\u015f al\u0131\u015fveri\u015finde bulunuldu.<\/p>\n<p><img loading=\"lazy\" decoding=\"async\" loading=\"lazy\" class=\"alignnone size-medium wp-image-197159\" src=\"https:\/\/www.son.tv\/wp-content\/uploads\/2026\/09\/04cc09a9-a224-413b-b747-8e4bde237c1e-300x225.jpeg\" alt=\"\" width=\"300\" height=\"225\" \/><\/p>\n<p><strong>YEN\u0130 NES\u0130L SU\u00c7 \u00d6RG\u00dcTLER\u0130YLE M\u00dcCADELEDE BAKIRK\u00d6Y \u00d6NE \u00c7IKIYOR<\/strong><\/p>\n<p>Bak\u0131rk\u00f6y Cumhuriyet Ba\u015fsavc\u0131l\u0131\u011f\u0131 son d\u00f6nemde \u00f6zellikle yeni nesil silahl\u0131 su\u00e7 \u00f6rg\u00fctlerine y\u00f6nelik kapsaml\u0131 soru\u015fturmalar y\u00fcr\u00fct\u00fcyor.<\/p>\n<p>Ba\u015fsavc\u0131l\u0131\u011f\u0131n \u00d6rg\u00fctl\u00fc Su\u00e7lar Soru\u015fturma B\u00fcrosu taraf\u0131ndan y\u00fcr\u00fct\u00fclen soru\u015fturmalardan birinde, su\u00e7 \u00f6rg\u00fctleriyle menfaat ili\u015fkisine girdikleri ve \u00f6rg\u00fct hiyerar\u015fisi i\u00e7erisinde hareket ettikleri belirlenen, aralar\u0131nda \u00e7e\u015fitli kamu g\u00f6revlilerinin de bulundu\u011fu \u015f\u00fcphelilere y\u00f6nelik \u0130stanbul merkezli 12 ilde operasyon ger\u00e7ekle\u015ftirilmi\u015fti.<\/p>\n<p>Operasyonda yakalanan 37 \u015f\u00fcpheliden 24\u2019\u00fc tutuklanm\u0131\u015f, 13 \u015f\u00fcpheli hakk\u0131nda ise adli kontrol tedbiri uygulanm\u0131\u015ft\u0131.<\/p>\n<p>\u00d6rg\u00fct mensuplar\u0131n\u0131n baz\u0131 kamu g\u00f6revlilerinden su\u00e7, aranma ve yakalama kayd\u0131, k\u0131rm\u0131z\u0131 b\u00fclten, ara\u00e7 \u015ferhi ve g\u00fcmr\u00fck ge\u00e7i\u015fleri gibi bilgiler temin ettiklerinin belirlenmesi soru\u015fturman\u0131n dikkat \u00e7eken ba\u015fl\u0131klar\u0131 aras\u0131nda yer alm\u0131\u015ft\u0131.<\/p>\n<p><img loading=\"lazy\" decoding=\"async\" loading=\"lazy\" class=\"alignnone size-medium wp-image-197160\" src=\"https:\/\/www.son.tv\/wp-content\/uploads\/2026\/09\/dab06391-ff73-4468-b1e1-0ddce674a2b6-300x225.jpeg\" alt=\"\" width=\"300\" height=\"225\" \/><\/p>\n<p><strong>EKONOM\u0130K VE \u00d6RG\u00dcTL\u00dc SU\u00c7LAR YARGI G\u00dcNDEM\u0130N\u0130N \u00d6NEML\u0130 BA\u015eLIKLARI<\/strong><\/p>\n<p>Yeni nesil su\u00e7 \u00f6rg\u00fctlerinin finans kaynaklar\u0131n\u0131n ortaya \u00e7\u0131kar\u0131lmas\u0131, su\u00e7tan elde edilen gelirlerin tespiti ve ekonomik su\u00e7larla m\u00fccadele son d\u00f6nemde yarg\u0131n\u0131n \u00f6nemli g\u00fcndem maddeleri aras\u0131nda bulunuyor.<\/p>\n<p>Adalet Bakanl\u0131\u011f\u0131 da organize su\u00e7 \u00f6rg\u00fctleriyle m\u00fccadelede yaln\u0131zca \u00f6rg\u00fctlerin sahadaki yap\u0131lanmalar\u0131n\u0131n de\u011fil, finansal kaynaklar\u0131n\u0131n ve su\u00e7 gelirlerinin de hedef al\u0131naca\u011f\u0131n\u0131 a\u00e7\u0131klam\u0131\u015ft\u0131.<\/p>\n<p>Bak\u0131rk\u00f6y Cumhuriyet Ba\u015fsavc\u0131l\u0131\u011f\u0131n\u0131n yetki alan\u0131nda y\u00fcr\u00fct\u00fclen \u00f6rg\u00fctl\u00fc su\u00e7, ekonomik su\u00e7 ve di\u011fer soru\u015fturmalar da Ba\u015fsavc\u0131l\u0131\u011f\u0131n yo\u011fun \u00e7al\u0131\u015fma alanlar\u0131 aras\u0131nda yer al\u0131yor.<\/p>\n<p><img loading=\"lazy\" decoding=\"async\" loading=\"lazy\" class=\"alignnone size-medium wp-image-197161\" src=\"https:\/\/www.son.tv\/wp-content\/uploads\/2026\/09\/72ed029a-3233-4c75-982f-2cea02b47298-300x225.jpeg\" alt=\"\" width=\"300\" height=\"225\" \/><\/p>\n<p><strong>BAKIRK\u00d6Y \u00a0ADL\u0130YES\u0130NDE YARGI H\u0130ZMETLER\u0130 DE\u011eERLEND\u0130R\u0130LD\u0130<\/strong><\/p>\n<p>HSK \u00dcyeleri Cengiz Aydemir ve Ali\u015fan Tiryaki ile Bak\u0131rk\u00f6y Cumhuriyet Ba\u015fsavc\u0131s\u0131 Do\u00e7. Dr. Bar\u0131\u015f Duman\u2019\u0131n g\u00f6r\u00fc\u015fmesinde, Bak\u0131rk\u00f6y Adliyesinde y\u00fcr\u00fct\u00fclen yarg\u0131 hizmetleri ve g\u00fcncel yarg\u0131 ba\u015fl\u0131klar\u0131 \u00fczerinde de\u011ferlendirmeler ger\u00e7ekle\u015ftirildi.<\/p>\n<p>Ziyaret, HSK \u00fcyeleri ile Bak\u0131rk\u00f6y Adliyesi yarg\u0131 y\u00f6netiminin bir araya geldi\u011fi kapsaml\u0131 bir g\u00f6r\u00fc\u015fme olarak ger\u00e7ekle\u015fti.<\/p>\n<p>\u00a0<\/p>\n<p><strong><img loading=\"lazy\" decoding=\"async\" loading=\"lazy\" class=\"alignnone size-medium wp-image-197162\" src=\"https:\/\/www.son.tv\/wp-content\/uploads\/2026\/09\/92297bd8-150c-4eb7-83b0-ae3cebe9aa25-300x225.jpeg\" alt=\"\" width=\"300\" height=\"225\" \/> <img loading=\"lazy\" decoding=\"async\" loading=\"lazy\" class=\"alignnone size-medium wp-image-197163\" src=\"https:\/\/www.son.tv\/wp-content\/uploads\/2026\/09\/0d37abb1-0cce-4b97-89d8-7e3913a773f3-300x225.jpeg\" alt=\"\" width=\"300\" height=\"225\" \/> <a href=\"https:\/\/www.son.tv\/wp-content\/uploads\/2026\/09\/bbe0ed05-f27b-46df-a682-8c40efe17ebb.mov\">bbe0ed05-f27b-46df-a682-8c40efe17ebb<\/a> <img loading=\"lazy\" decoding=\"async\" loading=\"lazy\" class=\"alignnone size-medium wp-image-197165\" src=\"https:\/\/www.son.tv\/wp-content\/uploads\/2026\/09\/e731cc5b-64c5-4667-88b0-161899b12f57-300x225.jpeg\" alt=\"\" width=\"300\" height=\"225\" \/> <img loading=\"lazy\" decoding=\"async\" loading=\"lazy\" class=\"alignnone size-medium wp-image-197166\" src=\"https:\/\/www.son.tv\/wp-content\/uploads\/2026\/09\/1a23a27c-34f7-4c0f-bd55-2ddce29d35f4-300x225.jpeg\" alt=\"\" width=\"300\" height=\"225\" \/> <img loading=\"lazy\" decoding=\"async\" loading=\"lazy\" class=\"alignnone size-medium wp-image-197167\" src=\"https:\/\/www.son.tv\/wp-content\/uploads\/2026\/09\/e179cbfd-0eb4-4951-8c19-8e4a71ca5904-300x225.jpeg\" alt=\"\" width=\"300\" height=\"225\" \/> <img loading=\"lazy\" decoding=\"async\" loading=\"lazy\" class=\"alignnone size-medium wp-image-197168\" src=\"https:\/\/www.son.tv\/wp-content\/uploads\/2026\/09\/abe73ab8-f6e3-4314-ab8a-0d89e713a53e-300x225.jpeg\" alt=\"\" width=\"300\" height=\"225\" \/> <img loading=\"lazy\" decoding=\"async\" loading=\"lazy\" class=\"alignnone size-medium wp-image-197169\" src=\"https:\/\/www.son.tv\/wp-content\/uploads\/2026\/09\/78de3085-f1ed-4fbe-84c2-757b1fb7c8e1-300x225.jpeg\" alt=\"\" width=\"300\" height=\"225\" \/>ET\u0130KETLER: #HSK #CengizAydemir #Ali\u015fanTiryaki #Bar\u0131\u015fDuman #Bak\u0131rk\u00f6yAdliyesi #Bak\u0131rk\u00f6yCumhuriyetBa\u015fsavc\u0131l\u0131\u011f\u0131 #ArifT\u0131r\u0131l #P\u0131nar\u015eafak #YeniNesilSu\u00e7\u00d6rg\u00fctleri #EkonomikSu\u00e7lar #Yarg\u0131 #\u0130stanbul<\/strong><\/p>\n<p>HSK \u00dcyeleri Cengiz Aydemir ve Ali\u015fan Tiryaki, Bak\u0131rk\u00f6y Cumhuriyet Ba\u015fsavc\u0131s\u0131 Do\u00e7. Dr. Bar\u0131\u015f Duman\u2019\u0131 ziyaret etti. Ba\u015fsavc\u0131 Duman\u2019\u0131n makam\u0131nda ger\u00e7ekle\u015ftirilen kritik yarg\u0131 toplant\u0131s\u0131nda, yeni nesil su\u00e7 \u00f6rg\u00fctleri ba\u015fta olmak \u00fczere ekonomik su\u00e7lar ile Bak\u0131rk\u00f6y Cumhuriyet Ba\u015fsavc\u0131l\u0131\u011f\u0131n\u0131n g\u00f6rev ve yetki alan\u0131nda bulunan yarg\u0131 konular\u0131 ele al\u0131nd\u0131.\u00a0<a href=\"https:\/\/www.son.tv\/hsk-uyeleri-aydemir-ve-tiryakiden-bassavci-baris-dumana-kritik-ziyaret-yeni-nesil-suc-orgutleri-masada\/\" target=\"_blank\" class=\"feedzy-rss-link-icon\">Read More<\/a><\/p>","protected":false},"excerpt":{"rendered":"<p>SON.TV\/\u0130STANBUL HSK \u00dcyeleri Cengiz Aydemir ve Ali\u015fan Tiryaki\u2019nin Bak\u0131rk\u00f6y Adliyesi ziyareti kapsam\u0131nda kritik bir yarg\u0131 bulu\u015fmas\u0131 ger\u00e7ekle\u015ftirildi. Son d\u00f6nemde yeni nesil su\u00e7 \u00f6rg\u00fctleri ve ekonomik su\u00e7lara y\u00f6nelik soru\u015fturmalarla \u00f6ne \u00e7\u0131kan Bak\u0131rk\u00f6y Cumhuriyet Ba\u015fsavc\u0131l\u0131\u011f\u0131n\u0131n g\u00f6rev alan\u0131ndaki yarg\u0131 \u00e7al\u0131\u015fmalar\u0131n\u0131n da g\u00fcndeme geldi\u011fi ziyarette, yarg\u0131 hizmetlerinin y\u00fcr\u00fct\u00fclmesine ili\u015fkin de\u011ferlendirmelerde bulunuldu. HSK \u00dcYELER\u0130N\u0130 ADL\u0130YE G\u0130R\u0130\u015e\u0130NDE KAR\u015eILADILAR HSK \u00dcyeleri Cengiz [&hellip;]<\/p>\n","protected":false},"author":1,"featured_media":42219,"comment_status":"open","ping_status":"open","sticky":false,"template":"","format":"standard","meta":{"footnotes":"","_links_to":"","_links_to_target":""},"categories":[1],"tags":[],"class_list":["post-42218","post","type-post","status-publish","format-standard","has-post-thumbnail","hentry","category-haberler"],"_links":{"self":[{"href":"https:\/\/www.abchukuk.com\/index.php\/wp-json\/wp\/v2\/posts\/42218","targetHints":{"allow":["GET"]}}],"collection":[{"href":"https:\/\/www.abchukuk.com\/index.php\/wp-json\/wp\/v2\/posts"}],"about":[{"href":"https:\/\/www.abchukuk.com\/index.php\/wp-json\/wp\/v2\/types\/post"}],"author":[{"embeddable":true,"href":"https:\/\/www.abchukuk.com\/index.php\/wp-json\/wp\/v2\/users\/1"}],"replies":[{"embeddable":true,"href":"https:\/\/www.abchukuk.com\/index.php\/wp-json\/wp\/v2\/comments?post=42218"}],"version-history":[{"count":0,"href":"https:\/\/www.abchukuk.com\/index.php\/wp-json\/wp\/v2\/posts\/42218\/revisions"}],"wp:featuredmedia":[{"embeddable":true,"href":"https:\/\/www.abchukuk.com\/index.php\/wp-json\/wp\/v2\/media\/42219"}],"wp:attachment":[{"href":"https:\/\/www.abchukuk.com\/index.php\/wp-json\/wp\/v2\/media?parent=42218"}],"wp:term":[{"taxonomy":"category","embeddable":true,"href":"https:\/\/www.abchukuk.com\/index.php\/wp-json\/wp\/v2\/categories?post=42218"},{"taxonomy":"post_tag","embeddable":true,"href":"https:\/\/www.abchukuk.com\/index.php\/wp-json\/wp\/v2\/tags?post=42218"}],"curies":[{"name":"wp","href":"https:\/\/api.w.org\/{rel}","templated":true}]}}