{"id":42216,"date":"2026-09-02T10:14:00","date_gmt":"2026-09-02T10:14:00","guid":{"rendered":"https:\/\/www.abchukuk.com\/index.php\/2026\/09\/02\/engelli-bakim-evinde-cinsel-saldiri-eski-mudure-15-yil-ceza\/"},"modified":"2026-09-02T10:14:00","modified_gmt":"2026-09-02T10:14:00","slug":"engelli-bakim-evinde-cinsel-saldiri-eski-mudure-15-yil-ceza","status":"publish","type":"post","link":"https:\/\/www.abchukuk.com\/index.php\/2026\/09\/02\/engelli-bakim-evinde-cinsel-saldiri-eski-mudure-15-yil-ceza\/","title":{"rendered":"Engelli bak\u0131m evinde cinsel sald\u0131r\u0131: Eski m\u00fcd\u00fcre 15 y\u0131l ceza"},"content":{"rendered":"<p>G\u00fcney Kore\u2019de engelli bireylerin kald\u0131\u011f\u0131 bir bak\u0131m evinin eski m\u00fcd\u00fcr\u00fc, \u00fc\u00e7 kad\u0131n sakine cinsel sald\u0131r\u0131da bulundu\u011fu gerek\u00e7esiyle 15 y\u0131l hapis cezas\u0131na \u00e7arpt\u0131r\u0131ld\u0131. \u00dclke \u00e7ap\u0131nda b\u00fcy\u00fck tepki yaratan olay\u0131n ard\u0131ndan 1507 bak\u0131m tesisi denetlendi, 33 \u015f\u00fcpheli istismar vakas\u0131 tespit edildi.G\u00fcney Kore\u2019de engelli bireylerin kald\u0131\u011f\u0131 bir bak\u0131m evinin eski m\u00fcd\u00fcr\u00fc, \u00fc\u00e7 kad\u0131n sakine cinsel sald\u0131r\u0131da bulundu\u011fu gerek\u00e7esiyle 15 y\u0131l hapis cezas\u0131na \u00e7arpt\u0131r\u0131ld\u0131. \u00dclke \u00e7ap\u0131nda b\u00fcy\u00fck tepki yaratan olay\u0131n ard\u0131ndan 1507 bak\u0131m tesisi denetlendi, 33 \u015f\u00fcpheli istismar vakas\u0131 tespit edildi.\u00a0<a href=\"https:\/\/www.cumhuriyet.com.tr\/dunya\/engelli-bakim-evinde-cinsel-saldiri-eski-mudure-15-yil-ceza-2534294\" target=\"_blank\" class=\"feedzy-rss-link-icon\">Read More<\/a><\/p>","protected":false},"excerpt":{"rendered":"<p>G\u00fcney Kore\u2019de engelli bireylerin kald\u0131\u011f\u0131 bir bak\u0131m evinin eski m\u00fcd\u00fcr\u00fc, \u00fc\u00e7 kad\u0131n sakine cinsel sald\u0131r\u0131da bulundu\u011fu gerek\u00e7esiyle 15 y\u0131l hapis cezas\u0131na \u00e7arpt\u0131r\u0131ld\u0131. \u00dclke \u00e7ap\u0131nda b\u00fcy\u00fck tepki yaratan olay\u0131n ard\u0131ndan 1507 bak\u0131m tesisi denetlendi, 33 \u015f\u00fcpheli istismar vakas\u0131 tespit edildi.G\u00fcney Kore\u2019de engelli bireylerin kald\u0131\u011f\u0131 bir bak\u0131m evinin eski m\u00fcd\u00fcr\u00fc, \u00fc\u00e7 kad\u0131n sakine cinsel sald\u0131r\u0131da bulundu\u011fu gerek\u00e7esiyle [&hellip;]<\/p>\n","protected":false},"author":1,"featured_media":42217,"comment_status":"open","ping_status":"open","sticky":false,"template":"","format":"standard","meta":{"footnotes":"","_links_to":"","_links_to_target":""},"categories":[1],"tags":[],"class_list":["post-42216","post","type-post","status-publish","format-standard","has-post-thumbnail","hentry","category-haberler"],"_links":{"self":[{"href":"https:\/\/www.abchukuk.com\/index.php\/wp-json\/wp\/v2\/posts\/42216","targetHints":{"allow":["GET"]}}],"collection":[{"href":"https:\/\/www.abchukuk.com\/index.php\/wp-json\/wp\/v2\/posts"}],"about":[{"href":"https:\/\/www.abchukuk.com\/index.php\/wp-json\/wp\/v2\/types\/post"}],"author":[{"embeddable":true,"href":"https:\/\/www.abchukuk.com\/index.php\/wp-json\/wp\/v2\/users\/1"}],"replies":[{"embeddable":true,"href":"https:\/\/www.abchukuk.com\/index.php\/wp-json\/wp\/v2\/comments?post=42216"}],"version-history":[{"count":0,"href":"https:\/\/www.abchukuk.com\/index.php\/wp-json\/wp\/v2\/posts\/42216\/revisions"}],"wp:featuredmedia":[{"embeddable":true,"href":"https:\/\/www.abchukuk.com\/index.php\/wp-json\/wp\/v2\/media\/42217"}],"wp:attachment":[{"href":"https:\/\/www.abchukuk.com\/index.php\/wp-json\/wp\/v2\/media?parent=42216"}],"wp:term":[{"taxonomy":"category","embeddable":true,"href":"https:\/\/www.abchukuk.com\/index.php\/wp-json\/wp\/v2\/categories?post=42216"},{"taxonomy":"post_tag","embeddable":true,"href":"https:\/\/www.abchukuk.com\/index.php\/wp-json\/wp\/v2\/tags?post=42216"}],"curies":[{"name":"wp","href":"https:\/\/api.w.org\/{rel}","templated":true}]}}