{"id":42215,"date":"2026-09-02T10:41:26","date_gmt":"2026-09-02T10:41:26","guid":{"rendered":"https:\/\/www.abchukuk.com\/index.php\/2026\/09\/02\/bakan-akin-gurlek-acikladi-silivrideki-gemi-kazasina-3-savciyla-sorusturma-acildi\/"},"modified":"2026-09-02T10:41:26","modified_gmt":"2026-09-02T10:41:26","slug":"bakan-akin-gurlek-acikladi-silivrideki-gemi-kazasina-3-savciyla-sorusturma-acildi","status":"publish","type":"post","link":"https:\/\/www.abchukuk.com\/index.php\/2026\/09\/02\/bakan-akin-gurlek-acikladi-silivrideki-gemi-kazasina-3-savciyla-sorusturma-acildi\/","title":{"rendered":"Bakan Ak\u0131n G\u00fcrlek a\u00e7\u0131klad\u0131: Silivri\u2019deki gemi kazas\u0131na 3 savc\u0131yla soru\u015fturma  a\u00e7\u0131ld\u0131!"},"content":{"rendered":"<p>\u00a0<\/p>\n<p><strong>SON.TV\/\u0130STANBUL<\/strong><\/p>\n<p>Marmara Denizi\u2019nde Silivri a\u00e7\u0131klar\u0131nda T\u00fcrk bayrakl\u0131 ALSU ile TU\u011eBERK \u0130MAMO\u011eLU isimli iki ticari geminin \u00e7arp\u0131\u015fmas\u0131 T\u00fcrkiye\u2019yi alarma ge\u00e7irdi. Kazan\u0131n ard\u0131ndan TU\u011eBERK \u0130MAMO\u011eLU isimli geminin batt\u0131\u011f\u0131 bildirilirken, gemide bulunan 10 ki\u015filik m\u00fcrettebata hen\u00fcz ula\u015f\u0131lamad\u0131.<\/p>\n<p>Kazayla ilgili adli soru\u015fturman\u0131n Silivri Cumhuriyet Ba\u015fsavc\u0131l\u0131\u011f\u0131 taraf\u0131ndan derhal ba\u015flat\u0131ld\u0131\u011f\u0131n\u0131 duyuran Adalet Bakan\u0131 Ak\u0131n G\u00fcrlek, maddi ger\u00e7e\u011fin b\u00fct\u00fcn y\u00f6nleriyle ortaya \u00e7\u0131kar\u0131lmas\u0131 i\u00e7in gerekli adli i\u015flemlerin titizlikle s\u00fcrd\u00fcr\u00fcld\u00fc\u011f\u00fcn\u00fc a\u00e7\u0131klad\u0131.<\/p>\n<p><strong>BAKAN G\u00dcRLEK: SORU\u015eTURMA DERHAL BA\u015eLATILDI<\/strong><\/p>\n<p>Adalet Bakan\u0131 Ak\u0131n G\u00fcrlek, Silivri a\u00e7\u0131klar\u0131nda ya\u015fanan deniz kazas\u0131na ili\u015fkin yapt\u0131\u011f\u0131 a\u00e7\u0131klamada, iki ticari geminin \u00e7arp\u0131\u015fmas\u0131 sonucu meydana gelen kazay\u0131 b\u00fcy\u00fck bir \u00fcz\u00fcnt\u00fcyle \u00f6\u011frendiklerini belirtti.<\/p>\n<p>Bakan G\u00fcrlek, olay\u0131n hemen ard\u0131ndan Silivri Cumhuriyet Ba\u015fsavc\u0131l\u0131\u011f\u0131 taraf\u0131ndan soru\u015fturma ba\u015flat\u0131ld\u0131\u011f\u0131n\u0131 a\u00e7\u0131klad\u0131.<\/p>\n<p>G\u00fcrlek, soru\u015fturman\u0131n etkin ve kapsaml\u0131 bir \u015fekilde y\u00fcr\u00fct\u00fclmesi amac\u0131yla 1 Cumhuriyet Ba\u015fsavc\u0131 Vekili ile 2 Cumhuriyet Savc\u0131s\u0131n\u0131n g\u00f6revlendirildi\u011fini bildirdi.<\/p>\n<p><strong>KAZANIN NEDEN\u0130 VE SORUMLULAR ARA\u015eTIRILIYOR<\/strong><\/p>\n<p>Bakan G\u00fcrlek, soru\u015fturman\u0131n en \u00f6nemli ba\u015fl\u0131klar\u0131ndan birinin kazan\u0131n meydana geli\u015f \u015fekli ve nedenlerinin b\u00fct\u00fcn y\u00f6nleriyle ortaya \u00e7\u0131kar\u0131lmas\u0131 oldu\u011funu belirtti.<\/p>\n<p>Kazan\u0131n olu\u015fumunda herhangi bir ki\u015fi ya da ki\u015filerin sorumlulu\u011funun bulunup bulunmad\u0131\u011f\u0131 da soru\u015fturma kapsam\u0131nda ara\u015ft\u0131r\u0131lacak.<\/p>\n<p>G\u00fcrlek, maddi ger\u00e7e\u011fin t\u00fcm y\u00f6nleriyle ortaya \u00e7\u0131kar\u0131lmas\u0131 amac\u0131yla gerekli adli i\u015flemlerin titizlikle s\u00fcrd\u00fcr\u00fcld\u00fc\u011f\u00fcn\u00fc vurgulad\u0131.<\/p>\n<p><strong>\u201cTEMENN\u0130M\u0130Z M\u00dcRETTEBATIMIZA SA\u011e SAL\u0130M ULA\u015eILMASI\u201d<\/strong><\/p>\n<p><strong>Adalet Bakan\u0131 G\u00fcrlek<\/strong> a\u00e7\u0131klamas\u0131nda, kay\u0131p m\u00fcrettebat i\u00e7in y\u00fcr\u00fct\u00fclen arama kurtarma \u00e7al\u0131\u015fmalar\u0131na da dikkat \u00e7ekti.<\/p>\n<p><strong>G\u00fcrlek, \u201cTemennimiz, t\u00fcm m\u00fcrettebat\u0131m\u0131za en k\u0131sa s\u00fcrede sa\u011f salim ula\u015f\u0131lmas\u0131d\u0131r\u201d<\/strong> ifadelerini kullanarak m\u00fcrettebat\u0131n ailelerine ve yak\u0131nlar\u0131na ge\u00e7mi\u015f olsun dileklerini iletti.<\/p>\n<p><strong>S\u0130L\u0130VR\u0130\u2019N\u0130N 18 DEN\u0130Z M\u0130L\u0130 G\u00dcNEY\u0130NDE \u00c7ARPI\u015eTILAR<\/strong><\/p>\n<p>Deniz kazas\u0131 2 Eyl\u00fcl 2026 g\u00fcn\u00fc saat 03.00 s\u0131ralar\u0131nda Silivri\u2019nin yakla\u015f\u0131k 18 deniz mili g\u00fcneyinde meydana geldi.<\/p>\n<p>Kocaeli\u2019den Alia\u011fa\u2019ya seyir halinde bulunan T\u00fcrk bayrakl\u0131 ALSU isimli ticari gemi ile \u0130skenderun Liman\u0131\u2019ndan Karadeniz Ere\u011fli\u2019ye seyreden T\u00fcrk bayrakl\u0131 TU\u011eBERK \u0130MAMO\u011eLU isimli ticari gemi Marmara Denizi\u2019nde \u00e7arp\u0131\u015ft\u0131.<\/p>\n<p>\u00c7arp\u0131\u015fman\u0131n ard\u0131ndan TU\u011eBERK \u0130MAMO\u011eLU isimli gemiyle irtibat kesildi. Gemide kaptanlar dahil tamam\u0131 T\u00fcrk vatanda\u015f\u0131 10 deniz insan\u0131n\u0131n bulundu\u011fu a\u00e7\u0131kland\u0131.<\/p>\n<p><strong>10 M\u00dcRETTEBAT ARANIYOR<\/strong><\/p>\n<p>TU\u011eBERK \u0130MAMO\u011eLU isimli gemide bulunan 10 ki\u015filik m\u00fcrettebata ula\u015f\u0131lmas\u0131 amac\u0131yla denizden ve havadan geni\u015f \u00e7apl\u0131 arama kurtarma \u00e7al\u0131\u015fmas\u0131 ba\u015flat\u0131ld\u0131.<\/p>\n<p>Sahil G\u00fcvenlik Marmara ve Bo\u011fazlar B\u00f6lge Komutanl\u0131\u011f\u0131 ile K\u0131y\u0131 Emniyeti unsurlar\u0131 b\u00f6lgede \u00e7al\u0131\u015fmalar\u0131n\u0131 s\u00fcrd\u00fcr\u00fcrken Deniz Kuvvetleri Komutanl\u0131\u011f\u0131 da arama kurtarma faaliyetlerine destek vermek \u00fczere unsurlar\u0131n\u0131 b\u00f6lgeye sevk etti.<\/p>\n<p>Ula\u015ft\u0131rma ve Altyap\u0131 Bakan\u0131 Abdulkadir Uralo\u011flu da gemiden saat 03.26\u2019da acil durum sinyali al\u0131nd\u0131\u011f\u0131n\u0131 ve geminin yakla\u015f\u0131k 11 dakika i\u00e7erisinde h\u0131zla batt\u0131\u011f\u0131n\u0131n de\u011ferlendirildi\u011fini a\u00e7\u0131klad\u0131.<\/p>\n<p>Arama kurtarma \u00e7al\u0131\u015fmalar\u0131nda TU\u011eBERK \u0130MAMO\u011eLU\u2019na ait can kurtarma ara\u00e7lar\u0131 ile serbest d\u00fc\u015fmeli can filikas\u0131n\u0131n deniz y\u00fczeyinde bulundu\u011fu, ancak m\u00fcrettebata hen\u00fcz ula\u015f\u0131lamad\u0131\u011f\u0131 bildirildi.<\/p>\n<p><strong>SEY\u0130R, RADAR VE HABERLE\u015eME KAYITLARI \u0130NCELENECEK<\/strong><\/p>\n<p>Silivri Cumhuriyet Ba\u015fsavc\u0131l\u0131\u011f\u0131 taraf\u0131ndan y\u00fcr\u00fct\u00fclen soru\u015fturmada kazan\u0131n nas\u0131l meydana geldi\u011finin belirlenmesi amac\u0131yla geni\u015f kapsaml\u0131 delil toplama \u00e7al\u0131\u015fmas\u0131 ba\u015flat\u0131ld\u0131.<\/p>\n<p>Gemilere ait seyir kay\u0131tlar\u0131, radar verileri ve haberle\u015fme kay\u0131tlar\u0131 soru\u015fturma dosyas\u0131na al\u0131nacak.<\/p>\n<p>Olayla ba\u011flant\u0131l\u0131 t\u00fcm bilgi, belge ve g\u00f6r\u00fcnt\u00fclerin ivedilikle muhafaza alt\u0131na al\u0131nmas\u0131 ve toplanmas\u0131 y\u00f6n\u00fcnde gerekli talimatlar verildi.<\/p>\n<p><strong>UZMAN B\u0130L\u0130RK\u0130\u015e\u0130LER KAZAYI \u0130NCELEYECEK<\/strong><\/p>\n<p>Soru\u015fturma kapsam\u0131nda deniz kazas\u0131n\u0131n teknik y\u00f6nlerinin ortaya \u00e7\u0131kar\u0131lmas\u0131 amac\u0131yla uzman bilirki\u015fi incelemeleri de ger\u00e7ekle\u015ftirilecek.<\/p>\n<p>Gemilerin \u00e7arp\u0131\u015fmadan \u00f6nceki rotalar\u0131, seyir hareketleri, radar kay\u0131tlar\u0131 ve haberle\u015fmeleriyle birlikte kazaya giden s\u00fcre\u00e7 ayr\u0131nt\u0131l\u0131 olarak incelenecek.<\/p>\n<p>Varsa sorumlulu\u011fu bulunan ki\u015fi veya ki\u015filerin tespiti de elde edilecek teknik veriler ve di\u011fer deliller do\u011frultusunda yap\u0131lacak.<\/p>\n<p><strong>1 BA\u015eSAVCI VEK\u0130L\u0130 VE 2 SAVCI G\u00d6REVLEND\u0130R\u0130LD\u0130<\/strong><\/p>\n<p>Silivri Cumhuriyet Ba\u015fsavc\u0131l\u0131\u011f\u0131, olay\u0131n kapsam\u0131 nedeniyle soru\u015fturma i\u00e7in \u00f6zel bir adli ekip g\u00f6revlendirdi.<\/p>\n<p>Soru\u015fturman\u0131n etkin ve kapsaml\u0131 y\u00fcr\u00fct\u00fclmesi amac\u0131yla 1 Cumhuriyet Ba\u015fsavc\u0131 Vekili ile 2 Cumhuriyet Savc\u0131s\u0131 dosyada g\u00f6revlendirildi.<\/p>\n<p>Kay\u0131p 10 m\u00fcrettebata ula\u015f\u0131lmas\u0131 i\u00e7in arama kurtarma \u00e7al\u0131\u015fmalar\u0131 s\u00fcrerken, kazan\u0131n meydana geli\u015f \u015feklinin ve olas\u0131 sorumlular\u0131n belirlenmesine y\u00f6nelik adli soru\u015fturma da \u00e7ok y\u00f6nl\u00fc olarak devam ediyor.<\/p>\n<p><strong>ET\u0130KETLER: #Ak\u0131nG\u00fcrlek #Silivri #SilivriCumhuriyetBa\u015fsavc\u0131l\u0131\u011f\u0131 #GemiKazas\u0131 #Tu\u011fberk\u0130mamo\u011flu #ALSU #MarmaraDenizi #Kay\u0131pM\u00fcrettebat #AramaKurtarma #DenizKazas\u0131 #AdaletBakanl\u0131\u011f\u0131<\/strong><\/p>\n<p>Adalet Bakan\u0131 Ak\u0131n G\u00fcrlek, Silivri a\u00e7\u0131klar\u0131nda iki T\u00fcrk bayrakl\u0131 ticari geminin \u00e7arp\u0131\u015fmas\u0131 sonucu meydana gelen deniz kazas\u0131na ili\u015fkin Silivri Cumhuriyet Ba\u015fsavc\u0131l\u0131\u011f\u0131nca derhal soru\u015fturma ba\u015flat\u0131ld\u0131\u011f\u0131n\u0131 a\u00e7\u0131klad\u0131. G\u00fcrlek, soru\u015fturman\u0131n etkin ve kapsaml\u0131 y\u00fcr\u00fct\u00fclmesi i\u00e7in 1 Cumhuriyet Ba\u015fsavc\u0131 Vekili ile 2 Cumhuriyet Savc\u0131s\u0131n\u0131n g\u00f6revlendirildi\u011fini belirtirken, 10 ki\u015filik m\u00fcrettebata ula\u015f\u0131lmas\u0131 i\u00e7in arama kurtarma \u00e7al\u0131\u015fmalar\u0131 s\u00fcr\u00fcyor.\u00a0<a href=\"https:\/\/www.son.tv\/bakan-akin-gurlek-acikladi-silivrideki-gemi-kazasina-3-savciyla-sorusturma-acildi\/\" target=\"_blank\" class=\"feedzy-rss-link-icon\">Read More<\/a><\/p>","protected":false},"excerpt":{"rendered":"<p>\u00a0 SON.TV\/\u0130STANBUL Marmara Denizi\u2019nde Silivri a\u00e7\u0131klar\u0131nda T\u00fcrk bayrakl\u0131 ALSU ile TU\u011eBERK \u0130MAMO\u011eLU isimli iki ticari geminin \u00e7arp\u0131\u015fmas\u0131 T\u00fcrkiye\u2019yi alarma ge\u00e7irdi. Kazan\u0131n ard\u0131ndan TU\u011eBERK \u0130MAMO\u011eLU isimli geminin batt\u0131\u011f\u0131 bildirilirken, gemide bulunan 10 ki\u015filik m\u00fcrettebata hen\u00fcz ula\u015f\u0131lamad\u0131. Kazayla ilgili adli soru\u015fturman\u0131n Silivri Cumhuriyet Ba\u015fsavc\u0131l\u0131\u011f\u0131 taraf\u0131ndan derhal ba\u015flat\u0131ld\u0131\u011f\u0131n\u0131 duyuran Adalet Bakan\u0131 Ak\u0131n G\u00fcrlek, maddi ger\u00e7e\u011fin b\u00fct\u00fcn y\u00f6nleriyle ortaya [&hellip;]<\/p>\n","protected":false},"author":1,"featured_media":0,"comment_status":"open","ping_status":"open","sticky":false,"template":"","format":"standard","meta":{"footnotes":"","_links_to":"","_links_to_target":""},"categories":[1],"tags":[],"class_list":["post-42215","post","type-post","status-publish","format-standard","hentry","category-haberler"],"_links":{"self":[{"href":"https:\/\/www.abchukuk.com\/index.php\/wp-json\/wp\/v2\/posts\/42215","targetHints":{"allow":["GET"]}}],"collection":[{"href":"https:\/\/www.abchukuk.com\/index.php\/wp-json\/wp\/v2\/posts"}],"about":[{"href":"https:\/\/www.abchukuk.com\/index.php\/wp-json\/wp\/v2\/types\/post"}],"author":[{"embeddable":true,"href":"https:\/\/www.abchukuk.com\/index.php\/wp-json\/wp\/v2\/users\/1"}],"replies":[{"embeddable":true,"href":"https:\/\/www.abchukuk.com\/index.php\/wp-json\/wp\/v2\/comments?post=42215"}],"version-history":[{"count":0,"href":"https:\/\/www.abchukuk.com\/index.php\/wp-json\/wp\/v2\/posts\/42215\/revisions"}],"wp:attachment":[{"href":"https:\/\/www.abchukuk.com\/index.php\/wp-json\/wp\/v2\/media?parent=42215"}],"wp:term":[{"taxonomy":"category","embeddable":true,"href":"https:\/\/www.abchukuk.com\/index.php\/wp-json\/wp\/v2\/categories?post=42215"},{"taxonomy":"post_tag","embeddable":true,"href":"https:\/\/www.abchukuk.com\/index.php\/wp-json\/wp\/v2\/tags?post=42215"}],"curies":[{"name":"wp","href":"https:\/\/api.w.org\/{rel}","templated":true}]}}