{"id":42213,"date":"2026-09-02T11:32:54","date_gmt":"2026-09-02T11:32:54","guid":{"rendered":"https:\/\/www.abchukuk.com\/index.php\/2026\/09\/02\/istanbulda-yeni-adli-yil-basladi-bakan-gurlekten-suc-orgutleri-ve-yolsuzlukla-mucadelede-kararlilik-mesaji\/"},"modified":"2026-09-02T11:32:54","modified_gmt":"2026-09-02T11:32:54","slug":"istanbulda-yeni-adli-yil-basladi-bakan-gurlekten-suc-orgutleri-ve-yolsuzlukla-mucadelede-kararlilik-mesaji","status":"publish","type":"post","link":"https:\/\/www.abchukuk.com\/index.php\/2026\/09\/02\/istanbulda-yeni-adli-yil-basladi-bakan-gurlekten-suc-orgutleri-ve-yolsuzlukla-mucadelede-kararlilik-mesaji\/","title":{"rendered":"\u0130stanbul\u2019da yeni adli y\u0131l ba\u015flad\u0131: Bakan G\u00fcrlek\u2019ten su\u00e7 \u00f6rg\u00fctleri ve yolsuzlukla m\u00fccadelede kararl\u0131l\u0131k mesaj\u0131"},"content":{"rendered":"<p><strong>SON.TV\/\u0130STANBUL<\/strong><\/p>\n<p><strong>2026-2027 Adli Y\u0131l\u0131 dolay\u0131s\u0131yla \u0130stanbul Adliyesi \u015eehit Cumhuriyet Savc\u0131s\u0131 Mehmet Selim Kiraz Yerle\u015fkesi\u2019nde a\u00e7\u0131l\u0131\u015f t\u00f6reni d\u00fczenlendi. Adliyenin Atrium alan\u0131ndaki t\u00f6ren sayg\u0131 duru\u015fu ve \u0130stiklal mar\u015f\u0131 ile ba\u015flad\u0131.<\/strong><\/p>\n<p><img loading=\"lazy\" decoding=\"async\" loading=\"lazy\" class=\"alignnone size-medium wp-image-197176\" src=\"https:\/\/www.son.tv\/wp-content\/uploads\/2026\/09\/54f86197-b748-4370-bbd7-cdb43e65bb6d-300x225.jpeg\" alt=\"\" width=\"300\" height=\"225\" \/> <img loading=\"lazy\" decoding=\"async\" loading=\"lazy\" class=\"alignnone size-medium wp-image-197177\" src=\"https:\/\/www.son.tv\/wp-content\/uploads\/2026\/09\/c8547a5d-0386-45ff-9357-1675873e5af7-300x225.jpeg\" alt=\"\" width=\"300\" height=\"225\" \/><\/p>\n<p><strong>YARGI CAM\u0130ASI \u0130STANBUL\u2019DA BULU\u015eTU<\/strong><\/p>\n<p><strong>T\u00f6rene, Adalet Bakan\u0131 Ak\u0131n G\u00fcrlek, Adalet Bakan Yard\u0131mc\u0131s\u0131 Burak Ceyhan, Adalet Bakan Yard\u0131mc\u0131s\u0131 Can Tuncay, HSK 2.Daire Ba\u015fkan Vekili Fuzuli Aydo\u011fdu, HSK 1.Daire Ba\u015fkan\u0131 Turan Kulo\u011flu,HSK \u00dcyekeri Cengiz Aydemir ve Ali\u015fan Tiryaki,\u0130stanbul Valisi Davut G\u00fcl, \u0130stanbul Emniyet M\u00fcd\u00fcr\u00fc Selami Y\u0131ld\u0131z, \u0130stanbul Cumhuriyet Ba\u015fsavc\u0131s\u0131 Fatih D\u00f6nmez, \u0130stanbul Anadolu Cumhuriyet Ba\u015fsavc\u0131s\u0131 Be\u015fir G\u00fcven, Bak\u0131rk\u00f6y Cumhuriyet Ba\u015fsavc\u0131s\u0131 Bar\u0131\u015f Duman,\u0130stanbul B\u00f6lge Adliye Ba\u015fkan\u0131 Hazar Turan Alim, Silivri Cumhuriyet Ba\u015fsavc\u0131s\u0131 Bar\u0131\u015f Kurt, K\u00fc\u00e7\u00fck\u00e7ekmece Cumhuriyet Ba\u015fsavc\u0131s\u0131 Vedat Yi\u011fit, B\u00fcy\u00fck\u00e7ekmece Cumhuriyet Ba\u015fsavc\u0131s\u0131 \u00d6mer Karakaya, Gaziosmanpa\u015fa Cumhuriyet Ba\u015fsavc\u0131s\u0131 Hasan Dalak, Ceza \u0130\u015fleri Genel M\u00fcd\u00fcr\u00fc Haz\u0131m Aslanc\u0131, Ceza \u0130\u015fleri Personel M\u00fcd\u00fcr\u00fc Cahit Cihad Sar\u0131, Adalet Bakan\u0131 \u00d6zel Kalem M\u00fcd\u00fcr\u00fc Hakan Pervan, Adli T\u0131p Kurumu Ba\u015fkan\u0131 H\u0131z\u0131r Asl\u0131y\u00fcksek, \u015eehit Cumhuriyet Savc\u0131s\u0131 Mehmet Selim Kiraz\u2019\u0131n babas\u0131 Hakk\u0131 Kiraz, Cumhuriyet ba\u015fsavc\u0131 vekilleri ile \u00e7ok say\u0131da h\u00e2kim, Cumhuriyet savc\u0131s\u0131 ve yarg\u0131 mensubu kat\u0131ld\u0131.<\/strong><\/p>\n<p><img loading=\"lazy\" decoding=\"async\" loading=\"lazy\" class=\"alignnone size-medium wp-image-197178\" src=\"https:\/\/www.son.tv\/wp-content\/uploads\/2026\/09\/a417ae14-695b-490e-9c4f-d095e0f5689f-300x225.jpeg\" alt=\"\" width=\"300\" height=\"225\" \/> <img loading=\"lazy\" decoding=\"async\" loading=\"lazy\" class=\"alignnone size-medium wp-image-197179\" src=\"https:\/\/www.son.tv\/wp-content\/uploads\/2026\/09\/aae33e3e-e414-42e8-9033-bc22a65c9eb7-300x169.jpeg\" alt=\"\" width=\"300\" height=\"169\" \/> <img loading=\"lazy\" decoding=\"async\" loading=\"lazy\" class=\"alignnone size-medium wp-image-197180\" src=\"https:\/\/www.son.tv\/wp-content\/uploads\/2026\/09\/98bce833-6f04-4583-8f60-81d7dcad8ab6-300x225.jpeg\" alt=\"\" width=\"300\" height=\"225\" \/> <img loading=\"lazy\" decoding=\"async\" loading=\"lazy\" class=\"alignnone size-medium wp-image-197181\" src=\"https:\/\/www.son.tv\/wp-content\/uploads\/2026\/09\/bef0487e-e2ef-478a-b0e2-07749c5ae2b0-300x225.jpeg\" alt=\"\" width=\"300\" height=\"225\" \/><\/p>\n<p><strong>YEN\u0130 ADL\u0130 YILIN \u0130LK MESAJLARI VER\u0130LD\u0130<\/strong><\/p>\n<p>T\u00f6rende yeni adli y\u0131l dolay\u0131s\u0131yla konu\u015fmalar ger\u00e7ekle\u015ftirildi. <strong>Adalet Bakan\u0131 Ak\u0131n G\u00fcrlek, yarg\u0131 mensuplar\u0131n\u0131n 2026-2027 yeni adli y\u0131l\u0131n\u0131 kutlayarak, \u201cAdli y\u0131l a\u00e7\u0131l\u0131\u015f\u0131m\u0131z vesilesiyle adalet camiam\u0131z\u0131 b\u00fct\u00fcn \u015fehitlerimizi, \u00f6zellikle bug\u00fcn i\u00e7inde bulundu\u011fumuz bu b\u00fcy\u00fck adalet saray\u0131na ismini veren k\u0131ymetli \u015eehit Cumhuriyet savc\u0131m\u0131z Mehmet Selim Kiraz\u2019\u0131 rahmet, minnet ve \u015f\u00fckranla an\u0131yorum.\u201d<\/strong> dedi.<\/p>\n<p><img loading=\"lazy\" decoding=\"async\" loading=\"lazy\" class=\"alignnone size-medium wp-image-197182\" src=\"https:\/\/www.son.tv\/wp-content\/uploads\/2026\/09\/4ba4ea26-2142-4d23-8da8-b06caa947c5d-300x225.jpeg\" alt=\"\" width=\"300\" height=\"225\" \/><br \/>\n<strong>ALO ADALET 135\u2019TE P\u0130LOT UYGULAMA<\/strong><br \/>\n<strong>1 Eyl\u00fcl itibariyle Alo Adalet 135<\/strong> hizmetinin Anadolu, <strong>Ankara Bat\u0131, \u0130zmir<\/strong> ve <strong>Kayseri<\/strong> adliyelerinde pilot b\u00f6lge olarak uygulamaya ge\u00e7ti\u011fini belirten <strong>Bakan Ak\u0131n G\u00fcrlek, \u201cBu uygulamayla \u00f6zellikle uzun s\u00fcren dava ve soru\u015fturmalara ili\u015fkin vatanda\u015flar\u0131m\u0131z\u0131n ba\u015fvurular\u0131n\u0131 h\u0131zl\u0131 ve g\u00fcvenli bir bi\u00e7imde ilgili mercilere ula\u015ft\u0131rabilecekleri yeni bir ileti\u015fim kanal\u0131 olu\u015fturduk. Vatanda\u015flar\u0131m\u0131z\u0131n sesini daha do\u011frudan do\u011fruya duyan, gecikmelerin sebeplerini de tespit eden ve \u00e7\u00f6z\u00fcm \u00fcretme kapasitesini art\u0131ran bir adalet sistemi kurmay\u0131 hedefliyoruz. \u0130n\u015fallah Alo Adalet 135 hizmeti Ekim ay\u0131nda t\u00fcm T\u00fcrkiye\u2019deki adliyelerde faaliyete ge\u00e7ecek.\u201d<\/strong> diyerek a\u00e7\u0131klad\u0131.<\/p>\n<p><img loading=\"lazy\" decoding=\"async\" loading=\"lazy\" class=\"alignnone size-medium wp-image-197183\" src=\"https:\/\/www.son.tv\/wp-content\/uploads\/2026\/09\/IMG_7902-1-300x200.jpeg\" alt=\"\" width=\"300\" height=\"200\" \/><br \/>\n<strong>FA\u0130L\u0130 ME\u00c7HUL DOSYALARDA B\u00dcY\u00dcK YOL KAT ED\u0130LD\u0130<\/strong><br \/>\nFaili me\u00e7hul dosyalarla ilgili konu\u015fan <strong>Bakan G\u00fcrlek, \u201cAdaletin zaman\u0131nda tecellisi kadar maddi ger\u00e7e\u011fin karanl\u0131kta kalmamas\u0131 da bizim i\u00e7in \u00e7ok \u00f6nemlidir. Bu nedenle faili me\u00e7hul olaylar ve kamu vicdan\u0131nda y\u0131llard\u0131r cevap bekleyen dosyalar \u00fczerine hassasiyetle duruyoruz. Bakanl\u0131\u011f\u0131m\u0131z b\u00fcnyesinde olu\u015fturulan faili me\u00e7hul su\u00e7lar\u0131 ara\u015ft\u0131rma ba\u015fkal\u0131\u011f\u0131m\u0131z\u0131n \u00e7al\u0131\u015fmalar\u0131yla ge\u00e7mi\u015fte ayd\u0131nlat\u0131lamam\u0131\u015f dosyalar\u0131 g\u00fcn\u00fcm\u00fcz teknolojileri ve kriminal imkanlarla yeniden de\u011ferlendiriyoruz. Bu \u00e7al\u0131\u015fmalar kapsam\u0131na bug\u00fcne kadar \u00e7ok say\u0131da faili me\u00e7hul olay\u0131n ayd\u0131nlat\u0131lmas\u0131nda \u00f6nemli mesafe ald\u0131k. Aradan ge\u00e7en zaman, maddi ger\u00e7e\u011fin de\u011ferini azaltmaz.\u201d<\/strong> a\u00e7\u0131klamas\u0131nda bulundu.<\/p>\n<p><img loading=\"lazy\" decoding=\"async\" loading=\"lazy\" class=\"alignnone size-medium wp-image-197184\" src=\"https:\/\/www.son.tv\/wp-content\/uploads\/2026\/09\/IMG_7900-300x169.jpeg\" alt=\"\" width=\"300\" height=\"169\" \/><br \/>\n<strong>\u201cUCU NEREYE G\u0130DERSE G\u0130TS\u0130N MADD\u0130 GER\u00c7EK ORTAYA \u00c7IKARILACAK\u201d<\/strong><br \/>\nUyu\u015fturucu, yasa d\u0131\u015f\u0131 bahis, sanal kumar ve sokak \u00e7eteleriyle organize su\u00e7 yap\u0131lanmalar\u0131, su\u00e7 gelirlerinin aklanmas\u0131 ve yeni nesil dijital su\u00e7larla m\u00fccadeleyi de ayn\u0131 kararl\u0131l\u0131kta s\u00fcrd\u00fcrd\u00fcklerini s\u00f6yleyen <strong>Bakan G\u00fcrlek, \u201cAilelerimizi ve gen\u00e7lerimizi hedef alan, dini, milli ve insani duygular\u0131 suistimal eden, insanlar\u0131n g\u00fcvenini k\u00f6t\u00fcye kullanan veya su\u00e7 gelirleri \u00fczerinden haks\u0131z menfaat sa\u011flayan yap\u0131lara kar\u015f\u0131 y\u00fcr\u00fct\u00fclen m\u00fccadelede yarg\u0131 mensuplar\u0131m\u0131z hukuka ba\u011fl\u0131 somut delillere dayal\u0131 ve titiz \u00e7al\u0131\u015fmalar\u0131n\u0131 takdir ediyorum. Bu a\u011f\u0131r sorumlulu\u011fu yerine getiren b\u00fct\u00fcn \u00e7al\u0131\u015fma arkada\u015flar\u0131m\u0131z\u0131n manevi olarak yan\u0131nda oldu\u011fumuzu, ihtiya\u00e7 duyulan kurumsal ve teknik kapasiteyi geli\u015ftirmeye devam edece\u011fimizi \u00f6zellikle ifade etmek isterim. Biz hi\u00e7bir dini yap\u0131lanmayla milli olu\u015fuma veya toplumsal fayda amac\u0131 ta\u015f\u0131yan insani ve sosyal projeye kar\u015f\u0131 de\u011filiz. Bizim kar\u015f\u0131 oldu\u011fumuz toplumumuzun de\u011ferlerini istismar eden, insanlar\u0131n iyi niyetini ve g\u00fcvenini k\u00f6t\u00fcye kullanan, bu ki bo\u015fluklardan yararlanarak haks\u0131z menfaat sa\u011flayan, milletimizin vicdan\u0131n\u0131 zedeleyen ve kamu d\u00fczenine zarar veren ger\u00e7ek veya t\u00fczel ki\u015filerdir. Bu yap\u0131lara kar\u015f\u0131 y\u00fcr\u00fct\u00fclen m\u00fccadelede ucu nereye giderse gitsin, hukukun ve somut delillerin g\u00f6sterdi\u011fi istikamette maddi ger\u00e7e\u011fin ortaya \u00e7\u0131kar\u0131laca\u011f\u0131na inan\u0131yoruz.\u201d<\/strong> s\u00f6zleri ile vurgu yapt\u0131.<\/p>\n<p><img loading=\"lazy\" decoding=\"async\" loading=\"lazy\" class=\"alignnone size-medium wp-image-197185\" src=\"https:\/\/www.son.tv\/wp-content\/uploads\/2026\/09\/c8547a5d-0386-45ff-9357-1675873e5af7-1-300x225.jpeg\" alt=\"\" width=\"300\" height=\"225\" \/><\/p>\n<p><strong>YOLSUZLUK VE TER\u00d6LE M\u00dcCADELE<\/strong><br \/>\nAyn\u0131 kararl\u0131l\u0131\u011f\u0131 yolsuzluklarla m\u00fccadelede de g\u00f6sterdiklerini s\u00f6yleyen <strong>Bakan G\u00fcrlek, \u201cSu\u00e7lunun ceza ald\u0131r\u0131lmas\u0131na kadar masumun korunmas\u0131 da adaletin g\u00f6revidir. Ter\u00f6rs\u00fcz T\u00fcrkiye hedefini milletimizin ortak gelece\u011finin, toplumsal huzurun ve milli birlik ve beraberli\u011fimizin g\u00fc\u00e7lendi\u011fi bak\u0131m\u0131ndan \u00e7ok \u00f6nemli g\u00f6r\u00fcyoruz. Devletimizin ve milletimizin birli\u011finden, \u00fclkemizin b\u00fct\u00fcnl\u00fc\u011f\u00fcnden ve hukuk devletinin temel esaslar\u0131ndan hi\u00e7bir \u015fekilde taviz vermeden ter\u00f6r\u00fcn \u00fclkemizin g\u00fcndeminden tamamen \u00e7\u0131kt\u0131\u011f\u0131, ter\u00f6r\u00fcn art\u0131k \u00fclkemizin g\u00fcndeminden tamamen \u00e7\u0131kt\u0131\u011f\u0131 bir T\u00fcrkiye hepimizin ortak temennisidir. Ter\u00f6rs\u00fcz T\u00fcrkiye hedefi do\u011frultusunda ilerlerken bu hassas s\u00fcreci istismar etmeye, toplumsal huzuru bozmaya veya provokasyonlarla milletimizin birlik ve beraberli\u011fini zedelemeye y\u00f6nelik giri\u015fimlere kar\u015f\u0131 sizlerin de dikkatli ve duyarl\u0131 olmas\u0131n\u0131 arzuluyorum.\u201d <\/strong>dedi<strong>.<\/strong><\/p>\n<p><img loading=\"lazy\" decoding=\"async\" loading=\"lazy\" class=\"alignnone size-medium wp-image-197186\" src=\"https:\/\/www.son.tv\/wp-content\/uploads\/2026\/09\/054e056a-e9e3-453b-b6e8-586304c29b95-300x225.jpeg\" alt=\"\" width=\"300\" height=\"225\" \/><br \/>\n<strong>T\u0130CARET MAHKEMELER\u0130 \u0130STANBUL ADL\u0130YES\u0130\u2019NDE TOPLANIYOR<\/strong><br \/>\nKonu\u015fmalar\u0131n\u0131 ger\u00e7ekle\u015ftiren <strong>\u0130stanbul Ba\u015fsavc\u0131s\u0131 Fatih D\u00f6nmez, \u201c\u0130stanbul b\u00fcy\u00fckl\u00fc\u011f\u00fc, ta\u015f\u0131d\u0131\u011f\u0131 ulusal ve uluslararas\u0131 \u00f6nem nedeniyle adli hizmetler bak\u0131m\u0131ndan da \u00f6zel bir sorumluluk alan\u0131d\u0131r. Bu kapsamda t\u00fcm Ticaret Mahkemeleri\u2019nin \u0130stanbul Adliyesi\u2019nde birle\u015fmesiyle ticaret uyu\u015fmazl\u0131klar\u0131n \u00e7\u00f6z\u00fcm\u00fcnde daha merkezi ve \u00f6nemli bir konuma gelmi\u015ftir. \u201c<\/strong> \u015feklinde konu\u015ftu. \u00a0<strong>Ba\u015fsavc\u0131 Fatih D\u00f6nmez, <\/strong>konu\u015fmas\u0131n\u0131n son b\u00f6l\u00fcm\u00fcnde ise<strong>,\u201c\u0130stanbul Cumhuriyet Ba\u015fsavc\u0131l\u0131\u011f\u0131 olarak yeni adli y\u0131lda ter\u00f6r ve organize su\u00e7lardan uyu\u015fturucu, yasa d\u0131\u015f\u0131 bahse, bili\u015fimden su\u00e7 gelirlerin aklanmas\u0131na kadar t\u00fcm su\u00e7larda kararl\u0131l\u0131kla devam edece\u011fiz. \u00d6zellikle yeni nesil su\u00e7 \u00f6rg\u00fctleriyle m\u00fccadelemize kararl\u0131l\u0131kla devam edece\u011fiz.\u201c<\/strong> ifadelerini kulland\u0131.<\/p>\n<p><img loading=\"lazy\" decoding=\"async\" loading=\"lazy\" class=\"size-medium wp-image-197187 alignleft\" src=\"https:\/\/www.son.tv\/wp-content\/uploads\/2026\/09\/6a5f06da-2135-4ab2-9642-20676807188d-300x225.jpeg\" alt=\"\" width=\"300\" height=\"225\" \/><\/p>\n<p>\u00a0<\/p>\n<p>\u00a0<\/p>\n<p>\u00a0<\/p>\n<p>\u00a0<\/p>\n<p>\u00a0<\/p>\n<p>\u00a0<\/p>\n<p>\u00a0<\/p>\n<p><img loading=\"lazy\" decoding=\"async\" loading=\"lazy\" class=\"alignnone size-medium wp-image-197192\" src=\"https:\/\/www.son.tv\/wp-content\/uploads\/2026\/09\/4a3519ee-e80f-48a6-8f76-ae2bfeb4e003-300x169.jpeg\" alt=\"\" width=\"300\" height=\"169\" \/> <img loading=\"lazy\" decoding=\"async\" loading=\"lazy\" class=\"alignnone size-medium wp-image-197193\" src=\"https:\/\/www.son.tv\/wp-content\/uploads\/2026\/09\/3c7b1323-1613-40e5-a6a3-b10ac2e26c6d-300x169.jpeg\" alt=\"\" width=\"300\" height=\"169\" \/> <img loading=\"lazy\" decoding=\"async\" loading=\"lazy\" class=\"alignnone size-medium wp-image-197194\" src=\"https:\/\/www.son.tv\/wp-content\/uploads\/2026\/09\/2b8e8d64-3767-4ff6-becf-d69337f9e5b9-300x169.jpeg\" alt=\"\" width=\"300\" height=\"169\" \/><\/p>\n<p><strong>ET\u0130KETLER: #Ak\u0131nG\u00fcrlek #\u0130stanbulAdliyesi #YeniAdliY\u0131l #FatihD\u00f6nmez #HSK #FuzuliAydo\u011fdu #DavutG\u00fcl #SelamiY\u0131ld\u0131z #YeniNesilSu\u00e7\u00d6rg\u00fctleri #Uyu\u015fturucu #YasaD\u0131\u015f\u0131Bahis #Yolsuzluk #OrganizeSu\u00e7 #Ter\u00f6rs\u00fczT\u00fcrkiye #AloAdalet135 #Yarg\u0131<\/strong><\/p>\n<p>2026-2027 Adli Y\u0131l\u0131, \u0130stanbul Adliyesi\u2019nde d\u00fczenlenen t\u00f6renle ba\u015flad\u0131. Adalet Bakan\u0131 Ak\u0131n G\u00fcrlek\u2019in kat\u0131l\u0131m\u0131yla ger\u00e7ekle\u015ftirilen programa yarg\u0131 camias\u0131ndan \u00e7ok say\u0131da isim kat\u0131ld\u0131. \u0130stanbul\u2019daki ba\u015fsavc\u0131lar, h\u00e2kimler ve savc\u0131lar yeni adli y\u0131l\u0131n a\u00e7\u0131l\u0131\u015f\u0131nda bir araya geldi. \u00d6nemli mesajlar veren Bakan G\u00fcrlek, faili me\u00e7hul dosyalardan uyu\u015fturucu ve yasa d\u0131\u015f\u0131 bahis soru\u015fturmalar\u0131na, yolsuzluk ve organize su\u00e7larla m\u00fccadeleden \u201cTer\u00f6rs\u00fcz T\u00fcrkiye\u201d hedefine kadar bir\u00e7ok ba\u015fl\u0131\u011fa de\u011findi. G\u00fcrlek, su\u00e7 yap\u0131lanmalar\u0131yla m\u00fccadelede kararl\u0131l\u0131k mesaj\u0131 vererek, \u201cUcu nereye giderse gitsin, hukukun ve somut delillerin g\u00f6sterdi\u011fi istikamette maddi ger\u00e7ek ortaya \u00e7\u0131kar\u0131lacak\u201d dedi.\u00a0<a href=\"https:\/\/www.son.tv\/istanbulda-yeni-adli-yil-basladi-bakan-gurlekten-suc-orgutleri-ve-yolsuzlukla-mucadelede-kararlilik-mesaji\/\" target=\"_blank\" class=\"feedzy-rss-link-icon\">Read More<\/a><\/p>","protected":false},"excerpt":{"rendered":"<p>SON.TV\/\u0130STANBUL 2026-2027 Adli Y\u0131l\u0131 dolay\u0131s\u0131yla \u0130stanbul Adliyesi \u015eehit Cumhuriyet Savc\u0131s\u0131 Mehmet Selim Kiraz Yerle\u015fkesi\u2019nde a\u00e7\u0131l\u0131\u015f t\u00f6reni d\u00fczenlendi. Adliyenin Atrium alan\u0131ndaki t\u00f6ren sayg\u0131 duru\u015fu ve \u0130stiklal mar\u015f\u0131 ile ba\u015flad\u0131. YARGI CAM\u0130ASI \u0130STANBUL\u2019DA BULU\u015eTU T\u00f6rene, Adalet Bakan\u0131 Ak\u0131n G\u00fcrlek, Adalet Bakan Yard\u0131mc\u0131s\u0131 Burak Ceyhan, Adalet Bakan Yard\u0131mc\u0131s\u0131 Can Tuncay, HSK 2.Daire Ba\u015fkan Vekili Fuzuli Aydo\u011fdu, HSK 1.Daire [&hellip;]<\/p>\n","protected":false},"author":1,"featured_media":42214,"comment_status":"open","ping_status":"open","sticky":false,"template":"","format":"standard","meta":{"footnotes":"","_links_to":"","_links_to_target":""},"categories":[1],"tags":[],"class_list":["post-42213","post","type-post","status-publish","format-standard","has-post-thumbnail","hentry","category-haberler"],"_links":{"self":[{"href":"https:\/\/www.abchukuk.com\/index.php\/wp-json\/wp\/v2\/posts\/42213","targetHints":{"allow":["GET"]}}],"collection":[{"href":"https:\/\/www.abchukuk.com\/index.php\/wp-json\/wp\/v2\/posts"}],"about":[{"href":"https:\/\/www.abchukuk.com\/index.php\/wp-json\/wp\/v2\/types\/post"}],"author":[{"embeddable":true,"href":"https:\/\/www.abchukuk.com\/index.php\/wp-json\/wp\/v2\/users\/1"}],"replies":[{"embeddable":true,"href":"https:\/\/www.abchukuk.com\/index.php\/wp-json\/wp\/v2\/comments?post=42213"}],"version-history":[{"count":0,"href":"https:\/\/www.abchukuk.com\/index.php\/wp-json\/wp\/v2\/posts\/42213\/revisions"}],"wp:featuredmedia":[{"embeddable":true,"href":"https:\/\/www.abchukuk.com\/index.php\/wp-json\/wp\/v2\/media\/42214"}],"wp:attachment":[{"href":"https:\/\/www.abchukuk.com\/index.php\/wp-json\/wp\/v2\/media?parent=42213"}],"wp:term":[{"taxonomy":"category","embeddable":true,"href":"https:\/\/www.abchukuk.com\/index.php\/wp-json\/wp\/v2\/categories?post=42213"},{"taxonomy":"post_tag","embeddable":true,"href":"https:\/\/www.abchukuk.com\/index.php\/wp-json\/wp\/v2\/tags?post=42213"}],"curies":[{"name":"wp","href":"https:\/\/api.w.org\/{rel}","templated":true}]}}