{"id":42211,"date":"2026-09-02T11:53:14","date_gmt":"2026-09-02T11:53:14","guid":{"rendered":"https:\/\/www.abchukuk.com\/index.php\/2026\/09\/02\/kemerde-yeni-adli-yil-basladi-bassavci-batuhan-kilinctan-hizli-ve-adil-yargi-mesaji\/"},"modified":"2026-09-02T11:53:14","modified_gmt":"2026-09-02T11:53:14","slug":"kemerde-yeni-adli-yil-basladi-bassavci-batuhan-kilinctan-hizli-ve-adil-yargi-mesaji","status":"publish","type":"post","link":"https:\/\/www.abchukuk.com\/index.php\/2026\/09\/02\/kemerde-yeni-adli-yil-basladi-bassavci-batuhan-kilinctan-hizli-ve-adil-yargi-mesaji\/","title":{"rendered":"Kemer\u2019de yeni adli y\u0131l ba\u015flad\u0131: Ba\u015fsavc\u0131 Batuhan K\u0131l\u0131n\u00e7\u2019tan h\u0131zl\u0131 ve adil yarg\u0131 mesaj\u0131"},"content":{"rendered":"<p><strong>SON.TV\/ANTALYA<\/strong><\/p>\n<p><strong>Kemer\u2019de 2026-2027 Adli Y\u0131l\u0131 dolay\u0131s\u0131yla Kemer Adalet Saray\u0131 bah\u00e7esinde t\u00f6ren d\u00fczenlendi. Sayg\u0131 duru\u015fu ve \u0130stiklal Mar\u015f\u0131 ile ba\u015flayan programda yarg\u0131 mensuplar\u0131 ile il\u00e7e protokol\u00fc bir araya geldi.<\/strong><\/p>\n<p><img fetchpriority=\"high\" decoding=\"async\" class=\"alignnone size-medium wp-image-197200\" src=\"https:\/\/www.son.tv\/wp-content\/uploads\/2026\/09\/c4c2b628-535c-4917-80b7-64f35797319e-1-300x200.jpeg\" alt=\"\" width=\"300\" height=\"200\" \/><\/p>\n<p><strong>YARGI VE \u0130L\u00c7E PROTOKOL\u00dc B\u0130R ARAYA GELD\u0130<\/strong><\/p>\n<p><strong>T\u00f6rene Kemer Belediye Ba\u015fkan\u0131 Necati Topalo\u011flu, Kemer Cumhuriyet Ba\u015fsavc\u0131s\u0131 Batuhan K\u0131l\u0131n\u00e7, Kemer Jandarma Komutan\u0131 Onur Yakan, Kemer Emniyet M\u00fcd\u00fcr\u00fc Kudret \u00d6z\u00e7elik, Kemer Sahil G\u00fcvenlik Komutan\u0131 Hasan Fatih Han, Kemer \u0130l\u00e7e Milli E\u011fitim M\u00fcd\u00fcr\u00fc Mehmet Erkan Ergen, Antalya Barosu Kemer Temsilcisi \u00c7a\u011fr\u0131 G\u00fcng\u00f6r, daire ve kurum m\u00fcd\u00fcrleri ile h\u00e2kimler, Cumhuriyet savc\u0131lar\u0131 ve avukatlar kat\u0131ld\u0131.<span class=\"Apple-converted-space\">\u00a0<\/span><\/strong><\/p>\n<p><img decoding=\"async\" class=\"alignnone size-medium wp-image-197201\" src=\"https:\/\/www.son.tv\/wp-content\/uploads\/2026\/09\/15c1cd23-5500-4318-a99e-194aeb49146c-2-300x200.jpeg\" alt=\"\" width=\"300\" height=\"200\" \/><\/p>\n<p><strong>BA\u015eSAVCI KILIN\u00c7\u2019TAN ADALET VURGUSU<\/strong><\/p>\n<p><strong>T\u00f6rende konu\u015fan Kemer Cumhuriyet Ba\u015fsavc\u0131s\u0131 Batuhan K\u0131l\u0131n\u00e7, 2026-2027 Adli Y\u0131l\u0131\u2019n\u0131n yarg\u0131 camias\u0131 i\u00e7in hay\u0131rl\u0131 olmas\u0131n\u0131 diledi.<\/strong><\/p>\n<p><strong>K\u0131l\u0131n\u00e7<\/strong>, adaletin bireyin hakk\u0131n\u0131 koruyan, toplumu ayakta tutan ve devlete duyulan g\u00fcveni sa\u011flayan temel de\u011ferlerden biri oldu\u011funu vurgulad\u0131. Adliyeye gelen vatanda\u015f\u0131n kar\u015f\u0131s\u0131nda kendisini dinleyen, anlayan ve hakk\u0131n\u0131 korumak i\u00e7in \u00e7al\u0131\u015fan bir devlet g\u00f6rmesinin \u00f6nemine dikkat \u00e7ekti.<span class=\"Apple-converted-space\">\u00a0<\/span><\/p>\n<p><img decoding=\"async\" class=\"alignnone size-medium wp-image-197202\" src=\"https:\/\/www.son.tv\/wp-content\/uploads\/2026\/09\/ffb20694-0713-40ca-b47b-b1742036d04f-300x200.jpeg\" alt=\"\" width=\"300\" height=\"200\" \/><\/p>\n<p>\u201c<strong>HER DOSYANIN ARKASINDA B\u0130R \u0130NSAN VAR\u201d<\/strong><\/p>\n<p><strong>Ba\u015fsavc\u0131 K\u0131l\u0131n\u00e7,<\/strong> yarg\u0131 hizmetlerinin yaln\u0131zca dosya ve evraktan ibaret olmad\u0131\u011f\u0131na dikkat \u00e7ekerek, her soru\u015fturman\u0131n, davan\u0131n ve adli i\u015flemin arkas\u0131nda bir insan ve \u00e7o\u011fu zaman bir hayat hik\u00e2yesi bulundu\u011funu belirtti.<\/p>\n<p>Yarg\u0131 g\u00f6revinin yerine getirilmesinde hem hukukun hem de insan onurunun g\u00f6zetilmesi gerekti\u011fini ifade etti.<span class=\"Apple-converted-space\">\u00a0<\/span><\/p>\n<p><img loading=\"lazy\" decoding=\"async\" loading=\"lazy\" class=\"alignnone size-medium wp-image-197203\" src=\"https:\/\/www.son.tv\/wp-content\/uploads\/2026\/09\/43cab7d1-8c23-4f32-b345-d0a46989aa51-1-300x200.jpeg\" alt=\"\" width=\"300\" height=\"200\" \/><\/p>\n<p><strong>SU\u00c7LA ETK\u0130N M\u00dcCADELE S\u00dcRECEK<\/strong><\/p>\n<p><strong>Ba\u015fsavc\u0131 Batuhan K\u0131l\u0131n\u00e7, yeni adli y\u0131lda su\u00e7la etkin m\u00fccadelenin kararl\u0131l\u0131kla s\u00fcrd\u00fcr\u00fclece\u011fini bildirdi.<\/strong><\/p>\n<p>K\u0131l\u0131n\u00e7, ma\u011fdur haklar\u0131n\u0131 g\u00f6zeten, h\u0131zl\u0131 ve adil bir yarg\u0131 s\u00fcrecinin sa\u011flanmas\u0131 i\u00e7in b\u00fct\u00fcn imk\u00e2nlar\u0131n seferber edilece\u011fini ifade etti. Yeni d\u00f6nemde uyu\u015fturucu su\u00e7lar\u0131, kad\u0131na y\u00f6nelik \u015fiddet, \u00e7ocuklara kar\u015f\u0131 i\u015flenen su\u00e7lar ve kamu d\u00fczenini tehdit eden olaylarla m\u00fccadelede \u00e7al\u0131\u015fmalar\u0131n s\u00fcrd\u00fcr\u00fclece\u011fi belirtildi.<span class=\"Apple-converted-space\">\u00a0<\/span><\/p>\n<p>\u00a0<\/p>\n<p><strong><img loading=\"lazy\" decoding=\"async\" loading=\"lazy\" class=\"alignnone size-medium wp-image-197204\" src=\"https:\/\/www.son.tv\/wp-content\/uploads\/2026\/09\/63d6cba8-c122-412c-bcf4-77d773d6a09a-1-300x200.jpeg\" alt=\"\" width=\"300\" height=\"200\" \/> <img loading=\"lazy\" decoding=\"async\" loading=\"lazy\" class=\"alignnone size-medium wp-image-197205\" src=\"https:\/\/www.son.tv\/wp-content\/uploads\/2026\/09\/bc41e9d1-84fb-4fb3-a2dc-3baefdba46bb-1-300x200.jpeg\" alt=\"\" width=\"300\" height=\"200\" \/> <img loading=\"lazy\" decoding=\"async\" loading=\"lazy\" class=\"alignnone size-medium wp-image-197206\" src=\"https:\/\/www.son.tv\/wp-content\/uploads\/2026\/09\/869c631d-3fc6-4eeb-b08c-9deef8d437e7-1-300x200.jpeg\" alt=\"\" width=\"300\" height=\"200\" \/>BARODAN YEN\u0130 ADL\u0130 YIL MESAJI<\/strong><\/p>\n<p><strong>Antalya Barosu Kemer Temsilcisi \u00c7a\u011fr\u0131 G\u00fcng\u00f6r<\/strong> de t\u00f6rende yapt\u0131\u011f\u0131 konu\u015fmada 2026-2027 Adli Y\u0131l\u0131\u2019n\u0131n t\u00fcm yarg\u0131 camias\u0131 i\u00e7in hay\u0131rl\u0131 olmas\u0131 temennisinde bulundu.<\/p>\n<p>Konu\u015fmalar\u0131n ard\u0131ndan resmi t\u00f6ren sona erdi. Program sonras\u0131nda davetliler d\u00fczenlenen kokteylde bir araya geldi.<span class=\"Apple-converted-space\">\u00a0<\/span><\/p>\n<p><img loading=\"lazy\" decoding=\"async\" loading=\"lazy\" class=\"alignnone size-medium wp-image-197207\" src=\"https:\/\/www.son.tv\/wp-content\/uploads\/2026\/09\/4cb638a4-3c13-45fa-bdcc-50fc9d96cbbf-1-300x200.jpeg\" alt=\"\" width=\"300\" height=\"200\" \/> <img loading=\"lazy\" decoding=\"async\" loading=\"lazy\" class=\"alignnone size-medium wp-image-197208\" src=\"https:\/\/www.son.tv\/wp-content\/uploads\/2026\/09\/411bcf83-830c-4bc5-8d42-e068b1c60dec-1-300x200.jpeg\" alt=\"\" width=\"300\" height=\"200\" \/><\/p>\n<p><strong>ET\u0130KETLER: #Kemer #KemerAdliyesi #BatuhanK\u0131l\u0131n\u00e7 #YeniAdliY\u0131l #20262027AdliY\u0131l\u0131 #Antalya #Yarg\u0131 #Adalet #NecatiTopalo\u011flu #KemerCumhuriyetBa\u015fsavc\u0131l\u0131\u011f\u0131<\/strong><\/p>\n<p>Kemer\u2019de 2026-2027 Adli Y\u0131l\u0131, Kemer Adalet Saray\u0131 bah\u00e7esinde d\u00fczenlenen t\u00f6renle ba\u015flad\u0131. Kemer Cumhuriyet Ba\u015fsavc\u0131s\u0131 Batuhan K\u0131l\u0131n\u00e7, yeni adli y\u0131lda su\u00e7la etkin m\u00fccadelenin s\u00fcrd\u00fcr\u00fclece\u011fini, ma\u011fdur haklar\u0131n\u0131n g\u00f6zetilece\u011fini ve h\u0131zl\u0131, adil yarg\u0131 s\u00fcreci i\u00e7in t\u00fcm imk\u00e2nlar\u0131n seferber edilece\u011fini s\u00f6yledi.\u00a0<a href=\"https:\/\/www.son.tv\/kemerde-yeni-adli-yil-basladi-bassavci-batuhan-kilinctan-hizli-ve-adil-yargi-mesaji\/\" target=\"_blank\" class=\"feedzy-rss-link-icon\">Read More<\/a><\/p>","protected":false},"excerpt":{"rendered":"<p>SON.TV\/ANTALYA Kemer\u2019de 2026-2027 Adli Y\u0131l\u0131 dolay\u0131s\u0131yla Kemer Adalet Saray\u0131 bah\u00e7esinde t\u00f6ren d\u00fczenlendi. Sayg\u0131 duru\u015fu ve \u0130stiklal Mar\u015f\u0131 ile ba\u015flayan programda yarg\u0131 mensuplar\u0131 ile il\u00e7e protokol\u00fc bir araya geldi. YARGI VE \u0130L\u00c7E PROTOKOL\u00dc B\u0130R ARAYA GELD\u0130 T\u00f6rene Kemer Belediye Ba\u015fkan\u0131 Necati Topalo\u011flu, Kemer Cumhuriyet Ba\u015fsavc\u0131s\u0131 Batuhan K\u0131l\u0131n\u00e7, Kemer Jandarma Komutan\u0131 Onur Yakan, Kemer Emniyet M\u00fcd\u00fcr\u00fc Kudret [&hellip;]<\/p>\n","protected":false},"author":1,"featured_media":42212,"comment_status":"open","ping_status":"open","sticky":false,"template":"","format":"standard","meta":{"footnotes":"","_links_to":"","_links_to_target":""},"categories":[1],"tags":[],"class_list":["post-42211","post","type-post","status-publish","format-standard","has-post-thumbnail","hentry","category-haberler"],"_links":{"self":[{"href":"https:\/\/www.abchukuk.com\/index.php\/wp-json\/wp\/v2\/posts\/42211","targetHints":{"allow":["GET"]}}],"collection":[{"href":"https:\/\/www.abchukuk.com\/index.php\/wp-json\/wp\/v2\/posts"}],"about":[{"href":"https:\/\/www.abchukuk.com\/index.php\/wp-json\/wp\/v2\/types\/post"}],"author":[{"embeddable":true,"href":"https:\/\/www.abchukuk.com\/index.php\/wp-json\/wp\/v2\/users\/1"}],"replies":[{"embeddable":true,"href":"https:\/\/www.abchukuk.com\/index.php\/wp-json\/wp\/v2\/comments?post=42211"}],"version-history":[{"count":0,"href":"https:\/\/www.abchukuk.com\/index.php\/wp-json\/wp\/v2\/posts\/42211\/revisions"}],"wp:featuredmedia":[{"embeddable":true,"href":"https:\/\/www.abchukuk.com\/index.php\/wp-json\/wp\/v2\/media\/42212"}],"wp:attachment":[{"href":"https:\/\/www.abchukuk.com\/index.php\/wp-json\/wp\/v2\/media?parent=42211"}],"wp:term":[{"taxonomy":"category","embeddable":true,"href":"https:\/\/www.abchukuk.com\/index.php\/wp-json\/wp\/v2\/categories?post=42211"},{"taxonomy":"post_tag","embeddable":true,"href":"https:\/\/www.abchukuk.com\/index.php\/wp-json\/wp\/v2\/tags?post=42211"}],"curies":[{"name":"wp","href":"https:\/\/api.w.org\/{rel}","templated":true}]}}