{"id":42209,"date":"2026-09-02T09:01:26","date_gmt":"2026-09-02T09:01:26","guid":{"rendered":"https:\/\/www.abchukuk.com\/index.php\/2026\/09\/02\/bmden-abdye-cagri-denizdeki-olumcul-saldirilar-yargisiz-ve-hukuka-aykiridir\/"},"modified":"2026-09-02T09:01:26","modified_gmt":"2026-09-02T09:01:26","slug":"bmden-abdye-cagri-denizdeki-olumcul-saldirilar-yargisiz-ve-hukuka-aykiridir","status":"publish","type":"post","link":"https:\/\/www.abchukuk.com\/index.php\/2026\/09\/02\/bmden-abdye-cagri-denizdeki-olumcul-saldirilar-yargisiz-ve-hukuka-aykiridir\/","title":{"rendered":"BM&#8217;den ABD&#8217;ye \u00e7a\u011fr\u0131: &#8216;Denizdeki \u00f6l\u00fcmc\u00fcl sald\u0131r\u0131lar yarg\u0131s\u0131z ve hukuka ayk\u0131r\u0131d\u0131r&#8217;"},"content":{"rendered":"<p>BM raport\u00f6rleri, ABD&#8217;nin Karayip Denizi ve Pasifik Okyanusu&#8217;ndaki hava sald\u0131r\u0131lar\u0131nda son bir y\u0131lda en az 223 ki\u015finin \u00f6ld\u00fc\u011f\u00fcn\u00fc bildirerek, sald\u0131r\u0131lar\u0131 &#8216;yarg\u0131s\u0131z ve hukuka ayk\u0131r\u0131 \u00f6ld\u00fcrmeler&#8217; olarak nitelendirdi.BM raport\u00f6rleri, ABD&#8217;nin Karayip Denizi ve Pasifik Okyanusu&#8217;ndaki hava sald\u0131r\u0131lar\u0131nda son bir y\u0131lda en az 223 ki\u015finin \u00f6ld\u00fc\u011f\u00fcn\u00fc bildirerek, sald\u0131r\u0131lar\u0131 &#8216;yarg\u0131s\u0131z ve hukuka ayk\u0131r\u0131 \u00f6ld\u00fcrmeler&#8217; olarak nitelendirdi.\u00a0<a href=\"https:\/\/anlatilaninotesi.com.tr\/20260902\/bmden-abdye-cagri-denizdeki-olumcul-saldirilar-yargisiz-ve-hukuka-aykiridir-1108426127.html\" target=\"_blank\" class=\"feedzy-rss-link-icon\">Read More<\/a><\/p>","protected":false},"excerpt":{"rendered":"<p>BM raport\u00f6rleri, ABD&#8217;nin Karayip Denizi ve Pasifik Okyanusu&#8217;ndaki hava sald\u0131r\u0131lar\u0131nda son bir y\u0131lda en az 223 ki\u015finin \u00f6ld\u00fc\u011f\u00fcn\u00fc bildirerek, sald\u0131r\u0131lar\u0131 &#8216;yarg\u0131s\u0131z ve hukuka ayk\u0131r\u0131 \u00f6ld\u00fcrmeler&#8217; olarak nitelendirdi.BM raport\u00f6rleri, ABD&#8217;nin Karayip Denizi ve Pasifik Okyanusu&#8217;ndaki hava sald\u0131r\u0131lar\u0131nda son bir y\u0131lda en az 223 ki\u015finin \u00f6ld\u00fc\u011f\u00fcn\u00fc bildirerek, sald\u0131r\u0131lar\u0131 &#8216;yarg\u0131s\u0131z ve hukuka ayk\u0131r\u0131 \u00f6ld\u00fcrmeler&#8217; olarak nitelendirdi.\u00a0Read More<\/p>\n","protected":false},"author":1,"featured_media":0,"comment_status":"open","ping_status":"open","sticky":false,"template":"","format":"standard","meta":{"footnotes":"","_links_to":"","_links_to_target":""},"categories":[1],"tags":[],"class_list":["post-42209","post","type-post","status-publish","format-standard","hentry","category-haberler"],"_links":{"self":[{"href":"https:\/\/www.abchukuk.com\/index.php\/wp-json\/wp\/v2\/posts\/42209","targetHints":{"allow":["GET"]}}],"collection":[{"href":"https:\/\/www.abchukuk.com\/index.php\/wp-json\/wp\/v2\/posts"}],"about":[{"href":"https:\/\/www.abchukuk.com\/index.php\/wp-json\/wp\/v2\/types\/post"}],"author":[{"embeddable":true,"href":"https:\/\/www.abchukuk.com\/index.php\/wp-json\/wp\/v2\/users\/1"}],"replies":[{"embeddable":true,"href":"https:\/\/www.abchukuk.com\/index.php\/wp-json\/wp\/v2\/comments?post=42209"}],"version-history":[{"count":0,"href":"https:\/\/www.abchukuk.com\/index.php\/wp-json\/wp\/v2\/posts\/42209\/revisions"}],"wp:attachment":[{"href":"https:\/\/www.abchukuk.com\/index.php\/wp-json\/wp\/v2\/media?parent=42209"}],"wp:term":[{"taxonomy":"category","embeddable":true,"href":"https:\/\/www.abchukuk.com\/index.php\/wp-json\/wp\/v2\/categories?post=42209"},{"taxonomy":"post_tag","embeddable":true,"href":"https:\/\/www.abchukuk.com\/index.php\/wp-json\/wp\/v2\/tags?post=42209"}],"curies":[{"name":"wp","href":"https:\/\/api.w.org\/{rel}","templated":true}]}}