{"id":42207,"date":"2026-09-02T09:05:00","date_gmt":"2026-09-02T09:05:00","guid":{"rendered":"https:\/\/www.abchukuk.com\/index.php\/2026\/09\/02\/bassavcilik-cagri-yapti-melih-gokcek-cuma-gunu-supheli-sifatiyla-ifade-verecek\/"},"modified":"2026-09-02T09:05:00","modified_gmt":"2026-09-02T09:05:00","slug":"bassavcilik-cagri-yapti-melih-gokcek-cuma-gunu-supheli-sifatiyla-ifade-verecek","status":"publish","type":"post","link":"https:\/\/www.abchukuk.com\/index.php\/2026\/09\/02\/bassavcilik-cagri-yapti-melih-gokcek-cuma-gunu-supheli-sifatiyla-ifade-verecek\/","title":{"rendered":"Ba\u015fsavc\u0131l\u0131k \u00c7a\u011fr\u0131 Yapt\u0131! Melih G\u00f6k\u00e7ek Cuma G\u00fcn\u00fc \u015e\u00fcpheli S\u0131fat\u0131yla \u0130fade Verecek"},"content":{"rendered":"<p><a href=\"https:\/\/www.gercekgundem.com\/guncel\/bassavcilik-cagri-yapti-melih-gokcek-cuma-gunu-supheli-sifatiyla-ifade-verecek-577869\"><br \/>\n                                                            <img decoding=\"async\" src=\"https:\/\/i.gercekgundem.com\/2\/150\/84\/storage\/files\/images\/2026\/09\/02\/bassavcilik-cagri-yapti-melih-gokcek-cuma-gunu-supheli-sifatiyla-ifade-verecek-iza0.jpg\" width=\"150\" height=\"84\" border=\"0\" align=\"right\" \/><br \/>\n                                                    <\/a><\/p>\n<h4>Ankara Cumhuriyet Ba\u015fsavc\u0131l\u0131\u011f\u0131, eski Ankara B\u00fcy\u00fck\u015fehir Belediye Ba\u015fkan\u0131 \u0130brahim Melih G\u00f6k\u00e7ek\u2019i, 4 Eyl\u00fcl Cuma g\u00fcn\u00fc saat 16.00\u2019da \u015f\u00fcpheli s\u0131fat\u0131yla ifadeye \u00e7a\u011f\u0131rd\u0131.<\/h4>\n<p>Ankara Cumhuriyet Ba\u015fsavc\u0131l\u0131\u011f\u0131, eski Ankara B\u00fcy\u00fck\u015fehir Belediye Ba\u015fkan\u0131 \u0130brahim Melih G\u00f6k\u00e7ek\u2019i, 4 Eyl\u00fcl Cuma g\u00fcn\u00fc saat 16.00\u2019da \u015f\u00fcpheli s\u0131fat\u0131yla ifadeye \u00e7a\u011f\u0131rd\u0131.\u00a0<a href=\"https:\/\/www.gercekgundem.com\/guncel\/bassavcilik-cagri-yapti-melih-gokcek-cuma-gunu-supheli-sifatiyla-ifade-verecek-577869\" target=\"_blank\" class=\"feedzy-rss-link-icon\">Read More<\/a><\/p>","protected":false},"excerpt":{"rendered":"<p>Ankara Cumhuriyet Ba\u015fsavc\u0131l\u0131\u011f\u0131, eski Ankara B\u00fcy\u00fck\u015fehir Belediye Ba\u015fkan\u0131 \u0130brahim Melih G\u00f6k\u00e7ek\u2019i, 4 Eyl\u00fcl Cuma g\u00fcn\u00fc saat 16.00\u2019da \u015f\u00fcpheli s\u0131fat\u0131yla ifadeye \u00e7a\u011f\u0131rd\u0131. Ankara Cumhuriyet Ba\u015fsavc\u0131l\u0131\u011f\u0131, eski Ankara B\u00fcy\u00fck\u015fehir Belediye Ba\u015fkan\u0131 \u0130brahim Melih G\u00f6k\u00e7ek\u2019i, 4 Eyl\u00fcl Cuma g\u00fcn\u00fc saat 16.00\u2019da \u015f\u00fcpheli s\u0131fat\u0131yla ifadeye \u00e7a\u011f\u0131rd\u0131.\u00a0Read More<\/p>\n","protected":false},"author":1,"featured_media":42208,"comment_status":"open","ping_status":"open","sticky":false,"template":"","format":"standard","meta":{"footnotes":"","_links_to":"","_links_to_target":""},"categories":[1],"tags":[],"class_list":["post-42207","post","type-post","status-publish","format-standard","has-post-thumbnail","hentry","category-haberler"],"_links":{"self":[{"href":"https:\/\/www.abchukuk.com\/index.php\/wp-json\/wp\/v2\/posts\/42207","targetHints":{"allow":["GET"]}}],"collection":[{"href":"https:\/\/www.abchukuk.com\/index.php\/wp-json\/wp\/v2\/posts"}],"about":[{"href":"https:\/\/www.abchukuk.com\/index.php\/wp-json\/wp\/v2\/types\/post"}],"author":[{"embeddable":true,"href":"https:\/\/www.abchukuk.com\/index.php\/wp-json\/wp\/v2\/users\/1"}],"replies":[{"embeddable":true,"href":"https:\/\/www.abchukuk.com\/index.php\/wp-json\/wp\/v2\/comments?post=42207"}],"version-history":[{"count":0,"href":"https:\/\/www.abchukuk.com\/index.php\/wp-json\/wp\/v2\/posts\/42207\/revisions"}],"wp:featuredmedia":[{"embeddable":true,"href":"https:\/\/www.abchukuk.com\/index.php\/wp-json\/wp\/v2\/media\/42208"}],"wp:attachment":[{"href":"https:\/\/www.abchukuk.com\/index.php\/wp-json\/wp\/v2\/media?parent=42207"}],"wp:term":[{"taxonomy":"category","embeddable":true,"href":"https:\/\/www.abchukuk.com\/index.php\/wp-json\/wp\/v2\/categories?post=42207"},{"taxonomy":"post_tag","embeddable":true,"href":"https:\/\/www.abchukuk.com\/index.php\/wp-json\/wp\/v2\/tags?post=42207"}],"curies":[{"name":"wp","href":"https:\/\/api.w.org\/{rel}","templated":true}]}}