{"id":42205,"date":"2026-09-02T09:19:00","date_gmt":"2026-09-02T09:19:00","guid":{"rendered":"https:\/\/www.abchukuk.com\/index.php\/2026\/09\/02\/melih-gokcek-gozaltina-mi-alindi-tutuklandi-mi\/"},"modified":"2026-09-02T09:19:00","modified_gmt":"2026-09-02T09:19:00","slug":"melih-gokcek-gozaltina-mi-alindi-tutuklandi-mi","status":"publish","type":"post","link":"https:\/\/www.abchukuk.com\/index.php\/2026\/09\/02\/melih-gokcek-gozaltina-mi-alindi-tutuklandi-mi\/","title":{"rendered":"Melih G\u00f6k\u00e7ek g\u00f6zalt\u0131na m\u0131 al\u0131nd\u0131, tutukland\u0131 m\u0131?"},"content":{"rendered":"<p>Eski Ankara B\u00fcy\u00fck\u015fehir Belediye Ba\u015fkan\u0131 \u0130brahim Melih G\u00f6k\u00e7ek \u015f\u00fcpheli s\u0131fat\u0131yla ifadeye \u00e7a\u011fr\u0131ld\u0131. G\u00fcn\u00fcn en \u00e7ok konu\u015fulan geli\u015fmesi sonras\u0131 vatanda\u015flar s\u0131k s\u0131k &#8220;Melih G\u00f6k\u00e7ek g\u00f6zalt\u0131na m\u0131 al\u0131nd\u0131, tutukland\u0131 m\u0131&#8221; sorusunu y\u00f6neltiyor.Eski Ankara B\u00fcy\u00fck\u015fehir Belediye Ba\u015fkan\u0131 \u0130brahim Melih G\u00f6k\u00e7ek \u015f\u00fcpheli s\u0131fat\u0131yla ifadeye \u00e7a\u011fr\u0131ld\u0131. G\u00fcn\u00fcn en \u00e7ok konu\u015fulan geli\u015fmesi sonras\u0131 vatanda\u015flar s\u0131k s\u0131k &#8220;Melih G\u00f6k\u00e7ek g\u00f6zalt\u0131na m\u0131 al\u0131nd\u0131, tutukland\u0131 m\u0131&#8221; sorusunu y\u00f6neltiyor.\u00a0<a href=\"https:\/\/www.dunya.com\/gundem\/melih-gokcek-gozaltina-mi-alindi-tutuklandi-mi-haberi-838474\" target=\"_blank\" class=\"feedzy-rss-link-icon\">Read More<\/a><\/p>","protected":false},"excerpt":{"rendered":"<p>Eski Ankara B\u00fcy\u00fck\u015fehir Belediye Ba\u015fkan\u0131 \u0130brahim Melih G\u00f6k\u00e7ek \u015f\u00fcpheli s\u0131fat\u0131yla ifadeye \u00e7a\u011fr\u0131ld\u0131. G\u00fcn\u00fcn en \u00e7ok konu\u015fulan geli\u015fmesi sonras\u0131 vatanda\u015flar s\u0131k s\u0131k &#8220;Melih G\u00f6k\u00e7ek g\u00f6zalt\u0131na m\u0131 al\u0131nd\u0131, tutukland\u0131 m\u0131&#8221; sorusunu y\u00f6neltiyor.Eski Ankara B\u00fcy\u00fck\u015fehir Belediye Ba\u015fkan\u0131 \u0130brahim Melih G\u00f6k\u00e7ek \u015f\u00fcpheli s\u0131fat\u0131yla ifadeye \u00e7a\u011fr\u0131ld\u0131. G\u00fcn\u00fcn en \u00e7ok konu\u015fulan geli\u015fmesi sonras\u0131 vatanda\u015flar s\u0131k s\u0131k &#8220;Melih G\u00f6k\u00e7ek g\u00f6zalt\u0131na m\u0131 al\u0131nd\u0131, [&hellip;]<\/p>\n","protected":false},"author":1,"featured_media":42206,"comment_status":"open","ping_status":"open","sticky":false,"template":"","format":"standard","meta":{"footnotes":"","_links_to":"","_links_to_target":""},"categories":[1],"tags":[],"class_list":["post-42205","post","type-post","status-publish","format-standard","has-post-thumbnail","hentry","category-haberler"],"_links":{"self":[{"href":"https:\/\/www.abchukuk.com\/index.php\/wp-json\/wp\/v2\/posts\/42205","targetHints":{"allow":["GET"]}}],"collection":[{"href":"https:\/\/www.abchukuk.com\/index.php\/wp-json\/wp\/v2\/posts"}],"about":[{"href":"https:\/\/www.abchukuk.com\/index.php\/wp-json\/wp\/v2\/types\/post"}],"author":[{"embeddable":true,"href":"https:\/\/www.abchukuk.com\/index.php\/wp-json\/wp\/v2\/users\/1"}],"replies":[{"embeddable":true,"href":"https:\/\/www.abchukuk.com\/index.php\/wp-json\/wp\/v2\/comments?post=42205"}],"version-history":[{"count":0,"href":"https:\/\/www.abchukuk.com\/index.php\/wp-json\/wp\/v2\/posts\/42205\/revisions"}],"wp:featuredmedia":[{"embeddable":true,"href":"https:\/\/www.abchukuk.com\/index.php\/wp-json\/wp\/v2\/media\/42206"}],"wp:attachment":[{"href":"https:\/\/www.abchukuk.com\/index.php\/wp-json\/wp\/v2\/media?parent=42205"}],"wp:term":[{"taxonomy":"category","embeddable":true,"href":"https:\/\/www.abchukuk.com\/index.php\/wp-json\/wp\/v2\/categories?post=42205"},{"taxonomy":"post_tag","embeddable":true,"href":"https:\/\/www.abchukuk.com\/index.php\/wp-json\/wp\/v2\/tags?post=42205"}],"curies":[{"name":"wp","href":"https:\/\/api.w.org\/{rel}","templated":true}]}}