{"id":42204,"date":"2026-09-02T09:23:01","date_gmt":"2026-09-02T09:23:01","guid":{"rendered":"https:\/\/www.abchukuk.com\/index.php\/2026\/09\/02\/eytyi-eksik-primle-kaciranlari-ilgilendiren-yargitay-karari-sadece-sgk-kayitlarina-bakilmayacak\/"},"modified":"2026-09-02T09:23:01","modified_gmt":"2026-09-02T09:23:01","slug":"eytyi-eksik-primle-kaciranlari-ilgilendiren-yargitay-karari-sadece-sgk-kayitlarina-bakilmayacak","status":"publish","type":"post","link":"https:\/\/www.abchukuk.com\/index.php\/2026\/09\/02\/eytyi-eksik-primle-kaciranlari-ilgilendiren-yargitay-karari-sadece-sgk-kayitlarina-bakilmayacak\/","title":{"rendered":"EYT\u2019yi eksik primle ka\u00e7\u0131ranlar\u0131 ilgilendiren Yarg\u0131tay karar\u0131: Sadece SGK kay\u0131tlar\u0131na bak\u0131lmayacak"},"content":{"rendered":"<p>Eksik prim g\u00fcnleri nedeniyle EYT d\u00fczenlemesinden yararlanamayanlar\u0131n a\u00e7t\u0131\u011f\u0131 hizmet tespit davalar\u0131 s\u00fcrerken Yarg\u0131tay\u2019dan dikkat \u00e7eken bir karar geldi. Yarg\u0131tay 9. Hukuk Dairesi, \u00e7al\u0131\u015fma s\u00fcresinin belirlenmesinde yaln\u0131zca SGK kay\u0131tlar\u0131na bak\u0131lamayaca\u011f\u0131na, akrabal\u0131\u011f\u0131n da tek ba\u015f\u0131na tan\u0131k beyan\u0131n\u0131 ge\u00e7ersiz k\u0131lmayaca\u011f\u0131na karar verdi.Eksik prim g\u00fcnleri nedeniyle EYT d\u00fczenlemesinden yararlanamayanlar\u0131n a\u00e7t\u0131\u011f\u0131 hizmet tespit davalar\u0131 s\u00fcrerken Yarg\u0131tay\u2019dan dikkat \u00e7eken bir karar geldi. Yarg\u0131tay 9. Hukuk Dairesi, \u00e7al\u0131\u015fma s\u00fcresinin belirlenmesinde yaln\u0131zca SGK kay\u0131tlar\u0131na bak\u0131lamayaca\u011f\u0131na, akrabal\u0131\u011f\u0131n da tek ba\u015f\u0131na tan\u0131k beyan\u0131n\u0131 ge\u00e7ersiz k\u0131lmayaca\u011f\u0131na karar verdi.\u00a0<a href=\"https:\/\/anlatilaninotesi.com.tr\/20260902\/eytyi-eksik-primle-kaciranlari-ilgilendiren-yargitay-karari-sadece-sgk-kayitlarina-bakilmayacak-1108428302.html\" target=\"_blank\" class=\"feedzy-rss-link-icon\">Read More<\/a><\/p>","protected":false},"excerpt":{"rendered":"<p>Eksik prim g\u00fcnleri nedeniyle EYT d\u00fczenlemesinden yararlanamayanlar\u0131n a\u00e7t\u0131\u011f\u0131 hizmet tespit davalar\u0131 s\u00fcrerken Yarg\u0131tay\u2019dan dikkat \u00e7eken bir karar geldi. Yarg\u0131tay 9. Hukuk Dairesi, \u00e7al\u0131\u015fma s\u00fcresinin belirlenmesinde yaln\u0131zca SGK kay\u0131tlar\u0131na bak\u0131lamayaca\u011f\u0131na, akrabal\u0131\u011f\u0131n da tek ba\u015f\u0131na tan\u0131k beyan\u0131n\u0131 ge\u00e7ersiz k\u0131lmayaca\u011f\u0131na karar verdi.Eksik prim g\u00fcnleri nedeniyle EYT d\u00fczenlemesinden yararlanamayanlar\u0131n a\u00e7t\u0131\u011f\u0131 hizmet tespit davalar\u0131 s\u00fcrerken Yarg\u0131tay\u2019dan dikkat \u00e7eken bir karar [&hellip;]<\/p>\n","protected":false},"author":1,"featured_media":0,"comment_status":"open","ping_status":"open","sticky":false,"template":"","format":"standard","meta":{"footnotes":"","_links_to":"","_links_to_target":""},"categories":[1],"tags":[],"class_list":["post-42204","post","type-post","status-publish","format-standard","hentry","category-haberler"],"_links":{"self":[{"href":"https:\/\/www.abchukuk.com\/index.php\/wp-json\/wp\/v2\/posts\/42204","targetHints":{"allow":["GET"]}}],"collection":[{"href":"https:\/\/www.abchukuk.com\/index.php\/wp-json\/wp\/v2\/posts"}],"about":[{"href":"https:\/\/www.abchukuk.com\/index.php\/wp-json\/wp\/v2\/types\/post"}],"author":[{"embeddable":true,"href":"https:\/\/www.abchukuk.com\/index.php\/wp-json\/wp\/v2\/users\/1"}],"replies":[{"embeddable":true,"href":"https:\/\/www.abchukuk.com\/index.php\/wp-json\/wp\/v2\/comments?post=42204"}],"version-history":[{"count":0,"href":"https:\/\/www.abchukuk.com\/index.php\/wp-json\/wp\/v2\/posts\/42204\/revisions"}],"wp:attachment":[{"href":"https:\/\/www.abchukuk.com\/index.php\/wp-json\/wp\/v2\/media?parent=42204"}],"wp:term":[{"taxonomy":"category","embeddable":true,"href":"https:\/\/www.abchukuk.com\/index.php\/wp-json\/wp\/v2\/categories?post=42204"},{"taxonomy":"post_tag","embeddable":true,"href":"https:\/\/www.abchukuk.com\/index.php\/wp-json\/wp\/v2\/tags?post=42204"}],"curies":[{"name":"wp","href":"https:\/\/api.w.org\/{rel}","templated":true}]}}