{"id":42202,"date":"2026-09-02T09:23:11","date_gmt":"2026-09-02T09:23:11","guid":{"rendered":"https:\/\/www.abchukuk.com\/index.php\/2026\/09\/02\/hsk-uyeleri-cengiz-aydemir-ve-alisan-tiryakiden-bakirkoy-adliyesi-bassavcisi-baris-dumana-ziyaret\/"},"modified":"2026-09-02T09:23:11","modified_gmt":"2026-09-02T09:23:11","slug":"hsk-uyeleri-cengiz-aydemir-ve-alisan-tiryakiden-bakirkoy-adliyesi-bassavcisi-baris-dumana-ziyaret","status":"publish","type":"post","link":"https:\/\/www.abchukuk.com\/index.php\/2026\/09\/02\/hsk-uyeleri-cengiz-aydemir-ve-alisan-tiryakiden-bakirkoy-adliyesi-bassavcisi-baris-dumana-ziyaret\/","title":{"rendered":"HSK \u00fcyeleri Cengiz Aydemir ve Ali\u015fan Tiryaki\u2019den Bak\u0131rk\u00f6y Adliyesi Ba\u015fsavc\u0131s\u0131 Bar\u0131\u015f Duman\u2019a ziyaret"},"content":{"rendered":"<p>\u00a0<\/p>\n<p><strong>SON.TV\/\u0130STANBUL<\/strong><\/p>\n<p>HSK \u0130kinci Daire \u00dcyeleri Cengiz Aydemir ve Ali\u015fan Tiryaki, Bak\u0131rk\u00f6y Adliyesi\u2019ne ziyaret ger\u00e7ekle\u015ftirdi.<\/p>\n<p><img fetchpriority=\"high\" decoding=\"async\" class=\"alignnone size-medium wp-image-197126\" src=\"https:\/\/www.son.tv\/wp-content\/uploads\/2026\/09\/aa81e65f-93d0-4805-a30d-7fe837aadb77-225x300.jpeg\" alt=\"\" width=\"225\" height=\"300\" \/> <img decoding=\"async\" class=\"alignnone size-medium wp-image-197127\" src=\"https:\/\/www.son.tv\/wp-content\/uploads\/2026\/09\/b90c380a-4dc9-46d2-9ab1-c8546ad5c977-225x300.jpeg\" alt=\"\" width=\"225\" height=\"300\" \/> <img decoding=\"async\" class=\"alignnone size-medium wp-image-197128\" src=\"https:\/\/www.son.tv\/wp-content\/uploads\/2026\/09\/78786535-4694-4582-81ed-2c19ac972aad-225x300.jpeg\" alt=\"\" width=\"225\" height=\"300\" \/> <img loading=\"lazy\" decoding=\"async\" loading=\"lazy\" class=\"alignnone size-medium wp-image-197129\" src=\"https:\/\/www.son.tv\/wp-content\/uploads\/2026\/09\/ff3692b9-2dcc-43e2-ae9a-47d5f1f2d7b4-225x300.jpeg\" alt=\"\" width=\"225\" height=\"300\" \/> <img loading=\"lazy\" decoding=\"async\" loading=\"lazy\" class=\"alignnone size-medium wp-image-197130\" src=\"https:\/\/www.son.tv\/wp-content\/uploads\/2026\/09\/b6eb6c2d-7754-4a0b-9cf0-bca5dfbde47f-225x300.jpeg\" alt=\"\" width=\"225\" height=\"300\" \/><\/p>\n<p>Aydemir ve Tiryaki\u2019yi adliye giri\u015finde Bak\u0131rk\u00f6y Cumhuriyet Ba\u015fsavc\u0131s\u0131 Do\u00e7. Dr. Bar\u0131\u015f Duman, Bak\u0131rk\u00f6y Adalet Komisyonu Ba\u015fkan\u0131 Arif T\u0131r\u0131l, Adalet Komisyonu \u00dcyesi P\u0131nar \u015eafak ve Cumhuriyet ba\u015fsavc\u0131 vekilleri kar\u015f\u0131lad\u0131.<\/p>\n<p><img loading=\"lazy\" decoding=\"async\" loading=\"lazy\" class=\"alignnone size-medium wp-image-197131\" src=\"https:\/\/www.son.tv\/wp-content\/uploads\/2026\/09\/11eef1d3-354b-48d7-a381-4a7abd96cefb-225x300.jpeg\" alt=\"\" width=\"225\" height=\"300\" \/> <img loading=\"lazy\" decoding=\"async\" loading=\"lazy\" class=\"alignnone size-medium wp-image-197132\" src=\"https:\/\/www.son.tv\/wp-content\/uploads\/2026\/09\/da53d90a-911f-421d-8b25-0d01d1980b0a-225x300.jpeg\" alt=\"\" width=\"225\" height=\"300\" \/> <img loading=\"lazy\" decoding=\"async\" loading=\"lazy\" class=\"alignnone size-medium wp-image-197133\" src=\"https:\/\/www.son.tv\/wp-content\/uploads\/2026\/09\/4ab1442e-984d-4ad5-b89a-abcbec9da613-225x300.jpeg\" alt=\"\" width=\"225\" height=\"300\" \/> <img loading=\"lazy\" decoding=\"async\" loading=\"lazy\" class=\"alignnone size-medium wp-image-197134\" src=\"https:\/\/www.son.tv\/wp-content\/uploads\/2026\/09\/c51af710-ed20-4bb6-867f-79bdff4b3ca1-225x300.jpeg\" alt=\"\" width=\"225\" height=\"300\" \/> <img loading=\"lazy\" decoding=\"async\" loading=\"lazy\" class=\"alignnone size-medium wp-image-197135\" src=\"https:\/\/www.son.tv\/wp-content\/uploads\/2026\/09\/a21506fa-0851-4f5e-a984-1d0a7e7dac24-225x300.jpeg\" alt=\"\" width=\"225\" height=\"300\" \/> <img loading=\"lazy\" decoding=\"async\" loading=\"lazy\" class=\"alignnone size-medium wp-image-197136\" src=\"https:\/\/www.son.tv\/wp-content\/uploads\/2026\/09\/e598e19f-98b3-41e5-bcd8-20e918c8c337-300x225.jpeg\" alt=\"\" width=\"300\" height=\"225\" \/> <img loading=\"lazy\" decoding=\"async\" loading=\"lazy\" class=\"alignnone size-medium wp-image-197137\" src=\"https:\/\/www.son.tv\/wp-content\/uploads\/2026\/09\/89715ca9-98d3-43a0-94ec-0747345a2409-300x225.jpeg\" alt=\"\" width=\"300\" height=\"225\" \/> <img loading=\"lazy\" decoding=\"async\" loading=\"lazy\" class=\"alignnone size-medium wp-image-197138\" src=\"https:\/\/www.son.tv\/wp-content\/uploads\/2026\/09\/e51ace00-c7ad-427a-9181-4a3fe0a8efeb-300x225.jpeg\" alt=\"\" width=\"300\" height=\"225\" \/> <img loading=\"lazy\" decoding=\"async\" loading=\"lazy\" class=\"alignnone size-medium wp-image-197139\" src=\"https:\/\/www.son.tv\/wp-content\/uploads\/2026\/09\/0937f95f-10d0-4fad-afa9-e9adc598a1ce-300x225.jpeg\" alt=\"\" width=\"300\" height=\"225\" \/> <img loading=\"lazy\" decoding=\"async\" loading=\"lazy\" class=\"alignnone size-medium wp-image-197140\" src=\"https:\/\/www.son.tv\/wp-content\/uploads\/2026\/09\/c4c31298-5c30-41be-9480-6fd1e9f90841-300x225.jpeg\" alt=\"\" width=\"300\" height=\"225\" \/><\/p>\n<p><strong>ADL\u0130YE G\u0130R\u0130\u015e\u0130NDE KAR\u015eILANDILAR<\/strong><\/p>\n<p>Bak\u0131rk\u00f6y Adliyesi\u2019ne gelen HSK \u00dcyeleri Cengiz Aydemir ve Ali\u015fan Tiryaki i\u00e7in adliye giri\u015finde kar\u015f\u0131lama ger\u00e7ekle\u015ftirildi.<\/p>\n<p>Ba\u015fsavc\u0131 Bar\u0131\u015f Duman, Komisyon Ba\u015fkan\u0131 Arif T\u0131r\u0131l ve Komisyon \u00dcyesi P\u0131nar \u015eafak\u2019\u0131n haz\u0131r bulundu\u011fu kar\u015f\u0131lamada HSK \u00fcyelerine \u00e7i\u00e7ek takdim edildi.<\/p>\n<p>Aydemir ve Tiryaki daha sonra kar\u015f\u0131lamada bulunan Cumhuriyet ba\u015fsavc\u0131 vekilleriyle tek tek selamla\u015ft\u0131.<\/p>\n<p><img loading=\"lazy\" decoding=\"async\" loading=\"lazy\" class=\"alignnone size-medium wp-image-197122\" src=\"https:\/\/www.son.tv\/wp-content\/uploads\/2026\/09\/4c79cb02-0648-4c13-ac04-4642ce22edf5-300x225.jpeg\" alt=\"\" width=\"300\" height=\"225\" \/> <img loading=\"lazy\" decoding=\"async\" loading=\"lazy\" class=\"alignnone size-medium wp-image-197123\" src=\"https:\/\/www.son.tv\/wp-content\/uploads\/2026\/09\/abe2a229-8fab-4f8a-aa68-d189e5b6e661-300x225.jpeg\" alt=\"\" width=\"300\" height=\"225\" \/> <img loading=\"lazy\" decoding=\"async\" loading=\"lazy\" class=\"alignnone size-medium wp-image-197124\" src=\"https:\/\/www.son.tv\/wp-content\/uploads\/2026\/09\/68de3fde-f0e3-46fc-9616-5337b8baa1db-300x225.jpeg\" alt=\"\" width=\"300\" height=\"225\" \/> <img loading=\"lazy\" decoding=\"async\" loading=\"lazy\" class=\"alignnone size-medium wp-image-197125\" src=\"https:\/\/www.son.tv\/wp-content\/uploads\/2026\/09\/b46abccd-d568-4922-8d04-55119bd30e46-1-300x225.jpeg\" alt=\"\" width=\"300\" height=\"225\" \/><\/p>\n<p><strong>BA\u015eSAVCI DUMAN\u2019IN MAKAMINA GE\u00c7T\u0130LER<\/strong><\/p>\n<p>Kar\u015f\u0131laman\u0131n ard\u0131ndan HSK \u00dcyeleri Cengiz Aydemir ve Ali\u015fan Tiryaki, Bak\u0131rk\u00f6y Cumhuriyet Ba\u015fsavc\u0131s\u0131 Do\u00e7. Dr. Bar\u0131\u015f Duman\u2019\u0131n makam\u0131na ge\u00e7ti.<\/p>\n<p>Ziyaret kapsam\u0131nda ger\u00e7ekle\u015ftirilen g\u00f6r\u00fc\u015fmede yarg\u0131 konular\u0131 \u00fczerine de\u011ferlendirmelerde bulunuldu.<\/p>\n<p>Ba\u015fsavc\u0131 Bar\u0131\u015f Duman\u2019\u0131n makam\u0131nda ger\u00e7ekle\u015fen g\u00f6r\u00fc\u015fmede Bak\u0131rk\u00f6y Adliyesi ve yarg\u0131 hizmetlerine ili\u015fkin konular ele al\u0131nd\u0131.<\/p>\n<p><img loading=\"lazy\" decoding=\"async\" loading=\"lazy\" class=\"alignnone size-medium wp-image-197141\" src=\"https:\/\/www.son.tv\/wp-content\/uploads\/2026\/09\/b8cb3040-b64b-4226-a686-022edf1f07ec-300x225.jpeg\" alt=\"\" width=\"300\" height=\"225\" \/> <img loading=\"lazy\" decoding=\"async\" loading=\"lazy\" class=\"alignnone size-medium wp-image-197142\" src=\"https:\/\/www.son.tv\/wp-content\/uploads\/2026\/09\/f223d55a-bd71-445f-a58e-64fcc68f6e95-300x225.jpeg\" alt=\"\" width=\"300\" height=\"225\" \/> <img loading=\"lazy\" decoding=\"async\" loading=\"lazy\" class=\"alignnone size-medium wp-image-197143\" src=\"https:\/\/www.son.tv\/wp-content\/uploads\/2026\/09\/674f51b3-c31c-4f56-b443-311237ac1e59-300x225.jpeg\" alt=\"\" width=\"300\" height=\"225\" \/><\/p>\n<p><strong>HSK\u2019NIN \u0130K\u0130NC\u0130 DA\u0130RE \u00dcYELER\u0130<\/strong><\/p>\n<p>Cengiz Aydemir ve Ali\u015fan Tiryaki, H\u00e2kimler ve Savc\u0131lar Kurulu \u0130kinci Dairesinde g\u00f6rev yap\u0131yor.<\/p>\n<p>Aydemir ve Tiryaki, HSK\u2019daki g\u00f6revleri kapsam\u0131nda yarg\u0131 te\u015fkilat\u0131na y\u00f6nelik \u00e7al\u0131\u015fmalar\u0131n\u0131 s\u00fcrd\u00fcr\u00fcyor.<\/p>\n<p><img loading=\"lazy\" decoding=\"async\" loading=\"lazy\" class=\"alignnone size-medium wp-image-197144\" src=\"https:\/\/www.son.tv\/wp-content\/uploads\/2026\/09\/e71cfdc7-b5e0-4c93-bfd8-1667a2e0197a-300x225.jpeg\" alt=\"\" width=\"300\" height=\"225\" \/> <img loading=\"lazy\" decoding=\"async\" loading=\"lazy\" class=\"alignnone size-medium wp-image-197145\" src=\"https:\/\/www.son.tv\/wp-content\/uploads\/2026\/09\/bb8650f1-842a-4d19-a1d1-1d71cf21603b-300x225.jpeg\" alt=\"\" width=\"300\" height=\"225\" \/> <img loading=\"lazy\" decoding=\"async\" loading=\"lazy\" class=\"alignnone size-medium wp-image-197146\" src=\"https:\/\/www.son.tv\/wp-content\/uploads\/2026\/09\/e45c6ed9-3f70-4795-8132-8bd65c88d311-300x225.jpeg\" alt=\"\" width=\"300\" height=\"225\" \/> <img loading=\"lazy\" decoding=\"async\" loading=\"lazy\" class=\"alignnone size-medium wp-image-197147\" src=\"https:\/\/www.son.tv\/wp-content\/uploads\/2026\/09\/c417972e-fcaa-4630-a843-486ed8427ad3-300x225.jpeg\" alt=\"\" width=\"300\" height=\"225\" \/> <img loading=\"lazy\" decoding=\"async\" loading=\"lazy\" class=\"alignnone size-medium wp-image-197148\" src=\"https:\/\/www.son.tv\/wp-content\/uploads\/2026\/09\/5aae206e-d17f-412f-b878-2666807128ac-300x225.jpeg\" alt=\"\" width=\"300\" height=\"225\" \/> <img loading=\"lazy\" decoding=\"async\" loading=\"lazy\" class=\"alignnone size-medium wp-image-197149\" src=\"https:\/\/www.son.tv\/wp-content\/uploads\/2026\/09\/84058083-b887-4e41-bca8-247119934dc5-300x225.jpeg\" alt=\"\" width=\"300\" height=\"225\" \/><\/p>\n<p><strong>BAKIRK\u00d6Y ADL\u0130YES\u0130\u2019NDE YARGI G\u00dcNDEM\u0130 ELE ALINDI<\/strong><\/p>\n<p>HSK \u00fcyelerinin Bak\u0131rk\u00f6y Adliyesi ziyaretinin \u00f6nemli b\u00f6l\u00fcm\u00fcn\u00fc Ba\u015fsavc\u0131 Bar\u0131\u015f Duman\u2019\u0131n makam\u0131nda ger\u00e7ekle\u015ftirilen g\u00f6r\u00fc\u015fme olu\u015fturdu.<\/p>\n<p>G\u00f6r\u00fc\u015fmede yarg\u0131ya ili\u015fkin konular \u00fczerinde durulurken, ziyaret kar\u015f\u0131l\u0131kl\u0131 de\u011ferlendirmelerin ard\u0131ndan tamamland\u0131.<\/p>\n<p><img loading=\"lazy\" decoding=\"async\" loading=\"lazy\" class=\"alignnone size-medium wp-image-197150\" src=\"https:\/\/www.son.tv\/wp-content\/uploads\/2026\/09\/d89de6d7-bf2d-4f8d-b489-db3b074719d5-300x225.jpeg\" alt=\"\" width=\"300\" height=\"225\" \/><\/p>\n<p><strong>ET\u0130KETLER: #HSK #CengizAydemir #Ali\u015fanTiryaki #Bak\u0131rk\u00f6yAdliyesi #Bar\u0131\u015fDuman #ArifT\u0131r\u0131l #P\u0131nar\u015eafak #Bak\u0131rk\u00f6yCumhuriyetBa\u015fsavc\u0131l\u0131\u011f\u0131 #Yarg\u0131 #Adalet<\/strong><\/p>\n<p>H\u00e2kimler ve Savc\u0131lar Kurulu (HSK) \u00dcyeleri Cengiz Aydemir ve Ali\u015fan Tiryaki, Bak\u0131rk\u00f6y Cumhuriyet Ba\u015fsavc\u0131l\u0131\u011f\u0131n\u0131 ziyaret etti. Adliye giri\u015finde t\u00f6renle kar\u015f\u0131lanan HSK \u00fcyeleri, Cumhuriyet ba\u015fsavc\u0131 vekilleriyle tek tek selamla\u015ft\u0131. Ziyaret kapsam\u0131nda Bak\u0131rk\u00f6y Cumhuriyet Ba\u015fsavc\u0131s\u0131 Do\u00e7. Dr. Bar\u0131\u015f Duman\u2019\u0131n makam\u0131nda yarg\u0131 konular\u0131 \u00fczerine g\u00f6r\u00fc\u015fmeler ger\u00e7ekle\u015ftirildi.\u00a0<a href=\"https:\/\/www.son.tv\/hsk-uyeleri-cengiz-aydemir-ve-alisan-tiryakiden-bakirkoy-adliyesi-bassavcisi-baris-dumana-ziyaret\/\" target=\"_blank\" class=\"feedzy-rss-link-icon\">Read More<\/a><\/p>","protected":false},"excerpt":{"rendered":"<p>\u00a0 SON.TV\/\u0130STANBUL HSK \u0130kinci Daire \u00dcyeleri Cengiz Aydemir ve Ali\u015fan Tiryaki, Bak\u0131rk\u00f6y Adliyesi\u2019ne ziyaret ger\u00e7ekle\u015ftirdi. Aydemir ve Tiryaki\u2019yi adliye giri\u015finde Bak\u0131rk\u00f6y Cumhuriyet Ba\u015fsavc\u0131s\u0131 Do\u00e7. Dr. Bar\u0131\u015f Duman, Bak\u0131rk\u00f6y Adalet Komisyonu Ba\u015fkan\u0131 Arif T\u0131r\u0131l, Adalet Komisyonu \u00dcyesi P\u0131nar \u015eafak ve Cumhuriyet ba\u015fsavc\u0131 vekilleri kar\u015f\u0131lad\u0131. ADL\u0130YE G\u0130R\u0130\u015e\u0130NDE KAR\u015eILANDILAR Bak\u0131rk\u00f6y Adliyesi\u2019ne gelen HSK \u00dcyeleri Cengiz Aydemir ve Ali\u015fan [&hellip;]<\/p>\n","protected":false},"author":1,"featured_media":42203,"comment_status":"open","ping_status":"open","sticky":false,"template":"","format":"standard","meta":{"footnotes":"","_links_to":"","_links_to_target":""},"categories":[1],"tags":[],"class_list":["post-42202","post","type-post","status-publish","format-standard","has-post-thumbnail","hentry","category-haberler"],"_links":{"self":[{"href":"https:\/\/www.abchukuk.com\/index.php\/wp-json\/wp\/v2\/posts\/42202","targetHints":{"allow":["GET"]}}],"collection":[{"href":"https:\/\/www.abchukuk.com\/index.php\/wp-json\/wp\/v2\/posts"}],"about":[{"href":"https:\/\/www.abchukuk.com\/index.php\/wp-json\/wp\/v2\/types\/post"}],"author":[{"embeddable":true,"href":"https:\/\/www.abchukuk.com\/index.php\/wp-json\/wp\/v2\/users\/1"}],"replies":[{"embeddable":true,"href":"https:\/\/www.abchukuk.com\/index.php\/wp-json\/wp\/v2\/comments?post=42202"}],"version-history":[{"count":0,"href":"https:\/\/www.abchukuk.com\/index.php\/wp-json\/wp\/v2\/posts\/42202\/revisions"}],"wp:featuredmedia":[{"embeddable":true,"href":"https:\/\/www.abchukuk.com\/index.php\/wp-json\/wp\/v2\/media\/42203"}],"wp:attachment":[{"href":"https:\/\/www.abchukuk.com\/index.php\/wp-json\/wp\/v2\/media?parent=42202"}],"wp:term":[{"taxonomy":"category","embeddable":true,"href":"https:\/\/www.abchukuk.com\/index.php\/wp-json\/wp\/v2\/categories?post=42202"},{"taxonomy":"post_tag","embeddable":true,"href":"https:\/\/www.abchukuk.com\/index.php\/wp-json\/wp\/v2\/tags?post=42202"}],"curies":[{"name":"wp","href":"https:\/\/api.w.org\/{rel}","templated":true}]}}