{"id":42200,"date":"2026-09-02T09:24:00","date_gmt":"2026-09-02T09:24:00","guid":{"rendered":"https:\/\/www.abchukuk.com\/index.php\/2026\/09\/02\/trabzonspor-taraftarlarini-tasiyan-otobuse-tasli-saldiri-7-kisi-gozaltina-alindi\/"},"modified":"2026-09-02T09:24:00","modified_gmt":"2026-09-02T09:24:00","slug":"trabzonspor-taraftarlarini-tasiyan-otobuse-tasli-saldiri-7-kisi-gozaltina-alindi","status":"publish","type":"post","link":"https:\/\/www.abchukuk.com\/index.php\/2026\/09\/02\/trabzonspor-taraftarlarini-tasiyan-otobuse-tasli-saldiri-7-kisi-gozaltina-alindi\/","title":{"rendered":"Trabzonspor taraftarlar\u0131n\u0131 ta\u015f\u0131yan otob\u00fcse ta\u015fl\u0131 sald\u0131r\u0131: 7 ki\u015fi g\u00f6zalt\u0131na al\u0131nd\u0131"},"content":{"rendered":"<p>Diyarbak\u0131r&#8217;da Trabzonspor taraftarlar\u0131n\u0131 ta\u015f\u0131yan otob\u00fcse ta\u015fl\u0131 sald\u0131r\u0131da bulunulmas\u0131 ve ard\u0131ndan \u00e7\u0131kan arbedede 2 ki\u015finin yaralanmas\u0131na ili\u015fkin soru\u015fturmada\u200b\u200b\u200b\u200b\u200b\u200b\u200b 7 ki\u015fi g\u00f6zalt\u0131na al\u0131nd\u0131.Diyarbak\u0131r&#8217;da Trabzonspor taraftarlar\u0131n\u0131 ta\u015f\u0131yan otob\u00fcse ta\u015fl\u0131 sald\u0131r\u0131da bulunulmas\u0131 ve ard\u0131ndan \u00e7\u0131kan arbedede 2 ki\u015finin yaralanmas\u0131na ili\u015fkin soru\u015fturmada\u200b\u200b\u200b\u200b\u200b\u200b\u200b 7 ki\u015fi g\u00f6zalt\u0131na al\u0131nd\u0131.\u00a0<a href=\"https:\/\/www.cumhuriyet.com.tr\/turkiye\/trabzonspor-taraftarlarini-tasiyan-otobuse-tasli-saldiri-7-kisi-gozaltina-alindi-2534287\" target=\"_blank\" class=\"feedzy-rss-link-icon\">Read More<\/a><\/p>","protected":false},"excerpt":{"rendered":"<p>Diyarbak\u0131r&#8217;da Trabzonspor taraftarlar\u0131n\u0131 ta\u015f\u0131yan otob\u00fcse ta\u015fl\u0131 sald\u0131r\u0131da bulunulmas\u0131 ve ard\u0131ndan \u00e7\u0131kan arbedede 2 ki\u015finin yaralanmas\u0131na ili\u015fkin soru\u015fturmada\u200b\u200b\u200b\u200b\u200b\u200b\u200b 7 ki\u015fi g\u00f6zalt\u0131na al\u0131nd\u0131.Diyarbak\u0131r&#8217;da Trabzonspor taraftarlar\u0131n\u0131 ta\u015f\u0131yan otob\u00fcse ta\u015fl\u0131 sald\u0131r\u0131da bulunulmas\u0131 ve ard\u0131ndan \u00e7\u0131kan arbedede 2 ki\u015finin yaralanmas\u0131na ili\u015fkin soru\u015fturmada\u200b\u200b\u200b\u200b\u200b\u200b\u200b 7 ki\u015fi g\u00f6zalt\u0131na al\u0131nd\u0131.\u00a0Read More<\/p>\n","protected":false},"author":1,"featured_media":42201,"comment_status":"open","ping_status":"open","sticky":false,"template":"","format":"standard","meta":{"footnotes":"","_links_to":"","_links_to_target":""},"categories":[1],"tags":[],"class_list":["post-42200","post","type-post","status-publish","format-standard","has-post-thumbnail","hentry","category-haberler"],"_links":{"self":[{"href":"https:\/\/www.abchukuk.com\/index.php\/wp-json\/wp\/v2\/posts\/42200","targetHints":{"allow":["GET"]}}],"collection":[{"href":"https:\/\/www.abchukuk.com\/index.php\/wp-json\/wp\/v2\/posts"}],"about":[{"href":"https:\/\/www.abchukuk.com\/index.php\/wp-json\/wp\/v2\/types\/post"}],"author":[{"embeddable":true,"href":"https:\/\/www.abchukuk.com\/index.php\/wp-json\/wp\/v2\/users\/1"}],"replies":[{"embeddable":true,"href":"https:\/\/www.abchukuk.com\/index.php\/wp-json\/wp\/v2\/comments?post=42200"}],"version-history":[{"count":0,"href":"https:\/\/www.abchukuk.com\/index.php\/wp-json\/wp\/v2\/posts\/42200\/revisions"}],"wp:featuredmedia":[{"embeddable":true,"href":"https:\/\/www.abchukuk.com\/index.php\/wp-json\/wp\/v2\/media\/42201"}],"wp:attachment":[{"href":"https:\/\/www.abchukuk.com\/index.php\/wp-json\/wp\/v2\/media?parent=42200"}],"wp:term":[{"taxonomy":"category","embeddable":true,"href":"https:\/\/www.abchukuk.com\/index.php\/wp-json\/wp\/v2\/categories?post=42200"},{"taxonomy":"post_tag","embeddable":true,"href":"https:\/\/www.abchukuk.com\/index.php\/wp-json\/wp\/v2\/tags?post=42200"}],"curies":[{"name":"wp","href":"https:\/\/api.w.org\/{rel}","templated":true}]}}