{"id":42197,"date":"2026-09-02T07:31:56","date_gmt":"2026-09-02T07:31:56","guid":{"rendered":"https:\/\/www.abchukuk.com\/index.php\/2026\/09\/02\/istanbulda-yeni-adli-yil-gorkemli-torenle-acildi-bakan-gurlekten-sehit-savci-kiraza-vefa\/"},"modified":"2026-09-02T07:31:56","modified_gmt":"2026-09-02T07:31:56","slug":"istanbulda-yeni-adli-yil-gorkemli-torenle-acildi-bakan-gurlekten-sehit-savci-kiraza-vefa","status":"publish","type":"post","link":"https:\/\/www.abchukuk.com\/index.php\/2026\/09\/02\/istanbulda-yeni-adli-yil-gorkemli-torenle-acildi-bakan-gurlekten-sehit-savci-kiraza-vefa\/","title":{"rendered":"\u0130stanbul\u2019da yeni adli y\u0131l g\u00f6rkemli t\u00f6renle a\u00e7\u0131ld\u0131: Bakan G\u00fcrlek\u2019ten \u015eehit Savc\u0131 Kiraz\u2019a vefa"},"content":{"rendered":"<p><strong>SON.TV\/\u0130STANBUL<\/strong><\/p>\n<p>\u0130stanbul yarg\u0131 camias\u0131, 2026-2027 Adli Y\u0131l\u0131\u2019n\u0131n ba\u015flamas\u0131 dolay\u0131s\u0131yla \u00c7a\u011flayan\u2019daki \u015eehit Cumhuriyet Savc\u0131s\u0131 Mehmet Selim Kiraz Adalet Saray\u0131\u2019nda bir araya geldi.<\/p>\n<p>Yeni adli y\u0131l a\u00e7\u0131l\u0131\u015f program\u0131nda yarg\u0131n\u0131n \u00fcst d\u00fczey temsilcileri, \u0130stanbul protokol\u00fc, h\u00e2kimler, Cumhuriyet savc\u0131lar\u0131, avukatlar ve adliye \u00e7al\u0131\u015fanlar\u0131 bulu\u015ftu.<\/p>\n<p><strong>YARGI CAM\u0130ASI \u00c7A\u011eLAYAN\u2019DA BULU\u015eTU<\/strong><\/p>\n<p>\u0130stanbul Cumhuriyet Ba\u015fsavc\u0131l\u0131\u011f\u0131 taraf\u0131ndan d\u00fczenlenen yeni adli y\u0131l a\u00e7\u0131l\u0131\u015f program\u0131na Adalet Bakan\u0131 Ak\u0131n G\u00fcrlek\u2019in yan\u0131 s\u0131ra Adalet Bakanl\u0131\u011f\u0131 ve H\u00e2kimler ve Savc\u0131lar Kurulu\u2019nun \u00fcst d\u00fczey temsilcileri ile \u0130stanbul protokol\u00fc kat\u0131ld\u0131.<\/p>\n<p>T\u00f6rende ba\u015fsavc\u0131lar, adalet komisyonu ba\u015fkanlar\u0131, mahkeme ba\u015fkanlar\u0131, ba\u015fsavc\u0131 vekilleri, h\u00e2kimler, Cumhuriyet savc\u0131lar\u0131, avukatlar ve adliye personeli de yer ald\u0131.<\/p>\n<p><strong>BAKAN G\u00dcRLEK YARGI MENSUPLARINA SESLEND\u0130<\/strong><\/p>\n<p><strong>Adalet Bakan\u0131 Ak\u0131n G\u00fcrlek,<\/strong> yeni adli y\u0131l a\u00e7\u0131l\u0131\u015f\u0131nda yapt\u0131\u011f\u0131 konu\u015fmada 2026-2027 d\u00f6neminde adalet sisteminin temel hedeflerini anlatt\u0131.<\/p>\n<p>G\u00fcrlek, vatanda\u015flar\u0131n adalete daha kolay ula\u015fmas\u0131n\u0131n sa\u011flanmas\u0131, yarg\u0131 s\u00fcre\u00e7lerinin h\u0131zland\u0131r\u0131lmas\u0131 ve yarg\u0131ya duyulan g\u00fcvenin g\u00fc\u00e7lendirilmesinin \u00f6nemine dikkat \u00e7ekti.<\/p>\n<p>\u201c<strong>YARGILAMALARIN MAKUL S\u00dcREDE TAMAMLANMASINI SA\u011eLAMAK TEMEL \u00d6NCEL\u0130\u011e\u0130M\u0130Z\u201d<\/strong><\/p>\n<p>Bakan G\u00fcrlek, konu\u015fmas\u0131nda yeni adli y\u0131l\u0131n en \u00f6nemli hedeflerinden birinin yarg\u0131lamalar\u0131n makul s\u00fcre i\u00e7erisinde sonu\u00e7land\u0131r\u0131lmas\u0131 oldu\u011funu belirtti.<\/p>\n<p><strong>G\u00fcrlek, \u201cYarg\u0131lamalar\u0131n makul s\u00fcrede tamamlanmas\u0131n\u0131 sa\u011flamak temel \u00f6nceli\u011fimiz\u201d<\/strong> mesaj\u0131n\u0131 verdi.<\/p>\n<p>Adalet hizmetlerinin etkin ve h\u0131zl\u0131 y\u00fcr\u00fct\u00fclmesinin yan\u0131 s\u0131ra vatanda\u015flar\u0131n hak arama h\u00fcrriyetinin ve adalete eri\u015fiminin g\u00fc\u00e7lendirilmesine y\u00f6nelik \u00e7al\u0131\u015fmalar\u0131n da s\u00fcrd\u00fcr\u00fclece\u011fini belirtti.<\/p>\n<p><strong>YARGIYA G\u00dcVEN VURGUSU<\/strong><\/p>\n<p>Bakan G\u00fcrlek\u2019in konu\u015fmas\u0131ndaki \u00f6nemli ba\u015fl\u0131klardan biri de vatanda\u015flar\u0131n yarg\u0131ya duydu\u011fu g\u00fcven oldu.<\/p>\n<p>Yeni d\u00f6nemde adalet hizmetlerinin daha etkin ve eri\u015filebilir hale getirilmesine y\u00f6nelik \u00e7al\u0131\u015fmalar\u0131n devam edece\u011fini belirten G\u00fcrlek, teknolojik altyap\u0131n\u0131n geli\u015ftirilmesi ve adli kapasitenin g\u00fc\u00e7lendirilmesine ili\u015fkin hedeflere dikkat \u00e7ekti.<\/p>\n<p>G\u00fcrlek, yarg\u0131lamalar\u0131n makul s\u00fcre i\u00e7erisinde tamamlanmas\u0131yla birlikte vatanda\u015flar\u0131n adalet hizmetlerinden daha h\u0131zl\u0131 yararlanmas\u0131n\u0131n ama\u00e7land\u0131\u011f\u0131n\u0131 ifade etti.<\/p>\n<p>\u201c<strong>ADALET\u0130N Y\u00dcZYILI\u201d HEDEF\u0130<\/strong><\/p>\n<p>Bakan G\u00fcrlek, yeni adli y\u0131l dolay\u0131s\u0131yla yapt\u0131\u011f\u0131 de\u011ferlendirmelerde yeni nesil dijital teknolojilerden en ileri d\u00fczeyde yararlan\u0131larak adli kapasitenin teknik altyap\u0131s\u0131n\u0131n g\u00fc\u00e7lendirilmesi hedefini de ortaya koydu.<\/p>\n<p>Yarg\u0131 hizmetlerinin daha etkin ve eri\u015filebilir hale getirilece\u011fini belirten G\u00fcrlek, \u201cT\u00fcrkiye Y\u00fczy\u0131l\u0131\u2019n\u0131 Adaletin Y\u00fczy\u0131l\u0131 k\u0131lma\u201d hedefi do\u011frultusunda \u00e7al\u0131\u015fmalar\u0131n s\u00fcrd\u00fcr\u00fclece\u011fini kaydetti.<\/p>\n<p><strong>\u015eEH\u0130T SAVCI MEHMET SEL\u0130M K\u0130RAZ UNUTULMADI<\/strong><\/p>\n<p>Yeni adli y\u0131l t\u00f6reninde \u015eehit Cumhuriyet Savc\u0131s\u0131 Mehmet Selim Kiraz da unutulmad\u0131.<\/p>\n<p>G\u00f6revi ba\u015f\u0131nda ter\u00f6r sald\u0131r\u0131s\u0131nda \u015fehit edilen Cumhuriyet Savc\u0131s\u0131 Mehmet Selim Kiraz rahmet ve minnetle an\u0131ld\u0131.<\/p>\n<p>31 Mart 2015 tarihinde \u0130stanbul Adalet Saray\u0131\u2019ndaki makam odas\u0131nda \u015fehit edilen Mehmet Selim Kiraz\u2019\u0131n ad\u0131, g\u00f6rev yapt\u0131\u011f\u0131 \u0130stanbul Adalet Saray\u0131\u2019nda ya\u015fat\u0131l\u0131yor.<\/p>\n<p>Bakan G\u00fcrlek, daha \u00f6nce Kiraz\u2019\u0131n \u015fehadetinin 11\u2019inci y\u0131l d\u00f6n\u00fcm\u00fcnde d\u00fczenlenen t\u00f6rende de \u015eehit Savc\u0131\u2019n\u0131n adalet te\u015fkilat\u0131n\u0131n ortak vicdan\u0131nda ya\u015famaya devam etti\u011fini ifade etmi\u015fti.<\/p>\n<p><strong>HAK ARAMA H\u00dcRR\u0130YET\u0130 VE ADALETE ER\u0130\u015e\u0130M<\/strong><\/p>\n<p>Yeni adli y\u0131lda hak arama h\u00fcrriyetinin g\u00fc\u00e7lendirilmesi de Adalet Bakanl\u0131\u011f\u0131\u2019n\u0131n \u00f6ncelikli hedefleri aras\u0131nda yer ald\u0131.<\/p>\n<p>Vatanda\u015flar\u0131n mahkemelere ve adalet hizmetlerine daha kolay eri\u015febilmesi, yarg\u0131sal s\u00fcre\u00e7lerin gereksiz yere uzamas\u0131n\u0131n \u00f6n\u00fcne ge\u00e7ilmesi ve dosyalar\u0131n hedef s\u00fcreler i\u00e7erisinde sonu\u00e7land\u0131r\u0131lmas\u0131 i\u00e7in y\u00fcr\u00fct\u00fclen \u00e7al\u0131\u015fmalar\u0131n yeni d\u00f6nemde de devam etmesi planlan\u0131yor.<\/p>\n<p>Adalet hizmetlerinde dijital imkanlar\u0131n daha fazla kullan\u0131lmas\u0131 da yeni d\u00f6nemin \u00e7al\u0131\u015fma ba\u015fl\u0131klar\u0131 aras\u0131nda bulunuyor.<\/p>\n<p><strong>UZUN S\u00dcREN DOSYALAR \u0130\u00c7\u0130N YEN\u0130 UYGULAMALAR<\/strong><\/p>\n<p>Yeni adli y\u0131lla birlikte uzun s\u00fcren soru\u015fturma ve davalara y\u00f6nelik yeni uygulamalar da hayata ge\u00e7irilmeye ba\u015fland\u0131.<\/p>\n<p>Bu kapsamda uzun s\u00fcren yarg\u0131 s\u00fcre\u00e7lerinin takibini kolayla\u015ft\u0131rmak amac\u0131yla ba\u015flat\u0131lan Alo Adalet 135 uygulamas\u0131n\u0131n pilot adliyelerde hizmete al\u0131nmas\u0131n\u0131n ard\u0131ndan T\u00fcrkiye genelinde yayg\u0131nla\u015ft\u0131r\u0131lmas\u0131 hedefleniyor.<\/p>\n<p>Yarg\u0131 Hizmetlerinin Etkinli\u011fi B\u00fcrolar\u0131yla birlikte dosyalar\u0131n hedef s\u00fcre i\u00e7erisinde tamamlanmas\u0131na y\u00f6nelik takip sisteminin de g\u00fc\u00e7lendirilmesi ama\u00e7lan\u0131yor.<\/p>\n<p><strong>\u0130STANBUL YARGISINDA YEN\u0130 D\u00d6NEM<\/strong><\/p>\n<p>Adli tatilin sona ermesiyle \u0130stanbul\u2019daki mahkemeler ve Cumhuriyet ba\u015fsavc\u0131l\u0131klar\u0131nda 2026-2027 Adli Y\u0131l\u0131 \u00e7al\u0131\u015fma d\u00f6nemi ba\u015flad\u0131.<\/p>\n<p>\u00c7a\u011flayan\u2019daki \u015eehit Cumhuriyet Savc\u0131s\u0131 Mehmet Selim Kiraz Adalet Saray\u0131\u2019nda d\u00fczenlenen a\u00e7\u0131l\u0131\u015f program\u0131yla \u0130stanbul yarg\u0131 te\u015fkilat\u0131 yeni adli y\u0131la geni\u015f kat\u0131l\u0131ml\u0131 bir t\u00f6renle girdi.<\/p>\n<p>T\u00f6rende adalete eri\u015fim, yarg\u0131lamalar\u0131n makul s\u00fcrede tamamlanmas\u0131, yarg\u0131 hizmetlerinin etkinli\u011finin art\u0131r\u0131lmas\u0131, teknolojik altyap\u0131n\u0131n g\u00fc\u00e7lendirilmesi ve yarg\u0131ya duyulan g\u00fcvenin art\u0131r\u0131lmas\u0131 yeni d\u00f6nemin temel ba\u015fl\u0131klar\u0131 olarak \u00f6ne \u00e7\u0131kt\u0131.<\/p>\n<p><strong>ET\u0130KETLER: #Ak\u0131nG\u00fcrlek #YeniAdliY\u0131l #\u0130stanbulAdliyesi #\u00c7a\u011flayanAdliyesi #MehmetSelimKiraz #\u015eehitSavc\u0131MehmetSelimKiraz #HSK #AdaletBakanl\u0131\u011f\u0131 #TuranKulo\u011flu #FuzuliAydo\u011fdu #CanTuncay #DavutG\u00fcl #SelamiY\u0131ld\u0131z #Yarg\u0131 #Adalet #\u0130stanbul<\/strong><\/p>\n<p>\u0130stanbul\u2019da 2026-2027 Adli Y\u0131l\u0131, \u00c7a\u011flayan\u2019daki \u015eehit Cumhuriyet Savc\u0131s\u0131 Mehmet Selim Kiraz Adalet Saray\u0131\u2019nda d\u00fczenlenen geni\u015f kat\u0131l\u0131ml\u0131 t\u00f6renle ba\u015flad\u0131. Adalet Bakan\u0131 Ak\u0131n G\u00fcrlek, yeni d\u00f6nemin temel \u00f6nceliklerinin adalete eri\u015fimin g\u00fc\u00e7lendirilmesi, yarg\u0131lamalar\u0131n makul s\u00fcrede tamamlanmas\u0131 ve vatanda\u015flar\u0131n yarg\u0131ya duydu\u011fu g\u00fcvenin art\u0131r\u0131lmas\u0131 oldu\u011funu s\u00f6yledi.\u00a0<a href=\"https:\/\/www.son.tv\/istanbulda-yeni-adli-yil-gorkemli-torenle-acildi-bakan-gurlekten-sehit-savci-kiraza-vefa\/\" target=\"_blank\" class=\"feedzy-rss-link-icon\">Read More<\/a><\/p>","protected":false},"excerpt":{"rendered":"<p>SON.TV\/\u0130STANBUL \u0130stanbul yarg\u0131 camias\u0131, 2026-2027 Adli Y\u0131l\u0131\u2019n\u0131n ba\u015flamas\u0131 dolay\u0131s\u0131yla \u00c7a\u011flayan\u2019daki \u015eehit Cumhuriyet Savc\u0131s\u0131 Mehmet Selim Kiraz Adalet Saray\u0131\u2019nda bir araya geldi. Yeni adli y\u0131l a\u00e7\u0131l\u0131\u015f program\u0131nda yarg\u0131n\u0131n \u00fcst d\u00fczey temsilcileri, \u0130stanbul protokol\u00fc, h\u00e2kimler, Cumhuriyet savc\u0131lar\u0131, avukatlar ve adliye \u00e7al\u0131\u015fanlar\u0131 bulu\u015ftu. YARGI CAM\u0130ASI \u00c7A\u011eLAYAN\u2019DA BULU\u015eTU \u0130stanbul Cumhuriyet Ba\u015fsavc\u0131l\u0131\u011f\u0131 taraf\u0131ndan d\u00fczenlenen yeni adli y\u0131l a\u00e7\u0131l\u0131\u015f program\u0131na Adalet [&hellip;]<\/p>\n","protected":false},"author":1,"featured_media":0,"comment_status":"open","ping_status":"open","sticky":false,"template":"","format":"standard","meta":{"footnotes":"","_links_to":"","_links_to_target":""},"categories":[1],"tags":[],"class_list":["post-42197","post","type-post","status-publish","format-standard","hentry","category-haberler"],"_links":{"self":[{"href":"https:\/\/www.abchukuk.com\/index.php\/wp-json\/wp\/v2\/posts\/42197","targetHints":{"allow":["GET"]}}],"collection":[{"href":"https:\/\/www.abchukuk.com\/index.php\/wp-json\/wp\/v2\/posts"}],"about":[{"href":"https:\/\/www.abchukuk.com\/index.php\/wp-json\/wp\/v2\/types\/post"}],"author":[{"embeddable":true,"href":"https:\/\/www.abchukuk.com\/index.php\/wp-json\/wp\/v2\/users\/1"}],"replies":[{"embeddable":true,"href":"https:\/\/www.abchukuk.com\/index.php\/wp-json\/wp\/v2\/comments?post=42197"}],"version-history":[{"count":0,"href":"https:\/\/www.abchukuk.com\/index.php\/wp-json\/wp\/v2\/posts\/42197\/revisions"}],"wp:attachment":[{"href":"https:\/\/www.abchukuk.com\/index.php\/wp-json\/wp\/v2\/media?parent=42197"}],"wp:term":[{"taxonomy":"category","embeddable":true,"href":"https:\/\/www.abchukuk.com\/index.php\/wp-json\/wp\/v2\/categories?post=42197"},{"taxonomy":"post_tag","embeddable":true,"href":"https:\/\/www.abchukuk.com\/index.php\/wp-json\/wp\/v2\/tags?post=42197"}],"curies":[{"name":"wp","href":"https:\/\/api.w.org\/{rel}","templated":true}]}}