{"id":42195,"date":"2026-09-02T07:40:00","date_gmt":"2026-09-02T07:40:00","guid":{"rendered":"https:\/\/www.abchukuk.com\/index.php\/2026\/09\/02\/bakan-akin-gurlekten-terorsuz-turkiye-ve-yolsuzluk-mesaji-kim-olursa-olsun-adalet-onunde-hesap-verecek\/"},"modified":"2026-09-02T07:40:00","modified_gmt":"2026-09-02T07:40:00","slug":"bakan-akin-gurlekten-terorsuz-turkiye-ve-yolsuzluk-mesaji-kim-olursa-olsun-adalet-onunde-hesap-verecek","status":"publish","type":"post","link":"https:\/\/www.abchukuk.com\/index.php\/2026\/09\/02\/bakan-akin-gurlekten-terorsuz-turkiye-ve-yolsuzluk-mesaji-kim-olursa-olsun-adalet-onunde-hesap-verecek\/","title":{"rendered":"Bakan Ak\u0131n G\u00fcrlek&#8217;ten &#8216;Ter\u00f6rs\u00fcz T\u00fcrkiye&#8217; ve Yolsuzluk Mesaj\u0131! Kim Olursa Olsun Adalet \u00d6n\u00fcnde Hesap Verecek"},"content":{"rendered":"<p><a href=\"https:\/\/www.gercekgundem.com\/gundem\/bakan-akin-gurlekten-yargida-yeni-donem-mesaji-kim-olursa-olsun-adalet-onunde-hesap-verecek-577861\"><br \/>\n                                                            <img decoding=\"async\" src=\"https:\/\/i.gercekgundem.com\/2\/150\/84\/storage\/files\/images\/2026\/09\/02\/bakan-akin-gurlekten-yargida-yeni-donem-mesaji-kim-olursa-olsun-adalet-onunde-hesap-verecek-kp5e.jpg\" width=\"150\" height=\"84\" border=\"0\" align=\"right\" \/><br \/>\n                                                    <\/a><\/p>\n<h4>Adalet Bakan\u0131 Ak\u0131n G\u00fcrlek, 2026-2027 adli y\u0131l\u0131n\u0131n ba\u015flamas\u0131yla birlikte yarg\u0131 te\u015fkilat\u0131n\u0131n \u00e7al\u0131\u015fma ko\u015fullar\u0131n\u0131n iyile\u015ftirilmesi ve adalet hizmetlerinin h\u0131zland\u0131r\u0131lmas\u0131 i\u00e7in yeni ad\u0131mlar at\u0131laca\u011f\u0131n\u0131 a\u00e7\u0131klad\u0131. G\u00fcrlek, uzun s\u00fcren dava ve soru\u015fturmalar\u0131n takibi i\u00e7in yeni sistemler kurulaca\u011f\u0131n\u0131 belirtirken, 135 hatt\u0131n\u0131n ekim ay\u0131nda t\u00fcm adliyelerde hizmete girece\u011fini duyurdu.<\/h4>\n<p>Adalet Bakan\u0131 Ak\u0131n G\u00fcrlek, 2026-2027 adli y\u0131l\u0131n\u0131n ba\u015flamas\u0131yla birlikte yarg\u0131 te\u015fkilat\u0131n\u0131n \u00e7al\u0131\u015fma ko\u015fullar\u0131n\u0131n iyile\u015ftirilmesi ve adalet hizmetlerinin h\u0131zland\u0131r\u0131lmas\u0131 i\u00e7in yeni ad\u0131mlar at\u0131laca\u011f\u0131n\u0131 a\u00e7\u0131klad\u0131. G\u00fcrlek, uzun s\u00fcren dava ve soru\u015fturmalar\u0131n takibi i\u00e7in yeni sistemler kurulaca\u011f\u0131n\u0131 belirtirken, 135 hatt\u0131n\u0131n ekim ay\u0131nda t\u00fcm adliyelerde hizmete girece\u011fini duyurdu.\u00a0<a href=\"https:\/\/www.gercekgundem.com\/gundem\/bakan-akin-gurlekten-yargida-yeni-donem-mesaji-kim-olursa-olsun-adalet-onunde-hesap-verecek-577861\" target=\"_blank\" class=\"feedzy-rss-link-icon\">Read More<\/a><\/p>","protected":false},"excerpt":{"rendered":"<p>Adalet Bakan\u0131 Ak\u0131n G\u00fcrlek, 2026-2027 adli y\u0131l\u0131n\u0131n ba\u015flamas\u0131yla birlikte yarg\u0131 te\u015fkilat\u0131n\u0131n \u00e7al\u0131\u015fma ko\u015fullar\u0131n\u0131n iyile\u015ftirilmesi ve adalet hizmetlerinin h\u0131zland\u0131r\u0131lmas\u0131 i\u00e7in yeni ad\u0131mlar at\u0131laca\u011f\u0131n\u0131 a\u00e7\u0131klad\u0131. G\u00fcrlek, uzun s\u00fcren dava ve soru\u015fturmalar\u0131n takibi i\u00e7in yeni sistemler kurulaca\u011f\u0131n\u0131 belirtirken, 135 hatt\u0131n\u0131n ekim ay\u0131nda t\u00fcm adliyelerde hizmete girece\u011fini duyurdu. Adalet Bakan\u0131 Ak\u0131n G\u00fcrlek, 2026-2027 adli y\u0131l\u0131n\u0131n ba\u015flamas\u0131yla birlikte yarg\u0131 te\u015fkilat\u0131n\u0131n [&hellip;]<\/p>\n","protected":false},"author":1,"featured_media":42196,"comment_status":"open","ping_status":"open","sticky":false,"template":"","format":"standard","meta":{"footnotes":"","_links_to":"","_links_to_target":""},"categories":[1],"tags":[],"class_list":["post-42195","post","type-post","status-publish","format-standard","has-post-thumbnail","hentry","category-haberler"],"_links":{"self":[{"href":"https:\/\/www.abchukuk.com\/index.php\/wp-json\/wp\/v2\/posts\/42195","targetHints":{"allow":["GET"]}}],"collection":[{"href":"https:\/\/www.abchukuk.com\/index.php\/wp-json\/wp\/v2\/posts"}],"about":[{"href":"https:\/\/www.abchukuk.com\/index.php\/wp-json\/wp\/v2\/types\/post"}],"author":[{"embeddable":true,"href":"https:\/\/www.abchukuk.com\/index.php\/wp-json\/wp\/v2\/users\/1"}],"replies":[{"embeddable":true,"href":"https:\/\/www.abchukuk.com\/index.php\/wp-json\/wp\/v2\/comments?post=42195"}],"version-history":[{"count":0,"href":"https:\/\/www.abchukuk.com\/index.php\/wp-json\/wp\/v2\/posts\/42195\/revisions"}],"wp:featuredmedia":[{"embeddable":true,"href":"https:\/\/www.abchukuk.com\/index.php\/wp-json\/wp\/v2\/media\/42196"}],"wp:attachment":[{"href":"https:\/\/www.abchukuk.com\/index.php\/wp-json\/wp\/v2\/media?parent=42195"}],"wp:term":[{"taxonomy":"category","embeddable":true,"href":"https:\/\/www.abchukuk.com\/index.php\/wp-json\/wp\/v2\/categories?post=42195"},{"taxonomy":"post_tag","embeddable":true,"href":"https:\/\/www.abchukuk.com\/index.php\/wp-json\/wp\/v2\/tags?post=42195"}],"curies":[{"name":"wp","href":"https:\/\/api.w.org\/{rel}","templated":true}]}}