{"id":42194,"date":"2026-09-02T07:43:13","date_gmt":"2026-09-02T07:43:13","guid":{"rendered":"https:\/\/www.abchukuk.com\/index.php\/2026\/09\/02\/yargida-siyaset-dili-tartismasi-ibrahim-kaboglundan-mehmet-ucumun-aciklamasina-tepki\/"},"modified":"2026-09-02T07:43:13","modified_gmt":"2026-09-02T07:43:13","slug":"yargida-siyaset-dili-tartismasi-ibrahim-kaboglundan-mehmet-ucumun-aciklamasina-tepki","status":"publish","type":"post","link":"https:\/\/www.abchukuk.com\/index.php\/2026\/09\/02\/yargida-siyaset-dili-tartismasi-ibrahim-kaboglundan-mehmet-ucumun-aciklamasina-tepki\/","title":{"rendered":"Yarg\u0131da \u2018siyaset dili\u2019 tart\u0131\u015fmas\u0131: \u0130brahim Kabo\u011flu&#8217;ndan Mehmet U\u00e7um&#8217;un a\u00e7\u0131klamas\u0131na tepki"},"content":{"rendered":"<p>Gazeteci G\u00fc\u00e7l\u00fc \u00d6zgan\u2019\u0131n, Radyo Sputnik\u2019teki Yeri ve Zaman\u0131 program\u0131nda bug\u00fcnk\u00fc konu ba\u015fl\u0131klar\u0131ndan biri, \u0130stanbul Baro Ba\u015fkan\u0131 Prof. Dr. \u0130brahim Kabo\u011flu&#8217;nun, Cumhurba\u015fkan\u0131 Dan\u0131\u015fman\u0131 Mehmet U\u00e7um&#8217;un a\u00e7\u0131klamalar\u0131na yan\u0131t\u0131 oldu.Gazeteci G\u00fc\u00e7l\u00fc \u00d6zgan\u2019\u0131n, Radyo Sputnik\u2019teki Yeri ve Zaman\u0131 program\u0131nda bug\u00fcnk\u00fc konu ba\u015fl\u0131klar\u0131ndan biri, \u0130stanbul Baro Ba\u015fkan\u0131 Prof. Dr. \u0130brahim Kabo\u011flu&#8217;nun, Cumhurba\u015fkan\u0131 Dan\u0131\u015fman\u0131 Mehmet U\u00e7um&#8217;un a\u00e7\u0131klamalar\u0131na yan\u0131t\u0131 oldu.\u00a0<a href=\"https:\/\/anlatilaninotesi.com.tr\/20260902\/yargida-siyaset-dili-tartismasi-sagkandan-guven-uyarisi-kaboglundan-aihs-cikisi-1108422838.html\" target=\"_blank\" class=\"feedzy-rss-link-icon\">Read More<\/a><\/p>","protected":false},"excerpt":{"rendered":"<p>Gazeteci G\u00fc\u00e7l\u00fc \u00d6zgan\u2019\u0131n, Radyo Sputnik\u2019teki Yeri ve Zaman\u0131 program\u0131nda bug\u00fcnk\u00fc konu ba\u015fl\u0131klar\u0131ndan biri, \u0130stanbul Baro Ba\u015fkan\u0131 Prof. Dr. \u0130brahim Kabo\u011flu&#8217;nun, Cumhurba\u015fkan\u0131 Dan\u0131\u015fman\u0131 Mehmet U\u00e7um&#8217;un a\u00e7\u0131klamalar\u0131na yan\u0131t\u0131 oldu.Gazeteci G\u00fc\u00e7l\u00fc \u00d6zgan\u2019\u0131n, Radyo Sputnik\u2019teki Yeri ve Zaman\u0131 program\u0131nda bug\u00fcnk\u00fc konu ba\u015fl\u0131klar\u0131ndan biri, \u0130stanbul Baro Ba\u015fkan\u0131 Prof. Dr. \u0130brahim Kabo\u011flu&#8217;nun, Cumhurba\u015fkan\u0131 Dan\u0131\u015fman\u0131 Mehmet U\u00e7um&#8217;un a\u00e7\u0131klamalar\u0131na yan\u0131t\u0131 oldu.\u00a0Read More<\/p>\n","protected":false},"author":1,"featured_media":0,"comment_status":"open","ping_status":"open","sticky":false,"template":"","format":"standard","meta":{"footnotes":"","_links_to":"","_links_to_target":""},"categories":[1],"tags":[],"class_list":["post-42194","post","type-post","status-publish","format-standard","hentry","category-haberler"],"_links":{"self":[{"href":"https:\/\/www.abchukuk.com\/index.php\/wp-json\/wp\/v2\/posts\/42194","targetHints":{"allow":["GET"]}}],"collection":[{"href":"https:\/\/www.abchukuk.com\/index.php\/wp-json\/wp\/v2\/posts"}],"about":[{"href":"https:\/\/www.abchukuk.com\/index.php\/wp-json\/wp\/v2\/types\/post"}],"author":[{"embeddable":true,"href":"https:\/\/www.abchukuk.com\/index.php\/wp-json\/wp\/v2\/users\/1"}],"replies":[{"embeddable":true,"href":"https:\/\/www.abchukuk.com\/index.php\/wp-json\/wp\/v2\/comments?post=42194"}],"version-history":[{"count":0,"href":"https:\/\/www.abchukuk.com\/index.php\/wp-json\/wp\/v2\/posts\/42194\/revisions"}],"wp:attachment":[{"href":"https:\/\/www.abchukuk.com\/index.php\/wp-json\/wp\/v2\/media?parent=42194"}],"wp:term":[{"taxonomy":"category","embeddable":true,"href":"https:\/\/www.abchukuk.com\/index.php\/wp-json\/wp\/v2\/categories?post=42194"},{"taxonomy":"post_tag","embeddable":true,"href":"https:\/\/www.abchukuk.com\/index.php\/wp-json\/wp\/v2\/tags?post=42194"}],"curies":[{"name":"wp","href":"https:\/\/api.w.org\/{rel}","templated":true}]}}