{"id":42190,"date":"2026-09-02T08:20:35","date_gmt":"2026-09-02T08:20:35","guid":{"rendered":"https:\/\/www.abchukuk.com\/index.php\/2026\/09\/02\/bakan-gurlekten-yeni-adli-yilda-kapsamli-mesaj-adaletin-yuzyili-bizim-icin-yalnizca-bir-slogan-degildir\/"},"modified":"2026-09-02T08:20:35","modified_gmt":"2026-09-02T08:20:35","slug":"bakan-gurlekten-yeni-adli-yilda-kapsamli-mesaj-adaletin-yuzyili-bizim-icin-yalnizca-bir-slogan-degildir","status":"publish","type":"post","link":"https:\/\/www.abchukuk.com\/index.php\/2026\/09\/02\/bakan-gurlekten-yeni-adli-yilda-kapsamli-mesaj-adaletin-yuzyili-bizim-icin-yalnizca-bir-slogan-degildir\/","title":{"rendered":"Bakan G\u00fcrlek\u2019ten yeni adli y\u0131lda kapsaml\u0131 mesaj: \u201cAdaletin y\u00fczy\u0131l\u0131 bizim i\u00e7in yaln\u0131zca bir slogan de\u011fildir\u201d"},"content":{"rendered":"<p>\u00a0<\/p>\n<p><strong>SON.TV\/\u0130STANBUL<\/strong><\/p>\n<p>Adalet Bakan\u0131 Ak\u0131n G\u00fcrlek, \u00c7a\u011flayan\u2019daki \u015eehit Cumhuriyet Savc\u0131s\u0131 Mehmet Selim Kiraz Adalet Saray\u0131\u2019nda d\u00fczenlenen 2026-2027 Adli Y\u0131l\u0131 A\u00e7\u0131l\u0131\u015f Program\u0131\u2019nda yarg\u0131 mensuplar\u0131na seslendi.<\/p>\n<p>Yeni adli y\u0131l\u0131n yol haritas\u0131n\u0131 anlatan Bakan G\u00fcrlek, adalet hizmetlerinde h\u0131z, etkinlik, eri\u015filebilirlik ve g\u00fcvenin g\u00fc\u00e7lendirilmesine y\u00f6nelik hedefleri a\u00e7\u0131klad\u0131.<\/p>\n<p>\u201c<strong>ADALET\u0130N Y\u00dcZYILI B\u0130Z\u0130M \u0130\u00c7\u0130N YALNIZCA B\u0130R SLOGAN DE\u011e\u0130LD\u0130R\u201d<\/strong><\/p>\n<p>G\u00fcrlek, konu\u015fmas\u0131n\u0131n \u00f6nemli b\u00f6l\u00fcm\u00fcn\u00fc T\u00fcrkiye Y\u00fczy\u0131l\u0131 kapsam\u0131nda adalet sisteminde planlanan de\u011fi\u015fikliklere ay\u0131rd\u0131.<\/p>\n<p>Milletin adalete olan g\u00fcvenini daha da g\u00fc\u00e7lendirmek i\u00e7in mevcut uygulamalarla yetinmeyeceklerini belirten G\u00fcrlek, T\u00fcrkiye Y\u00fczy\u0131l\u0131 hedefleri do\u011frultusunda i\u00e7inde bulunulan d\u00f6nemi ayn\u0131 zamanda \u201c<strong>Adaletin Y\u00fczy\u0131l\u0131\u201d<\/strong> haline getirmek istediklerini s\u00f6yledi.<\/p>\n<p><strong>Bakan G\u00fcrlek, \u201cAdaletin Y\u00fczy\u0131l\u0131 bizim i\u00e7in yaln\u0131zca bir slogan de\u011fildir\u201d<\/strong> ifadelerini kulland\u0131.<span class=\"Apple-converted-space\">\u00a0<\/span><\/p>\n<p>G\u00fcrlek, hedeflerinin; vatanda\u015flar\u0131n haklar\u0131na daha h\u0131zl\u0131 ula\u015ft\u0131\u011f\u0131, davalar\u0131n makul s\u00fcrede sonu\u00e7land\u0131\u011f\u0131, hukuki g\u00fcvenlik ve \u00f6ng\u00f6r\u00fclebilirli\u011fin artt\u0131\u011f\u0131, savunman\u0131n g\u00fc\u00e7lendi\u011fi, adalete eri\u015fimin kolayla\u015ft\u0131\u011f\u0131 ve teknolojinin adalet hizmetlerinin h\u0131z\u0131na ve kalitesine katk\u0131 sundu\u011fu bir sistem oldu\u011funu belirtti.<span class=\"Apple-converted-space\">\u00a0<\/span><\/p>\n<p><strong>YARGININ G\u00dcNL\u00dcK \u0130\u015eLEY\u0130\u015e\u0130NE YEN\u0130 S\u0130STEMLER<\/strong><\/p>\n<p>Bakan G\u00fcrlek, reform anlay\u0131\u015f\u0131n\u0131n yaln\u0131zca kanun de\u011fi\u015fikliklerinden ibaret olmad\u0131\u011f\u0131n\u0131 belirterek yarg\u0131n\u0131n g\u00fcnl\u00fck i\u015fleyi\u015fini daha verimli hale getirecek idari ve teknik sistemlerin de kuruldu\u011funu s\u00f6yledi.<\/p>\n<p>Uzun s\u00fcren dava ve soru\u015fturmalar\u0131n sebeplerinin daha erken belirlenmesi, hedef s\u00fcrelerin sa\u011fl\u0131kl\u0131 \u015fekilde takip edilmesi ve adalet hizmetlerinin verimlili\u011finin s\u00fcrekli \u00f6l\u00e7\u00fclmesinin ama\u00e7land\u0131\u011f\u0131n\u0131 kaydetti.<\/p>\n<p>G\u00fcrlek, \u00e7al\u0131\u015fmalar\u0131n yarg\u0131sal kararlar\u0131n i\u00e7eri\u011fine y\u00f6nelik olmad\u0131\u011f\u0131n\u0131; daha d\u00fczenli, h\u0131zl\u0131 ve etkin bir yarg\u0131 hizmeti i\u00e7in idari ve teknik kapasitenin g\u00fc\u00e7lendirilmesini hedefledi\u011fini ifade etti.<span class=\"Apple-converted-space\">\u00a0<\/span><\/p>\n<p><strong>ALO ADALET 135 EK\u0130M AYINDA T\u00dcRK\u0130YE GENEL\u0130NDE<\/strong><\/p>\n<p>Bakan G\u00fcrlek\u2019in a\u00e7\u0131klad\u0131\u011f\u0131 yeni d\u00f6nemin dikkat \u00e7eken projelerinden biri Alo Adalet 135 oldu.<\/p>\n<p>G\u00fcrlek, uygulaman\u0131n 1 Eyl\u00fcl itibar\u0131yla Anadolu, Ankara, Ankara Bat\u0131, \u0130zmir ve Kayseri adliyelerinde pilot olarak ba\u015flad\u0131\u011f\u0131n\u0131 a\u00e7\u0131klad\u0131.<\/p>\n<p>Yeni sistem \u00f6zellikle uzun s\u00fcren dava ve soru\u015fturmalara ili\u015fkin vatanda\u015f ba\u015fvurular\u0131n\u0131n h\u0131zl\u0131 ve g\u00fcvenli \u015fekilde ilgili mercilere iletilmesini ama\u00e7l\u0131yor.<\/p>\n<p>Bakan G\u00fcrlek, Alo Adalet 135\u2019in ekim ay\u0131nda T\u00fcrkiye genelindeki adliyelerde faaliyete ge\u00e7irilece\u011fini bildirdi.<span class=\"Apple-converted-space\">\u00a0<\/span><\/p>\n<p><strong>UZUN S\u00dcREN DOSYALAR YAKINDAN TAK\u0130P ED\u0130LECEK<\/strong><\/p>\n<p>Yeni sistemle vatanda\u015flar\u0131n sesinin do\u011frudan duyulmas\u0131, yarg\u0131 s\u00fcre\u00e7lerinde ya\u015fanan gecikmelerin sebeplerinin belirlenmesi ve sorunlara daha h\u0131zl\u0131 \u00e7\u00f6z\u00fcm \u00fcretilmesi ama\u00e7lan\u0131yor.<\/p>\n<p>Bakanl\u0131k taraf\u0131ndan geli\u015ftirilen takip sistemleriyle uzun s\u00fcren dava ve soru\u015fturmalar\u0131n hangi sebeplerle gecikti\u011finin erken a\u015famada belirlenmesine y\u00f6nelik \u00e7al\u0131\u015fmalar y\u00fcr\u00fct\u00fclecek.<span class=\"Apple-converted-space\">\u00a0<\/span><\/p>\n<p><strong>FA\u0130L\u0130 ME\u00c7HUL DOSYALAR YEN\u0130DEN A\u00c7ILIYOR<\/strong><\/p>\n<p>Bakan G\u00fcrlek\u2019in konu\u015fmas\u0131n\u0131n \u00f6nemli ba\u015fl\u0131klar\u0131ndan biri de y\u0131llard\u0131r ayd\u0131nlat\u0131lamayan faili me\u00e7hul olaylar oldu.<\/p>\n<p>Adaletin zaman\u0131nda ger\u00e7ekle\u015fmesi kadar maddi ger\u00e7e\u011fin karanl\u0131kta kalmamas\u0131n\u0131n da \u00f6nemli oldu\u011funu belirten G\u00fcrlek, kamu vicdan\u0131nda y\u0131llard\u0131r cevap bekleyen dosyalar \u00fczerinde hassasiyetle durduklar\u0131n\u0131 s\u00f6yledi.<\/p>\n<p>Bakanl\u0131k b\u00fcnyesinde olu\u015fturulan Faili Me\u00e7hul Su\u00e7lar\u0131 Ara\u015ft\u0131rma Daire Ba\u015fkanl\u0131\u011f\u0131 arac\u0131l\u0131\u011f\u0131yla ge\u00e7mi\u015fte ayd\u0131nlat\u0131lamayan dosyalar\u0131n g\u00fcn\u00fcm\u00fcz teknolojileri ve kriminal imkanlar\u0131 kullan\u0131larak yeniden de\u011ferlendirildi\u011fini a\u00e7\u0131klad\u0131.<span class=\"Apple-converted-space\">\u00a0<\/span><\/p>\n<p>G\u00fcrlek, bu \u00e7al\u0131\u015fmalar kapsam\u0131nda \u00e7ok say\u0131da faili me\u00e7hul olay\u0131n ayd\u0131nlat\u0131lmas\u0131nda \u00f6nemli mesafe al\u0131nd\u0131\u011f\u0131n\u0131 ifade etti.<\/p>\n<p>Aradan ge\u00e7en zaman\u0131n maddi ger\u00e7e\u011fin de\u011ferini azaltmad\u0131\u011f\u0131n\u0131 vurgulayan G\u00fcrlek, kamu vicdan\u0131nda kapanmam\u0131\u015f dosyalar\u0131n hukukun imkanlar\u0131 ve somut deliller \u00e7er\u00e7evesinde titizlikle ele al\u0131naca\u011f\u0131n\u0131 bildirdi.<span class=\"Apple-converted-space\">\u00a0<\/span><\/p>\n<p><strong>ORGAN\u0130ZE SU\u00c7, UYU\u015eTURUCU VE YASA DI\u015eI BAH\u0130SLE M\u00dcCADELE<\/strong><\/p>\n<p>Bakan G\u00fcrlek, organize su\u00e7 yap\u0131lanmalar\u0131yla m\u00fccadele konusunda da mesaj verdi.<\/p>\n<p>Uyu\u015fturucu, yasa d\u0131\u015f\u0131 bahis, sanal kumar, sokak \u00e7eteleri, organize su\u00e7 yap\u0131lanmalar\u0131, su\u00e7 gelirlerinin aklanmas\u0131 ve yeni nesil dijital su\u00e7larla m\u00fccadelenin hukuk devleti i\u00e7erisinde kararl\u0131l\u0131kla s\u00fcrd\u00fcr\u00fcld\u00fc\u011f\u00fcn\u00fc belirtti.<\/p>\n<p>Aileleri ve gen\u00e7leri hedef alan, dini, milli ve insani duygular\u0131 istismar eden, insanlar\u0131n g\u00fcvenini k\u00f6t\u00fcye kullanan veya su\u00e7 gelirleri \u00fczerinden haks\u0131z menfaat sa\u011flayan yap\u0131lara ili\u015fkin yarg\u0131 mensuplar\u0131n\u0131n \u00e7al\u0131\u015fmalar\u0131n\u0131n s\u00fcrd\u00fc\u011f\u00fcn\u00fc ifade etti.<span class=\"Apple-converted-space\">\u00a0<\/span><\/p>\n<p>\u201c<strong>UCU NEREYE G\u0130DERSE G\u0130TS\u0130N\u201d<\/strong><\/p>\n<p>G\u00fcrlek, devletin herhangi bir dini yap\u0131lanmaya, milli olu\u015fuma ya da toplumsal fayda amac\u0131 ta\u015f\u0131yan sosyal projeye kar\u015f\u0131 olmad\u0131\u011f\u0131n\u0131 belirtti.<\/p>\n<p>M\u00fccadelenin; toplumun de\u011ferlerini istismar eden, insanlar\u0131n iyi niyetini k\u00f6t\u00fcye kullanan, hukuki bo\u015fluklardan yararlanarak haks\u0131z menfaat sa\u011flayan ve kamu d\u00fczenine zarar veren ki\u015fi ve yap\u0131lara kar\u015f\u0131 y\u00fcr\u00fct\u00fcld\u00fc\u011f\u00fcn\u00fc s\u00f6yledi.<\/p>\n<p>Bakan G\u00fcrlek, bu t\u00fcr yap\u0131lara y\u00f6nelik soru\u015fturmalarda ba\u011flant\u0131lar nereye uzan\u0131rsa uzans\u0131n maddi ger\u00e7e\u011fin hukuk ve somut deliller do\u011frultusunda ortaya \u00e7\u0131kar\u0131lmas\u0131 gerekti\u011fini vurgulad\u0131.<span class=\"Apple-converted-space\">\u00a0<\/span><\/p>\n<p><strong>YOLSUZLUKLA M\u00dcCADELEDE SOMUT DEL\u0130L VURGUSU<\/strong><\/p>\n<p>Bakan G\u00fcrlek, kamu vicdan\u0131n\u0131 yaralayan yolsuzluk iddialar\u0131n\u0131n da hukuk i\u00e7erisinde titizlikle ele al\u0131naca\u011f\u0131n\u0131 s\u00f6yledi.<\/p>\n<p>Kamu g\u00fcc\u00fcn\u00fc, kamu kaynaklar\u0131n\u0131 veya kendisine verilen yetkiyi ki\u015fisel ya da \u00f6rg\u00fctsel menfaat amac\u0131yla kulland\u0131\u011f\u0131 iddia edilen ki\u015fi ve yap\u0131lara ili\u015fkin s\u00fcre\u00e7lerin somut deliller \u00e7er\u00e7evesinde y\u00fcr\u00fct\u00fclmesi gerekti\u011fini ifade etti.<\/p>\n<p>G\u00fcrlek, milletin ortak kaynaklar\u0131n\u0131 ve kamu d\u00fczenini hedef alan hukuka ayk\u0131r\u0131l\u0131klar\u0131n kar\u015f\u0131l\u0131ks\u0131z kalmamas\u0131n\u0131n hukuk devletinin ve adalete g\u00fcvenin gere\u011fi oldu\u011funu s\u00f6yledi.<span class=\"Apple-converted-space\">\u00a0<\/span><\/p>\n<p>\u201c<strong>SU\u00c7LUNUN CEZALANDIRILMASI KADAR MASUMUN KORUNMASI DA ADALET\u0130N G\u00d6REV\u0130D\u0130R\u201d<\/strong><\/p>\n<p>G\u00fcrlek, su\u00e7la m\u00fccadelede hukuk devleti ilkesinden ayr\u0131l\u0131nmayaca\u011f\u0131n\u0131 da vurgulad\u0131.<\/p>\n<p>Bakan G\u00fcrlek, \u201cSu\u00e7lunun cezaland\u0131r\u0131lmas\u0131 kadar masumun korunmas\u0131 da adaletin g\u00f6revidir\u201d dedi.<\/p>\n<p>Devletin g\u00fcc\u00fcn\u00fcn en a\u011f\u0131r su\u00e7larla m\u00fccadele ederken dahi hukuk i\u00e7erisinde kalabilmesinden kaynakland\u0131\u011f\u0131n\u0131 belirten G\u00fcrlek, hukuk devletinin temel esaslar\u0131n\u0131n korunaca\u011f\u0131n\u0131 ifade etti.<span class=\"Apple-converted-space\">\u00a0<\/span><\/p>\n<p><strong>TER\u00d6RS\u00dcZ T\u00dcRK\u0130YE MESAJI<\/strong><\/p>\n<p>Bakan G\u00fcrlek, konu\u015fmas\u0131nda Ter\u00f6rs\u00fcz T\u00fcrkiye hedefi \u00fczerinde de durdu.<\/p>\n<p>T\u00fcrkiye\u2019nin uzun y\u0131llar boyunca ter\u00f6r nedeniyle a\u011f\u0131r bedeller \u00f6dedi\u011fini belirten G\u00fcrlek, Ter\u00f6rs\u00fcz T\u00fcrkiye hedefini milletin ortak gelece\u011fi, toplumsal huzuru ve milli birlik ve beraberli\u011fin g\u00fc\u00e7lenmesi bak\u0131m\u0131ndan \u00f6nemli g\u00f6rd\u00fcklerini s\u00f6yledi.<\/p>\n<p>\u015eehitlerin hat\u0131ras\u0131n\u0131n ve gazilerin fedakarl\u0131\u011f\u0131n\u0131n daima korunaca\u011f\u0131n\u0131 ifade eden G\u00fcrlek, devletin ve milletin birli\u011finden, \u00fclkenin b\u00fct\u00fcnl\u00fc\u011f\u00fcnden ve hukuk devletinin temel esaslar\u0131ndan taviz verilmeyece\u011fini bildirdi.<span class=\"Apple-converted-space\">\u00a0<\/span><\/p>\n<p>G\u00fcrlek, ter\u00f6r\u00fcn T\u00fcrkiye\u2019nin g\u00fcndeminden tamamen \u00e7\u0131kt\u0131\u011f\u0131 bir \u00fclkenin ortak temenni oldu\u011funu s\u00f6yledi.<\/p>\n<p>Ayr\u0131ca Ter\u00f6rs\u00fcz T\u00fcrkiye s\u00fcrecini istismar etmeye, toplumsal huzuru bozmaya veya provokasyonlarla birlik ve beraberli\u011fi zedelemeye y\u00f6nelik giri\u015fimlere kar\u015f\u0131 dikkatli olunmas\u0131 \u00e7a\u011fr\u0131s\u0131nda bulundu.<span class=\"Apple-converted-space\">\u00a0<\/span><\/p>\n<p><strong>YE\u015e\u0130L VATAN \u0130\u00c7\u0130N HUKUK\u0130 M\u00dcCADELE<\/strong><\/p>\n<p>Adalet Bakan\u0131 G\u00fcrlek, ormanlar ve do\u011fal varl\u0131klar\u0131n korunmas\u0131n\u0131n da hukuk devletinin sorumluluk alan\u0131nda oldu\u011funu s\u00f6yledi.<\/p>\n<p>Kasten \u00e7\u0131kar\u0131lan yang\u0131nlar, sabotaj giri\u015fimleri ve ihmali davran\u0131\u015flardan kaynaklanan olaylara ili\u015fkin soru\u015fturmalar\u0131n titizlikle y\u00fcr\u00fct\u00fclerek maddi ger\u00e7e\u011fin s\u00fcratle ortaya \u00e7\u0131kar\u0131lmas\u0131n\u0131n \u00f6nemli oldu\u011funu belirtti.<\/p>\n<p>G\u00fcrlek, Ye\u015fil Vatan\u2019\u0131n korunmas\u0131n\u0131n yaln\u0131zca bug\u00fcn\u00fcn de\u011fil gelecek nesillerin haklar\u0131n\u0131n korunmas\u0131 anlam\u0131na geldi\u011fini ifade etti.<span class=\"Apple-converted-space\">\u00a0<\/span><\/p>\n<p>\u201c<strong>YARGININ G\u00dcC\u00dc BA\u011eIMSIZLI\u011eINDAN VE TARAFSIZLI\u011eINDAN KAYNAKLANIR\u201d<\/strong><\/p>\n<p>Bakan G\u00fcrlek, hakimlerin g\u00f6revlerini kanuna ve hukuka ba\u011fl\u0131 \u015fekilde, dosyalardaki delilleri titizlikle de\u011ferlendirerek y\u00fcr\u00fctt\u00fcklerini belirtti.<\/p>\n<p>Yarg\u0131n\u0131n g\u00fcc\u00fcn\u00fcn ba\u011f\u0131ms\u0131zl\u0131\u011f\u0131, tarafs\u0131zl\u0131\u011f\u0131, hukuka ba\u011fl\u0131l\u0131\u011f\u0131 ile kararlar\u0131n gerek\u00e7eli ve adil olmas\u0131ndan kaynakland\u0131\u011f\u0131n\u0131 vurgulad\u0131.<\/p>\n<p>Adalet te\u015fkilat\u0131n\u0131n personel, teknik altyap\u0131 ve fiziki imkanlar\u0131n\u0131n g\u00fc\u00e7lendirilmesinin de Bakanl\u0131\u011f\u0131n \u00f6ncelikleri aras\u0131nda bulundu\u011funu kaydetti.<span class=\"Apple-converted-space\">\u00a0<\/span><\/p>\n<p><strong>YEN\u0130 ADL\u0130 YILDA HEDEF HIZLI, ER\u0130\u015e\u0130LEB\u0130L\u0130R VE G\u00dcVEN VEREN ADALET<\/strong><\/p>\n<p>Bakan G\u00fcrlek\u2019in \u0130stanbul\u2019daki yeni adli y\u0131l konu\u015fmas\u0131nda; yarg\u0131lamalar\u0131n makul s\u00fcrede sonu\u00e7land\u0131r\u0131lmas\u0131, geciken dosyalar\u0131n daha yak\u0131ndan takip edilmesi, Alo Adalet 135\u2019in \u00fclke geneline yayg\u0131nla\u015ft\u0131r\u0131lmas\u0131, faili me\u00e7hul su\u00e7lar\u0131n yeniden incelenmesi, organize su\u00e7 ve yolsuzlukla m\u00fccadelede somut delil esas\u0131n\u0131n korunmas\u0131 ve teknolojinin adalet hizmetlerine daha g\u00fc\u00e7l\u00fc \u015fekilde dahil edilmesi yeni d\u00f6nemin temel \u00e7al\u0131\u015fma ba\u015fl\u0131klar\u0131 olarak a\u00e7\u0131kland\u0131.<span class=\"Apple-converted-space\">\u00a0<\/span><\/p>\n<p><strong>ET\u0130KETLER: #Ak\u0131nG\u00fcrlek #AdaletBakan\u0131 #AdaletinY\u00fczy\u0131l\u0131 #YeniAdliY\u0131l #\u0130stanbulAdliyesi #\u00c7a\u011flayanAdliyesi #AloAdalet135 #FailiMe\u00e7hul #Ter\u00f6rs\u00fczT\u00fcrkiye #YolsuzluklaM\u00fccadele #OrganizeSu\u00e7 #Ye\u015filVatan #Yarg\u0131 #Adalet<\/strong><\/p>\n<p>Adalet Bakan\u0131 Ak\u0131n G\u00fcrlek, \u0130stanbul\u2019da 2026-2027 Adli Y\u0131l\u0131 A\u00e7\u0131l\u0131\u015f Program\u0131\u2019nda yarg\u0131 sisteminin yeni d\u00f6nem yol haritas\u0131na ili\u015fkin \u00f6nemli a\u00e7\u0131klamalarda bulundu. G\u00fcrlek; yarg\u0131lamalar\u0131n makul s\u00fcrede tamamlanmas\u0131ndan Alo Adalet 135\u2019e, faili me\u00e7hul dosyalardan organize su\u00e7 ve yolsuzlukla m\u00fccadeleye kadar bir\u00e7ok ba\u015fl\u0131kta mesaj verdi. \u201cAdaletin Y\u00fczy\u0131l\u0131\u201d hedefinin yaln\u0131zca bir slogan olmad\u0131\u011f\u0131n\u0131 vurgulayan G\u00fcrlek, vatanda\u015f\u0131n hakk\u0131na daha h\u0131zl\u0131 ula\u015fmas\u0131n\u0131 sa\u011flayacak bir sistem hedeflediklerini s\u00f6yledi.\u00a0<a href=\"https:\/\/www.son.tv\/bakan-gurlekten-yeni-adli-yilda-kapsamli-mesaj-adaletin-yuzyili-bizim-icin-yalnizca-bir-slogan-degildir\/\" target=\"_blank\" class=\"feedzy-rss-link-icon\">Read More<\/a><\/p>","protected":false},"excerpt":{"rendered":"<p>\u00a0 SON.TV\/\u0130STANBUL Adalet Bakan\u0131 Ak\u0131n G\u00fcrlek, \u00c7a\u011flayan\u2019daki \u015eehit Cumhuriyet Savc\u0131s\u0131 Mehmet Selim Kiraz Adalet Saray\u0131\u2019nda d\u00fczenlenen 2026-2027 Adli Y\u0131l\u0131 A\u00e7\u0131l\u0131\u015f Program\u0131\u2019nda yarg\u0131 mensuplar\u0131na seslendi. Yeni adli y\u0131l\u0131n yol haritas\u0131n\u0131 anlatan Bakan G\u00fcrlek, adalet hizmetlerinde h\u0131z, etkinlik, eri\u015filebilirlik ve g\u00fcvenin g\u00fc\u00e7lendirilmesine y\u00f6nelik hedefleri a\u00e7\u0131klad\u0131. \u201cADALET\u0130N Y\u00dcZYILI B\u0130Z\u0130M \u0130\u00c7\u0130N YALNIZCA B\u0130R SLOGAN DE\u011e\u0130LD\u0130R\u201d G\u00fcrlek, konu\u015fmas\u0131n\u0131n \u00f6nemli b\u00f6l\u00fcm\u00fcn\u00fc [&hellip;]<\/p>\n","protected":false},"author":1,"featured_media":0,"comment_status":"open","ping_status":"open","sticky":false,"template":"","format":"standard","meta":{"footnotes":"","_links_to":"","_links_to_target":""},"categories":[1],"tags":[],"class_list":["post-42190","post","type-post","status-publish","format-standard","hentry","category-haberler"],"_links":{"self":[{"href":"https:\/\/www.abchukuk.com\/index.php\/wp-json\/wp\/v2\/posts\/42190","targetHints":{"allow":["GET"]}}],"collection":[{"href":"https:\/\/www.abchukuk.com\/index.php\/wp-json\/wp\/v2\/posts"}],"about":[{"href":"https:\/\/www.abchukuk.com\/index.php\/wp-json\/wp\/v2\/types\/post"}],"author":[{"embeddable":true,"href":"https:\/\/www.abchukuk.com\/index.php\/wp-json\/wp\/v2\/users\/1"}],"replies":[{"embeddable":true,"href":"https:\/\/www.abchukuk.com\/index.php\/wp-json\/wp\/v2\/comments?post=42190"}],"version-history":[{"count":0,"href":"https:\/\/www.abchukuk.com\/index.php\/wp-json\/wp\/v2\/posts\/42190\/revisions"}],"wp:attachment":[{"href":"https:\/\/www.abchukuk.com\/index.php\/wp-json\/wp\/v2\/media?parent=42190"}],"wp:term":[{"taxonomy":"category","embeddable":true,"href":"https:\/\/www.abchukuk.com\/index.php\/wp-json\/wp\/v2\/categories?post=42190"},{"taxonomy":"post_tag","embeddable":true,"href":"https:\/\/www.abchukuk.com\/index.php\/wp-json\/wp\/v2\/tags?post=42190"}],"curies":[{"name":"wp","href":"https:\/\/api.w.org\/{rel}","templated":true}]}}