{"id":42188,"date":"2026-09-02T08:25:00","date_gmt":"2026-09-02T08:25:00","guid":{"rendered":"https:\/\/www.abchukuk.com\/index.php\/2026\/09\/02\/nikaraguada-tartismali-anayasa-degisikligi-muhaliflere-secim-engeli\/"},"modified":"2026-09-02T08:25:00","modified_gmt":"2026-09-02T08:25:00","slug":"nikaraguada-tartismali-anayasa-degisikligi-muhaliflere-secim-engeli","status":"publish","type":"post","link":"https:\/\/www.abchukuk.com\/index.php\/2026\/09\/02\/nikaraguada-tartismali-anayasa-degisikligi-muhaliflere-secim-engeli\/","title":{"rendered":"Nikaragua\u2019da tart\u0131\u015fmal\u0131 anayasa de\u011fi\u015fikli\u011fi: Muhaliflere se\u00e7im engeli"},"content":{"rendered":"<p>Nikaragua Parlamentosu, Devlet Ba\u015fkan\u0131 Daniel Ortega\u2019n\u0131n destekledi\u011fi anayasa de\u011fi\u015fikli\u011fini oybirli\u011fiyle kabul etti. D\u00fczenleme, ba\u015fkanl\u0131k s\u00fcresini 6 y\u0131ldan 7 y\u0131la \u00e7\u0131kar\u0131rken, belirli su\u00e7lamalarla kar\u015f\u0131 kar\u015f\u0131ya kalan muhaliflerin se\u00e7imlere kat\u0131lmas\u0131n\u0131n \u00f6n\u00fcn\u00fc kapat\u0131yor.Nikaragua Parlamentosu, Devlet Ba\u015fkan\u0131 Daniel Ortega\u2019n\u0131n destekledi\u011fi anayasa de\u011fi\u015fikli\u011fini oybirli\u011fiyle kabul etti. D\u00fczenleme, ba\u015fkanl\u0131k s\u00fcresini 6 y\u0131ldan 7 y\u0131la \u00e7\u0131kar\u0131rken, belirli su\u00e7lamalarla kar\u015f\u0131 kar\u015f\u0131ya kalan muhaliflerin se\u00e7imlere kat\u0131lmas\u0131n\u0131n \u00f6n\u00fcn\u00fc kapat\u0131yor.\u00a0<a href=\"https:\/\/www.cumhuriyet.com.tr\/dunya\/nikaragua-da-tartismali-anayasa-degisikligi-muhaliflere-secim-engeli-2534275\" target=\"_blank\" class=\"feedzy-rss-link-icon\">Read More<\/a><\/p>","protected":false},"excerpt":{"rendered":"<p>Nikaragua Parlamentosu, Devlet Ba\u015fkan\u0131 Daniel Ortega\u2019n\u0131n destekledi\u011fi anayasa de\u011fi\u015fikli\u011fini oybirli\u011fiyle kabul etti. D\u00fczenleme, ba\u015fkanl\u0131k s\u00fcresini 6 y\u0131ldan 7 y\u0131la \u00e7\u0131kar\u0131rken, belirli su\u00e7lamalarla kar\u015f\u0131 kar\u015f\u0131ya kalan muhaliflerin se\u00e7imlere kat\u0131lmas\u0131n\u0131n \u00f6n\u00fcn\u00fc kapat\u0131yor.Nikaragua Parlamentosu, Devlet Ba\u015fkan\u0131 Daniel Ortega\u2019n\u0131n destekledi\u011fi anayasa de\u011fi\u015fikli\u011fini oybirli\u011fiyle kabul etti. D\u00fczenleme, ba\u015fkanl\u0131k s\u00fcresini 6 y\u0131ldan 7 y\u0131la \u00e7\u0131kar\u0131rken, belirli su\u00e7lamalarla kar\u015f\u0131 kar\u015f\u0131ya kalan muhaliflerin [&hellip;]<\/p>\n","protected":false},"author":1,"featured_media":42189,"comment_status":"open","ping_status":"open","sticky":false,"template":"","format":"standard","meta":{"footnotes":"","_links_to":"","_links_to_target":""},"categories":[1],"tags":[],"class_list":["post-42188","post","type-post","status-publish","format-standard","has-post-thumbnail","hentry","category-haberler"],"_links":{"self":[{"href":"https:\/\/www.abchukuk.com\/index.php\/wp-json\/wp\/v2\/posts\/42188","targetHints":{"allow":["GET"]}}],"collection":[{"href":"https:\/\/www.abchukuk.com\/index.php\/wp-json\/wp\/v2\/posts"}],"about":[{"href":"https:\/\/www.abchukuk.com\/index.php\/wp-json\/wp\/v2\/types\/post"}],"author":[{"embeddable":true,"href":"https:\/\/www.abchukuk.com\/index.php\/wp-json\/wp\/v2\/users\/1"}],"replies":[{"embeddable":true,"href":"https:\/\/www.abchukuk.com\/index.php\/wp-json\/wp\/v2\/comments?post=42188"}],"version-history":[{"count":0,"href":"https:\/\/www.abchukuk.com\/index.php\/wp-json\/wp\/v2\/posts\/42188\/revisions"}],"wp:featuredmedia":[{"embeddable":true,"href":"https:\/\/www.abchukuk.com\/index.php\/wp-json\/wp\/v2\/media\/42189"}],"wp:attachment":[{"href":"https:\/\/www.abchukuk.com\/index.php\/wp-json\/wp\/v2\/media?parent=42188"}],"wp:term":[{"taxonomy":"category","embeddable":true,"href":"https:\/\/www.abchukuk.com\/index.php\/wp-json\/wp\/v2\/categories?post=42188"},{"taxonomy":"post_tag","embeddable":true,"href":"https:\/\/www.abchukuk.com\/index.php\/wp-json\/wp\/v2\/tags?post=42188"}],"curies":[{"name":"wp","href":"https:\/\/api.w.org\/{rel}","templated":true}]}}