{"id":42182,"date":"2026-09-02T06:47:00","date_gmt":"2026-09-02T06:47:00","guid":{"rendered":"https:\/\/www.abchukuk.com\/index.php\/2026\/09\/02\/cem-kucuk-sorusturmasinda-yeni-gelisme-ismail-canak-adli-kontrol-sartiyla-serbest-birakildi\/"},"modified":"2026-09-02T06:47:00","modified_gmt":"2026-09-02T06:47:00","slug":"cem-kucuk-sorusturmasinda-yeni-gelisme-ismail-canak-adli-kontrol-sartiyla-serbest-birakildi","status":"publish","type":"post","link":"https:\/\/www.abchukuk.com\/index.php\/2026\/09\/02\/cem-kucuk-sorusturmasinda-yeni-gelisme-ismail-canak-adli-kontrol-sartiyla-serbest-birakildi\/","title":{"rendered":"&#8216;Cem K\u00fc\u00e7\u00fck&#8217; soru\u015fturmas\u0131nda yeni geli\u015fme: \u0130smail \u00c7anak adli kontrol \u015fart\u0131yla serbest b\u0131rak\u0131ld\u0131"},"content":{"rendered":"<p>\u2018Cem K\u00fc\u00e7\u00fck soru\u015fturmas\u0131\u2019 kapsam\u0131nda hakk\u0131nda yakalama karar\u0131 bulunan \u0130smail \u00c7anak, teslim olarak savc\u0131l\u0131\u011fa ifade verdi ve dosya kapsam\u0131nda \u201cbildiklerini anlatmak istedi\u011fini\u201d s\u00f6yledi. \u00c7anak, ifadesinin ard\u0131ndan adli kontrol tedbiri uygulanarak serbest b\u0131rak\u0131ld\u0131.\u2018Cem K\u00fc\u00e7\u00fck soru\u015fturmas\u0131\u2019 kapsam\u0131nda hakk\u0131nda yakalama karar\u0131 bulunan \u0130smail \u00c7anak, teslim olarak savc\u0131l\u0131\u011fa ifade verdi ve dosya kapsam\u0131nda \u201cbildiklerini anlatmak istedi\u011fini\u201d s\u00f6yledi. \u00c7anak, ifadesinin ard\u0131ndan adli kontrol tedbiri uygulanarak serbest b\u0131rak\u0131ld\u0131.\u00a0<a href=\"https:\/\/www.cumhuriyet.com.tr\/turkiye\/cem-kucuk-sorusturmasinda-yeni-gelisme-ismail-canak-adli-kontrol-sartiyla-serbest-birakildi-2534242\" target=\"_blank\" class=\"feedzy-rss-link-icon\">Read More<\/a><\/p>","protected":false},"excerpt":{"rendered":"<p>\u2018Cem K\u00fc\u00e7\u00fck soru\u015fturmas\u0131\u2019 kapsam\u0131nda hakk\u0131nda yakalama karar\u0131 bulunan \u0130smail \u00c7anak, teslim olarak savc\u0131l\u0131\u011fa ifade verdi ve dosya kapsam\u0131nda \u201cbildiklerini anlatmak istedi\u011fini\u201d s\u00f6yledi. \u00c7anak, ifadesinin ard\u0131ndan adli kontrol tedbiri uygulanarak serbest b\u0131rak\u0131ld\u0131.\u2018Cem K\u00fc\u00e7\u00fck soru\u015fturmas\u0131\u2019 kapsam\u0131nda hakk\u0131nda yakalama karar\u0131 bulunan \u0130smail \u00c7anak, teslim olarak savc\u0131l\u0131\u011fa ifade verdi ve dosya kapsam\u0131nda \u201cbildiklerini anlatmak istedi\u011fini\u201d s\u00f6yledi. \u00c7anak, ifadesinin ard\u0131ndan [&hellip;]<\/p>\n","protected":false},"author":1,"featured_media":42183,"comment_status":"open","ping_status":"open","sticky":false,"template":"","format":"standard","meta":{"footnotes":"","_links_to":"","_links_to_target":""},"categories":[1],"tags":[],"class_list":["post-42182","post","type-post","status-publish","format-standard","has-post-thumbnail","hentry","category-haberler"],"_links":{"self":[{"href":"https:\/\/www.abchukuk.com\/index.php\/wp-json\/wp\/v2\/posts\/42182","targetHints":{"allow":["GET"]}}],"collection":[{"href":"https:\/\/www.abchukuk.com\/index.php\/wp-json\/wp\/v2\/posts"}],"about":[{"href":"https:\/\/www.abchukuk.com\/index.php\/wp-json\/wp\/v2\/types\/post"}],"author":[{"embeddable":true,"href":"https:\/\/www.abchukuk.com\/index.php\/wp-json\/wp\/v2\/users\/1"}],"replies":[{"embeddable":true,"href":"https:\/\/www.abchukuk.com\/index.php\/wp-json\/wp\/v2\/comments?post=42182"}],"version-history":[{"count":0,"href":"https:\/\/www.abchukuk.com\/index.php\/wp-json\/wp\/v2\/posts\/42182\/revisions"}],"wp:featuredmedia":[{"embeddable":true,"href":"https:\/\/www.abchukuk.com\/index.php\/wp-json\/wp\/v2\/media\/42183"}],"wp:attachment":[{"href":"https:\/\/www.abchukuk.com\/index.php\/wp-json\/wp\/v2\/media?parent=42182"}],"wp:term":[{"taxonomy":"category","embeddable":true,"href":"https:\/\/www.abchukuk.com\/index.php\/wp-json\/wp\/v2\/categories?post=42182"},{"taxonomy":"post_tag","embeddable":true,"href":"https:\/\/www.abchukuk.com\/index.php\/wp-json\/wp\/v2\/tags?post=42182"}],"curies":[{"name":"wp","href":"https:\/\/api.w.org\/{rel}","templated":true}]}}