{"id":42180,"date":"2026-09-02T06:49:00","date_gmt":"2026-09-02T06:49:00","guid":{"rendered":"https:\/\/www.abchukuk.com\/index.php\/2026\/09\/02\/cem-kucuk-sorusturmasinda-yeni-perde-ismail-canak-teslim-oldu-adli-kontrolle-serbest-kaldi\/"},"modified":"2026-09-02T06:49:00","modified_gmt":"2026-09-02T06:49:00","slug":"cem-kucuk-sorusturmasinda-yeni-perde-ismail-canak-teslim-oldu-adli-kontrolle-serbest-kaldi","status":"publish","type":"post","link":"https:\/\/www.abchukuk.com\/index.php\/2026\/09\/02\/cem-kucuk-sorusturmasinda-yeni-perde-ismail-canak-teslim-oldu-adli-kontrolle-serbest-kaldi\/","title":{"rendered":"Cem K\u00fc\u00e7\u00fck Soru\u015fturmas\u0131nda Yeni Perde! \u0130smail \u00c7anak Teslim Oldu, Adli Kontrolle Serbest Kald\u0131"},"content":{"rendered":"<p><a href=\"https:\/\/www.gercekgundem.com\/gundem\/cem-kucuk-sorusturmasinda-yeni-perde-ismail-canak-teslim-oldu-adli-kontrolle-serbest-kaldi-577857\"><br \/>\n                                                            <img decoding=\"async\" src=\"https:\/\/i.gercekgundem.com\/2\/150\/84\/storage\/files\/images\/2026\/09\/02\/cem-kucuk-sorusturmasinda-yeni-perde-ismail-canak-teslim-oldu-adli-kontrolle-serbest-kaldi-kwyo.jpg\" width=\"150\" height=\"84\" border=\"0\" align=\"right\" \/><br \/>\n                                                    <\/a><\/p>\n<h4>\u0130stanbul Cumhuriyet Ba\u015fsavc\u0131l\u0131\u011f\u0131 taraf\u0131ndan y\u00fcr\u00fct\u00fclen Cem K\u00fc\u00e7\u00fck soru\u015fturmas\u0131 kapsam\u0131nda hakk\u0131nda yakalama karar\u0131 bulunan \u0130smail \u00c7anak, teslim olarak ifade verdi. \u201cBildiklerini anlatmak istedi\u011fi\u201d \u00f6\u011frenilen \u00c7anak, savc\u0131l\u0131k i\u015flemlerinin ard\u0131ndan adli kontrol tedbiriyle serbest b\u0131rak\u0131ld\u0131.<\/h4>\n<p>\u0130stanbul Cumhuriyet Ba\u015fsavc\u0131l\u0131\u011f\u0131 taraf\u0131ndan y\u00fcr\u00fct\u00fclen Cem K\u00fc\u00e7\u00fck soru\u015fturmas\u0131 kapsam\u0131nda hakk\u0131nda yakalama karar\u0131 bulunan \u0130smail \u00c7anak, teslim olarak ifade verdi. \u201cBildiklerini anlatmak istedi\u011fi\u201d \u00f6\u011frenilen \u00c7anak, savc\u0131l\u0131k i\u015flemlerinin ard\u0131ndan adli kontrol tedbiriyle serbest b\u0131rak\u0131ld\u0131.\u00a0<a href=\"https:\/\/www.gercekgundem.com\/gundem\/cem-kucuk-sorusturmasinda-yeni-perde-ismail-canak-teslim-oldu-adli-kontrolle-serbest-kaldi-577857\" target=\"_blank\" class=\"feedzy-rss-link-icon\">Read More<\/a><\/p>","protected":false},"excerpt":{"rendered":"<p>\u0130stanbul Cumhuriyet Ba\u015fsavc\u0131l\u0131\u011f\u0131 taraf\u0131ndan y\u00fcr\u00fct\u00fclen Cem K\u00fc\u00e7\u00fck soru\u015fturmas\u0131 kapsam\u0131nda hakk\u0131nda yakalama karar\u0131 bulunan \u0130smail \u00c7anak, teslim olarak ifade verdi. \u201cBildiklerini anlatmak istedi\u011fi\u201d \u00f6\u011frenilen \u00c7anak, savc\u0131l\u0131k i\u015flemlerinin ard\u0131ndan adli kontrol tedbiriyle serbest b\u0131rak\u0131ld\u0131. \u0130stanbul Cumhuriyet Ba\u015fsavc\u0131l\u0131\u011f\u0131 taraf\u0131ndan y\u00fcr\u00fct\u00fclen Cem K\u00fc\u00e7\u00fck soru\u015fturmas\u0131 kapsam\u0131nda hakk\u0131nda yakalama karar\u0131 bulunan \u0130smail \u00c7anak, teslim olarak ifade verdi. \u201cBildiklerini anlatmak istedi\u011fi\u201d \u00f6\u011frenilen [&hellip;]<\/p>\n","protected":false},"author":1,"featured_media":42181,"comment_status":"open","ping_status":"open","sticky":false,"template":"","format":"standard","meta":{"footnotes":"","_links_to":"","_links_to_target":""},"categories":[1],"tags":[],"class_list":["post-42180","post","type-post","status-publish","format-standard","has-post-thumbnail","hentry","category-haberler"],"_links":{"self":[{"href":"https:\/\/www.abchukuk.com\/index.php\/wp-json\/wp\/v2\/posts\/42180","targetHints":{"allow":["GET"]}}],"collection":[{"href":"https:\/\/www.abchukuk.com\/index.php\/wp-json\/wp\/v2\/posts"}],"about":[{"href":"https:\/\/www.abchukuk.com\/index.php\/wp-json\/wp\/v2\/types\/post"}],"author":[{"embeddable":true,"href":"https:\/\/www.abchukuk.com\/index.php\/wp-json\/wp\/v2\/users\/1"}],"replies":[{"embeddable":true,"href":"https:\/\/www.abchukuk.com\/index.php\/wp-json\/wp\/v2\/comments?post=42180"}],"version-history":[{"count":0,"href":"https:\/\/www.abchukuk.com\/index.php\/wp-json\/wp\/v2\/posts\/42180\/revisions"}],"wp:featuredmedia":[{"embeddable":true,"href":"https:\/\/www.abchukuk.com\/index.php\/wp-json\/wp\/v2\/media\/42181"}],"wp:attachment":[{"href":"https:\/\/www.abchukuk.com\/index.php\/wp-json\/wp\/v2\/media?parent=42180"}],"wp:term":[{"taxonomy":"category","embeddable":true,"href":"https:\/\/www.abchukuk.com\/index.php\/wp-json\/wp\/v2\/categories?post=42180"},{"taxonomy":"post_tag","embeddable":true,"href":"https:\/\/www.abchukuk.com\/index.php\/wp-json\/wp\/v2\/tags?post=42180"}],"curies":[{"name":"wp","href":"https:\/\/api.w.org\/{rel}","templated":true}]}}