{"id":42172,"date":"2026-09-02T01:00:00","date_gmt":"2026-09-02T01:00:00","guid":{"rendered":"https:\/\/www.abchukuk.com\/index.php\/2026\/09\/02\/baro-baskanlarindan-yeni-adli-yilda-ortak-uyari-tutuklamalar-yargisiz-infaza-cevriliyor\/"},"modified":"2026-09-02T01:00:00","modified_gmt":"2026-09-02T01:00:00","slug":"baro-baskanlarindan-yeni-adli-yilda-ortak-uyari-tutuklamalar-yargisiz-infaza-cevriliyor","status":"publish","type":"post","link":"https:\/\/www.abchukuk.com\/index.php\/2026\/09\/02\/baro-baskanlarindan-yeni-adli-yilda-ortak-uyari-tutuklamalar-yargisiz-infaza-cevriliyor\/","title":{"rendered":"Baro ba\u015fkanlar\u0131ndan yeni adli y\u0131lda ortak uyar\u0131: \u2018Tutuklamalar yarg\u0131s\u0131z infaza \u00e7evriliyor\u2019"},"content":{"rendered":"<p>\u0130stanbul Barosu Ba\u015fkan\u0131 \u0130brahim Kabo\u011flu, tutuklaman\u0131n yarg\u0131s\u0131z infaza \u00e7evrildi\u011fini ve anayasal haklar\u0131n sistematik bi\u00e7imde ihlal edildi\u011fini s\u00f6yledi. \u0130zmir Barosu Ba\u015fkan\u0131 Sefa Y\u0131lmaz ise yarg\u0131 ba\u011f\u0131ms\u0131zl\u0131\u011f\u0131 ve savunma hakk\u0131ndaki a\u015f\u0131nmaya dikkat \u00e7ekerek \u201cTalimatla hukuk, bask\u0131yla ba\u011f\u0131ms\u0131z yarg\u0131 olmaz\u201d dedi.\u0130stanbul Barosu Ba\u015fkan\u0131 \u0130brahim Kabo\u011flu, tutuklaman\u0131n yarg\u0131s\u0131z infaza \u00e7evrildi\u011fini ve anayasal haklar\u0131n sistematik bi\u00e7imde ihlal edildi\u011fini s\u00f6yledi. \u0130zmir Barosu Ba\u015fkan\u0131 Sefa Y\u0131lmaz ise yarg\u0131 ba\u011f\u0131ms\u0131zl\u0131\u011f\u0131 ve savunma hakk\u0131ndaki a\u015f\u0131nmaya dikkat \u00e7ekerek \u201cTalimatla hukuk, bask\u0131yla ba\u011f\u0131ms\u0131z yarg\u0131 olmaz\u201d dedi.\u00a0<a href=\"https:\/\/www.cumhuriyet.com.tr\/turkiye\/baro-baskanlarindan-yeni-adli-yilda-ortak-uyari-tutuklamalar-yargisiz-infaza-cevriliyor-2534218\" target=\"_blank\" class=\"feedzy-rss-link-icon\">Read More<\/a><\/p>","protected":false},"excerpt":{"rendered":"<p>\u0130stanbul Barosu Ba\u015fkan\u0131 \u0130brahim Kabo\u011flu, tutuklaman\u0131n yarg\u0131s\u0131z infaza \u00e7evrildi\u011fini ve anayasal haklar\u0131n sistematik bi\u00e7imde ihlal edildi\u011fini s\u00f6yledi. \u0130zmir Barosu Ba\u015fkan\u0131 Sefa Y\u0131lmaz ise yarg\u0131 ba\u011f\u0131ms\u0131zl\u0131\u011f\u0131 ve savunma hakk\u0131ndaki a\u015f\u0131nmaya dikkat \u00e7ekerek \u201cTalimatla hukuk, bask\u0131yla ba\u011f\u0131ms\u0131z yarg\u0131 olmaz\u201d dedi.\u0130stanbul Barosu Ba\u015fkan\u0131 \u0130brahim Kabo\u011flu, tutuklaman\u0131n yarg\u0131s\u0131z infaza \u00e7evrildi\u011fini ve anayasal haklar\u0131n sistematik bi\u00e7imde ihlal edildi\u011fini s\u00f6yledi. \u0130zmir [&hellip;]<\/p>\n","protected":false},"author":1,"featured_media":42173,"comment_status":"open","ping_status":"open","sticky":false,"template":"","format":"standard","meta":{"footnotes":"","_links_to":"","_links_to_target":""},"categories":[1],"tags":[],"class_list":["post-42172","post","type-post","status-publish","format-standard","has-post-thumbnail","hentry","category-haberler"],"_links":{"self":[{"href":"https:\/\/www.abchukuk.com\/index.php\/wp-json\/wp\/v2\/posts\/42172","targetHints":{"allow":["GET"]}}],"collection":[{"href":"https:\/\/www.abchukuk.com\/index.php\/wp-json\/wp\/v2\/posts"}],"about":[{"href":"https:\/\/www.abchukuk.com\/index.php\/wp-json\/wp\/v2\/types\/post"}],"author":[{"embeddable":true,"href":"https:\/\/www.abchukuk.com\/index.php\/wp-json\/wp\/v2\/users\/1"}],"replies":[{"embeddable":true,"href":"https:\/\/www.abchukuk.com\/index.php\/wp-json\/wp\/v2\/comments?post=42172"}],"version-history":[{"count":0,"href":"https:\/\/www.abchukuk.com\/index.php\/wp-json\/wp\/v2\/posts\/42172\/revisions"}],"wp:featuredmedia":[{"embeddable":true,"href":"https:\/\/www.abchukuk.com\/index.php\/wp-json\/wp\/v2\/media\/42173"}],"wp:attachment":[{"href":"https:\/\/www.abchukuk.com\/index.php\/wp-json\/wp\/v2\/media?parent=42172"}],"wp:term":[{"taxonomy":"category","embeddable":true,"href":"https:\/\/www.abchukuk.com\/index.php\/wp-json\/wp\/v2\/categories?post=42172"},{"taxonomy":"post_tag","embeddable":true,"href":"https:\/\/www.abchukuk.com\/index.php\/wp-json\/wp\/v2\/tags?post=42172"}],"curies":[{"name":"wp","href":"https:\/\/api.w.org\/{rel}","templated":true}]}}