{"id":42170,"date":"2026-09-01T23:01:39","date_gmt":"2026-09-01T23:01:39","guid":{"rendered":"https:\/\/www.abchukuk.com\/index.php\/2026\/09\/01\/birecikte-yeni-adli-yil-acildi-bassavci-emre-ustan-etkin-ve-adil-yargi-vurgusu\/"},"modified":"2026-09-01T23:01:39","modified_gmt":"2026-09-01T23:01:39","slug":"birecikte-yeni-adli-yil-acildi-bassavci-emre-ustan-etkin-ve-adil-yargi-vurgusu","status":"publish","type":"post","link":"https:\/\/www.abchukuk.com\/index.php\/2026\/09\/01\/birecikte-yeni-adli-yil-acildi-bassavci-emre-ustan-etkin-ve-adil-yargi-vurgusu\/","title":{"rendered":"Birecik\u2019te yeni adli y\u0131l a\u00e7\u0131ld\u0131: Ba\u015fsavc\u0131 Emre Us\u2019tan etkin ve adil yarg\u0131 vurgusu"},"content":{"rendered":"<p><strong>SON.TV\/\u015eANLIURFA<\/strong><\/p>\n<p><strong>\u015eanl\u0131urfa\u2019<\/strong>n\u0131n <strong>Birecik<\/strong> il\u00e7esinde 2026-2027 Adli Y\u0131l\u0131\u2019n\u0131n ba\u015flamas\u0131 dolay\u0131s\u0131yla <strong>Birecik Cumhuriyet Ba\u015fsavc\u0131l\u0131\u011f<\/strong>\u0131 taraf\u0131ndan a\u00e7\u0131l\u0131\u015f program\u0131 d\u00fczenlendi. Yarg\u0131 mensuplar\u0131 ile il\u00e7e protokol\u00fcn\u00fc bulu\u015fturan programda yeni adli y\u0131l dolay\u0131s\u0131yla adalet hizmetlerinin etkin ve adil \u015fekilde y\u00fcr\u00fct\u00fclmesinin \u00f6nemine dikkat \u00e7ekildi.<\/p>\n<p><img fetchpriority=\"high\" decoding=\"async\" class=\"alignnone size-medium wp-image-197087\" src=\"https:\/\/www.son.tv\/wp-content\/uploads\/2026\/09\/26ffb7fd-2764-4213-b646-a934f5a79df5-199x300.jpeg\" alt=\"\" width=\"199\" height=\"300\" \/><\/p>\n<p><img decoding=\"async\" class=\"alignnone size-medium wp-image-197091\" src=\"https:\/\/www.son.tv\/wp-content\/uploads\/2026\/09\/62a32fa6-17ae-4717-be10-a643c8fae699-1-300x199.jpeg\" alt=\"\" width=\"300\" height=\"199\" \/> <img decoding=\"async\" class=\"alignnone size-medium wp-image-197092\" src=\"https:\/\/www.son.tv\/wp-content\/uploads\/2026\/09\/43cab7d1-8c23-4f32-b345-d0a46989aa51-300x200.jpeg\" alt=\"\" width=\"300\" height=\"200\" \/> <img loading=\"lazy\" decoding=\"async\" loading=\"lazy\" class=\"alignnone size-medium wp-image-197093\" src=\"https:\/\/www.son.tv\/wp-content\/uploads\/2026\/09\/c4c2b628-535c-4917-80b7-64f35797319e-300x200.jpeg\" alt=\"\" width=\"300\" height=\"200\" \/><\/p>\n<p><strong>B\u0130REC\u0130K YARGI CAM\u0130ASI YEN\u0130 ADL\u0130 YILDA BULU\u015eTU<\/strong><\/p>\n<p><strong>Birecik Cumhuriyet Ba\u015fsavc\u0131l\u0131\u011f\u0131 taraf\u0131ndan ger\u00e7ekle\u015ftirilen programa Birecik Kaymakam\u0131 Osman \u015eahin, Birecik Cumhuriyet Ba\u015fsavc\u0131s\u0131 Emre Us, Adalet Komisyonu Ba\u015fkan\u0131 Emre Karaca, Cumhuriyet savc\u0131lar\u0131, h\u00e2kimler, Birecik Barosu temsilcisi, avukatlar ve adliye personeli kat\u0131ld\u0131.<\/strong><\/p>\n<p>Yeni adli y\u0131l\u0131n ba\u015flamas\u0131 dolay\u0131s\u0131yla d\u00fczenlenen program, Birecik\u2019te g\u00f6rev yapan yarg\u0131 mensuplar\u0131, avukatlar ve adliye \u00e7al\u0131\u015fanlar\u0131n\u0131 bir araya getirdi.<\/p>\n<p><img loading=\"lazy\" decoding=\"async\" loading=\"lazy\" class=\"alignnone size-medium wp-image-197088\" src=\"https:\/\/www.son.tv\/wp-content\/uploads\/2026\/09\/1f830172-211f-497d-b85f-0ef693f54501-300x199.jpeg\" alt=\"\" width=\"300\" height=\"199\" \/><\/p>\n<p><img loading=\"lazy\" decoding=\"async\" loading=\"lazy\" class=\"alignnone size-medium wp-image-197094\" src=\"https:\/\/www.son.tv\/wp-content\/uploads\/2026\/09\/15c1cd23-5500-4318-a99e-194aeb49146c-300x200.jpeg\" alt=\"\" width=\"300\" height=\"200\" \/> <img loading=\"lazy\" decoding=\"async\" loading=\"lazy\" class=\"alignnone size-medium wp-image-197095\" src=\"https:\/\/www.son.tv\/wp-content\/uploads\/2026\/09\/bc41e9d1-84fb-4fb3-a2dc-3baefdba46bb-300x200.jpeg\" alt=\"\" width=\"300\" height=\"200\" \/> <img loading=\"lazy\" decoding=\"async\" loading=\"lazy\" class=\"alignnone size-medium wp-image-197096\" src=\"https:\/\/www.son.tv\/wp-content\/uploads\/2026\/09\/63d6cba8-c122-412c-bcf4-77d773d6a09a-300x200.jpeg\" alt=\"\" width=\"300\" height=\"200\" \/> <img loading=\"lazy\" decoding=\"async\" loading=\"lazy\" class=\"alignnone size-medium wp-image-197097\" src=\"https:\/\/www.son.tv\/wp-content\/uploads\/2026\/09\/4cb638a4-3c13-45fa-bdcc-50fc9d96cbbf-300x200.jpeg\" alt=\"\" width=\"300\" height=\"200\" \/> <img loading=\"lazy\" decoding=\"async\" loading=\"lazy\" class=\"alignnone size-medium wp-image-197098\" src=\"https:\/\/www.son.tv\/wp-content\/uploads\/2026\/09\/411bcf83-830c-4bc5-8d42-e068b1c60dec-300x200.jpeg\" alt=\"\" width=\"300\" height=\"200\" \/><\/p>\n<p><strong>BA\u015eSAVCI EMRE US VE KAYMAKAM \u015eAH\u0130N\u2019DEN ADALET H\u0130ZMETLER\u0130 VURGUSU<\/strong><\/p>\n<p><strong>Programda Birecik Kaymakam\u0131 Osman \u015eahin ile Cumhuriyet Ba\u015fsavc\u0131s\u0131 Emre Us da yeni adli y\u0131l dolay\u0131s\u0131yla de\u011ferlendirmelerde bulundu.<\/strong><\/p>\n<p><strong>\u015eahin<\/strong> ve <strong>Us<\/strong>, yarg\u0131 hizmetlerinin etkin ve adil \u015fekilde y\u00fcr\u00fct\u00fclmesinin \u00f6nemine dikkat \u00e7ekti. Yeni \u00e7al\u0131\u015fma d\u00f6neminde yarg\u0131 mensuplar\u0131 ile adliye \u00e7al\u0131\u015fanlar\u0131na g\u00f6revlerinde ba\u015far\u0131 dilekleri iletildi.<\/p>\n<p><img loading=\"lazy\" decoding=\"async\" loading=\"lazy\" class=\"alignnone size-medium wp-image-197089\" src=\"https:\/\/www.son.tv\/wp-content\/uploads\/2026\/09\/62a32fa6-17ae-4717-be10-a643c8fae699-300x199.jpeg\" alt=\"\" width=\"300\" height=\"199\" \/><\/p>\n<p><strong>H\u00c2K\u0130M<\/strong><strong>, SAVCI, AVUKAT VE ADL\u0130YE PERSONEL\u0130 KATILDI<\/strong><\/p>\n<p><strong>Birecik\u2019<\/strong>teki adli y\u0131l a\u00e7\u0131l\u0131\u015f\u0131nda Cumhuriyet savc\u0131lar\u0131 ve h\u00e2kimlerin yan\u0131 s\u0131ra <strong>Birecik Barosu temsilcisi<\/strong> ve avukatlar da yer ald\u0131. Adliye personelinin de kat\u0131l\u0131m sa\u011flad\u0131\u011f\u0131 programda 2026-2027 Adli Y\u0131l\u0131\u2019n\u0131n \u00fclkeye ve yarg\u0131 camias\u0131na hay\u0131rl\u0131 olmas\u0131 temennisinde bulunuldu.<\/p>\n<p><strong>Birecik\u2019<\/strong>te g\u00f6rev yapan yarg\u0131 mensuplar\u0131, avukatlar ve adliye \u00e7al\u0131\u015fanlar\u0131 yeni adli y\u0131l\u0131n ba\u015flamas\u0131yla birlikte yeni \u00e7al\u0131\u015fma d\u00f6nemine ba\u015flad\u0131.<\/p>\n<p><img loading=\"lazy\" decoding=\"async\" loading=\"lazy\" class=\"alignnone size-medium wp-image-197090\" src=\"https:\/\/www.son.tv\/wp-content\/uploads\/2026\/09\/869c631d-3fc6-4eeb-b08c-9deef8d437e7-300x200.jpeg\" alt=\"\" width=\"300\" height=\"200\" \/><\/p>\n<p><strong>PROGRAM<\/strong><strong> KOKTEYLLE DEVAM ETT\u0130<\/strong><\/p>\n<p><strong>Birecik Cumhuriyet Ba\u015fsavc\u0131l\u0131\u011f\u0131<\/strong> taraf\u0131ndan ger\u00e7ekle\u015ftirilen adli y\u0131l a\u00e7\u0131l\u0131\u015f program\u0131 kapsam\u0131nda kat\u0131l\u0131mc\u0131lar i\u00e7in kokteyl de d\u00fczenlendi.<\/p>\n<p>Program, yeni adli y\u0131l dolay\u0131s\u0131yla yap\u0131lan de\u011ferlendirmeler ve yarg\u0131 mensuplar\u0131 ile adliye \u00e7al\u0131\u015fanlar\u0131na iletilen ba\u015far\u0131 dileklerinin ard\u0131ndan sona erdi.<\/p>\n<p><img loading=\"lazy\" decoding=\"async\" loading=\"lazy\" class=\"alignnone size-medium wp-image-197099\" src=\"https:\/\/www.son.tv\/wp-content\/uploads\/2026\/09\/15c1cd23-5500-4318-a99e-194aeb49146c-1-300x200.jpeg\" alt=\"\" width=\"300\" height=\"200\" \/><\/p>\n<p><strong>ET\u0130KETLER: #Birecik #BirecikAdliyesi #EmreUs #Osman\u015eahin #EmreKaraca #BirecikCumhuriyetBa\u015fsavc\u0131l\u0131\u011f\u0131 #AdliY\u0131l #Adalet #Yarg\u0131 #\u015eanl\u0131urfa<\/strong><\/p>\n<p>Birecik\u2019te 2026-2027 Adli Y\u0131l\u0131, Cumhuriyet Ba\u015fsavc\u0131l\u0131\u011f\u0131 taraf\u0131ndan d\u00fczenlenen programla ba\u015flad\u0131. Birecik Kaymakam\u0131 Osman \u015eahin, Cumhuriyet Ba\u015fsavc\u0131s\u0131 Emre Us ve Adalet Komisyonu Ba\u015fkan\u0131 Emre Karaca\u2019n\u0131n kat\u0131ld\u0131\u011f\u0131 programda h\u00e2kimler, Cumhuriyet savc\u0131lar\u0131, avukatlar ve adliye personeli bir araya geldi.\u00a0<a href=\"https:\/\/www.son.tv\/birecikte-yeni-adli-yil-acildi-bassavci-emre-ustan-etkin-ve-adil-yargi-vurgusu\/\" target=\"_blank\" class=\"feedzy-rss-link-icon\">Read More<\/a><\/p>","protected":false},"excerpt":{"rendered":"<p>SON.TV\/\u015eANLIURFA \u015eanl\u0131urfa\u2019n\u0131n Birecik il\u00e7esinde 2026-2027 Adli Y\u0131l\u0131\u2019n\u0131n ba\u015flamas\u0131 dolay\u0131s\u0131yla Birecik Cumhuriyet Ba\u015fsavc\u0131l\u0131\u011f\u0131 taraf\u0131ndan a\u00e7\u0131l\u0131\u015f program\u0131 d\u00fczenlendi. Yarg\u0131 mensuplar\u0131 ile il\u00e7e protokol\u00fcn\u00fc bulu\u015fturan programda yeni adli y\u0131l dolay\u0131s\u0131yla adalet hizmetlerinin etkin ve adil \u015fekilde y\u00fcr\u00fct\u00fclmesinin \u00f6nemine dikkat \u00e7ekildi. B\u0130REC\u0130K YARGI CAM\u0130ASI YEN\u0130 ADL\u0130 YILDA BULU\u015eTU Birecik Cumhuriyet Ba\u015fsavc\u0131l\u0131\u011f\u0131 taraf\u0131ndan ger\u00e7ekle\u015ftirilen programa Birecik Kaymakam\u0131 Osman \u015eahin, Birecik [&hellip;]<\/p>\n","protected":false},"author":1,"featured_media":42171,"comment_status":"open","ping_status":"open","sticky":false,"template":"","format":"standard","meta":{"footnotes":"","_links_to":"","_links_to_target":""},"categories":[1],"tags":[],"class_list":["post-42170","post","type-post","status-publish","format-standard","has-post-thumbnail","hentry","category-haberler"],"_links":{"self":[{"href":"https:\/\/www.abchukuk.com\/index.php\/wp-json\/wp\/v2\/posts\/42170","targetHints":{"allow":["GET"]}}],"collection":[{"href":"https:\/\/www.abchukuk.com\/index.php\/wp-json\/wp\/v2\/posts"}],"about":[{"href":"https:\/\/www.abchukuk.com\/index.php\/wp-json\/wp\/v2\/types\/post"}],"author":[{"embeddable":true,"href":"https:\/\/www.abchukuk.com\/index.php\/wp-json\/wp\/v2\/users\/1"}],"replies":[{"embeddable":true,"href":"https:\/\/www.abchukuk.com\/index.php\/wp-json\/wp\/v2\/comments?post=42170"}],"version-history":[{"count":0,"href":"https:\/\/www.abchukuk.com\/index.php\/wp-json\/wp\/v2\/posts\/42170\/revisions"}],"wp:featuredmedia":[{"embeddable":true,"href":"https:\/\/www.abchukuk.com\/index.php\/wp-json\/wp\/v2\/media\/42171"}],"wp:attachment":[{"href":"https:\/\/www.abchukuk.com\/index.php\/wp-json\/wp\/v2\/media?parent=42170"}],"wp:term":[{"taxonomy":"category","embeddable":true,"href":"https:\/\/www.abchukuk.com\/index.php\/wp-json\/wp\/v2\/categories?post=42170"},{"taxonomy":"post_tag","embeddable":true,"href":"https:\/\/www.abchukuk.com\/index.php\/wp-json\/wp\/v2\/tags?post=42170"}],"curies":[{"name":"wp","href":"https:\/\/api.w.org\/{rel}","templated":true}]}}