{"id":42162,"date":"2026-09-01T21:30:32","date_gmt":"2026-09-01T21:30:32","guid":{"rendered":"https:\/\/www.abchukuk.com\/index.php\/2026\/09\/01\/silivride-yeni-adli-yil-bulusmasi-yargi-ve-ilce-protokolu-bir-araya-geldi\/"},"modified":"2026-09-01T21:30:32","modified_gmt":"2026-09-01T21:30:32","slug":"silivride-yeni-adli-yil-bulusmasi-yargi-ve-ilce-protokolu-bir-araya-geldi","status":"publish","type":"post","link":"https:\/\/www.abchukuk.com\/index.php\/2026\/09\/01\/silivride-yeni-adli-yil-bulusmasi-yargi-ve-ilce-protokolu-bir-araya-geldi\/","title":{"rendered":"Silivri\u2019de yeni adli y\u0131l bulu\u015fmas\u0131: Yarg\u0131 ve il\u00e7e protokol\u00fc bir araya geldi"},"content":{"rendered":"<p>\u00a0<\/p>\n<p><strong>SON.TV\/\u0130STANBUL<\/strong><\/p>\n<p><strong>2026-2027 Adli Y\u0131l\u0131\u2019<\/strong>n\u0131n ba\u015flamas\u0131 dolay\u0131s\u0131yla <strong>Silivri<\/strong> <strong>Cumhuriyet Ba\u015fsavc\u0131l\u0131\u011f\u0131<\/strong> taraf\u0131ndan ger\u00e7ekle\u015ftirilen programda, <strong>Silivri<\/strong> ve <strong>\u00c7atalca<\/strong> yarg\u0131 te\u015fkilat\u0131n\u0131n temsilcileri ile il\u00e7e protokol\u00fc bir araya geldi.<\/p>\n<p><strong>YARGI VE \u0130L\u00c7E PROTOKOL\u00dc BULU\u015eTU<\/strong><\/p>\n<p><strong>Programa; Silivri Cumhuriyet Ba\u015fsavc\u0131s\u0131 Bar\u0131\u015f Kurt, Silivri Adli Yarg\u0131 \u0130lk Derece Mahkemesi Adalet Komisyonu Ba\u015fkan\u0131 Ali Onur Atar, Silivri Kaymakam\u0131 Murat Eren, \u00c7atalca Cumhuriyet Ba\u015fsavc\u0131s\u0131 Yunus Tun\u00e7, Silivri Cumhuriyet Ba\u015fsavc\u0131 Vekili Ahmet Kemal Kale ve Silivri Cumhuriyet Ba\u015fsavc\u0131 Vekili Ebubekir Efe kat\u0131ld\u0131.<\/strong><\/p>\n<p><img fetchpriority=\"high\" decoding=\"async\" class=\"alignnone size-medium wp-image-197077\" src=\"https:\/\/www.son.tv\/wp-content\/uploads\/2026\/09\/2def311a-8c15-4492-9ef6-c2fdc69b911c-300x200.jpeg\" alt=\"\" width=\"300\" height=\"200\" \/><\/p>\n<p><strong>Programda ayr\u0131ca Silivri \u0130l\u00e7e Emniyet M\u00fcd\u00fcr\u00fc Okan B\u00fczkaya, Silivri \u0130l\u00e7e Jandarma Komutan\u0131 Volkan Ba\u015faran, Silivri Sahil G\u00fcvenlik Komutanl\u0131\u011f\u0131na vek\u00e2leten Mert \u00d6nc\u00fco\u011flu ve \u0130stanbul Rumeli \u00dcniversitesi Rekt\u00f6r\u00fc Prof. Dr. Mustafa Kara da yer ald\u0131.<\/strong><\/p>\n<p><img decoding=\"async\" class=\"alignnone size-medium wp-image-197078\" src=\"https:\/\/www.son.tv\/wp-content\/uploads\/2026\/09\/365953aa-2484-4ace-85e5-0d84f0557c74-1-300x200.jpeg\" alt=\"\" width=\"300\" height=\"200\" \/><\/p>\n<p><strong>YEN\u0130 ADL\u0130 YILDA YARGI MENSUPLARI B\u0130R ARADA<\/strong><\/p>\n<p>Adli tatilin sona ermesinin ard\u0131ndan 1 Eyl\u00fcl itibar\u0131yla ba\u015flayan 2026-2027 Adli Y\u0131l\u0131 kapsam\u0131nda T\u00fcrkiye genelinde oldu\u011fu gibi <strong>Silivri\u2019<\/strong>de de yarg\u0131 mensuplar\u0131 yeni \u00e7al\u0131\u015fma d\u00f6nemine ba\u015flad\u0131.<\/p>\n<p>Silivri\u2019de ger\u00e7ekle\u015ftirilen programda Cumhuriyet savc\u0131lar\u0131, h\u00e2kimler ve adliye te\u015fkilat\u0131 mensuplar\u0131 da yeni adli y\u0131l dolay\u0131s\u0131yla bir araya geldi.<\/p>\n<p><img decoding=\"async\" class=\"alignnone size-medium wp-image-197079\" src=\"https:\/\/www.son.tv\/wp-content\/uploads\/2026\/09\/946d176e-de30-4bad-8ddd-a3356bd20640-300x200.jpeg\" alt=\"\" width=\"300\" height=\"200\" \/><\/p>\n<p><strong>S\u0130L\u0130VR\u0130 VE \u00c7ATALCA YARGI TE\u015eK\u0130LATI AYNI PROGRAMDA<\/strong><\/p>\n<p><strong>Silivri\u2019<\/strong>deki programa <strong>\u00c7atalca Cumhuriyet Ba\u015fsavc\u0131s\u0131 Yunus Tun\u00e7<\/strong>\u2019un da kat\u0131lmas\u0131yla <strong>Silivri<\/strong> ve <strong>\u00c7atalca<\/strong> adliyelerinin \u00fcst d\u00fczey y\u00f6neticileri ayn\u0131 programda bulu\u015ftu.<\/p>\n<p><strong>Silivri Cumhuriyet Ba\u015fsavc\u0131s\u0131 Bar\u0131\u015f Kurt\u2019un yan\u0131 s\u0131ra Adalet Komisyonu Ba\u015fkan\u0131 Ali Onur Atar ile Ba\u015fsavc\u0131 Vekilleri Ahmet Kemal Kale ve Ebubekir Efe de programda yer ald\u0131.<\/strong><\/p>\n<p><img loading=\"lazy\" decoding=\"async\" loading=\"lazy\" class=\"alignnone size-medium wp-image-197080\" src=\"https:\/\/www.son.tv\/wp-content\/uploads\/2026\/09\/8a5c4ddf-9733-4b22-8dfb-945df33a70ff-300x200.jpeg\" alt=\"\" width=\"300\" height=\"200\" \/> <img loading=\"lazy\" decoding=\"async\" loading=\"lazy\" class=\"alignnone size-medium wp-image-197081\" src=\"https:\/\/www.son.tv\/wp-content\/uploads\/2026\/09\/c67119c2-2003-48e4-af79-7dbf3fa2f101-300x200.jpeg\" alt=\"\" width=\"300\" height=\"200\" \/><\/p>\n<p><strong>G\u00dcVENL\u0130K B\u0130R\u0130MLER\u0130N\u0130N Y\u00d6NET\u0130C\u0130LER\u0130 DE KATILDI<\/strong><\/p>\n<p>Yeni adli y\u0131l bulu\u015fmas\u0131na il\u00e7ede g\u00f6rev yapan g\u00fcvenlik birimlerinin y\u00f6neticileri de kat\u0131l\u0131m sa\u011flad\u0131.<\/p>\n<p><strong>Silivri \u0130l\u00e7e Emniyet M\u00fcd\u00fcr\u00fc Okan B\u00fczkaya, Silivri \u0130l\u00e7e Jandarma Komutan\u0131 Volkan Ba\u015faran ve Silivri Sahil G\u00fcvenlik Komutanl\u0131\u011f\u0131na vek\u00e2leten Mert \u00d6nc\u00fco\u011flu programda haz\u0131r bulundu.<\/strong><\/p>\n<p><strong>Silivri Kaymakam\u0131 Murat Eren ile \u0130stanbul Rumeli \u00dcniversitesi Rekt\u00f6r\u00fc Prof. Dr. Mustafa Kara da yeni adli y\u0131l program\u0131na kat\u0131lan isimler aras\u0131nda yer ald\u0131.<\/strong><\/p>\n<p><strong>ET\u0130KETLER:<\/strong><br \/>\n<strong>#Silivri #SilivriAdliyesi #SilivriCumhuriyetBa\u015fsavc\u0131l\u0131\u011f\u0131 #Bar\u0131\u015fKurt #AliOnurAtar #MuratEren #YunusTun\u00e7 #AdliY\u0131l #Yarg\u0131 #\u0130stanbul #SonTV<\/strong><\/p>\n<p>Silivri\u2019de 2026-2027 Adli Y\u0131l\u0131 dolay\u0131s\u0131yla d\u00fczenlenen program, yarg\u0131 mensuplar\u0131 ile il\u00e7e protokol\u00fcn\u00fc bir araya getirdi. Silivri Cumhuriyet Ba\u015fsavc\u0131s\u0131 Bar\u0131\u015f Kurt ve Adalet Komisyonu Ba\u015fkan\u0131 Ali Onur Atar\u2019\u0131n ev sahipli\u011findeki bulu\u015fmaya \u00c7atalca Cumhuriyet Ba\u015fsavc\u0131s\u0131 Yunus Tun\u00e7 ile g\u00fcvenlik ve kamu kurumlar\u0131n\u0131n y\u00f6neticileri de kat\u0131ld\u0131.\u00a0<a href=\"https:\/\/www.son.tv\/silivride-yeni-adli-yil-bulusmasi-yargi-ve-ilce-protokolu-bir-araya-geldi\/\" target=\"_blank\" class=\"feedzy-rss-link-icon\">Read More<\/a><\/p>","protected":false},"excerpt":{"rendered":"<p>\u00a0 SON.TV\/\u0130STANBUL 2026-2027 Adli Y\u0131l\u0131\u2019n\u0131n ba\u015flamas\u0131 dolay\u0131s\u0131yla Silivri Cumhuriyet Ba\u015fsavc\u0131l\u0131\u011f\u0131 taraf\u0131ndan ger\u00e7ekle\u015ftirilen programda, Silivri ve \u00c7atalca yarg\u0131 te\u015fkilat\u0131n\u0131n temsilcileri ile il\u00e7e protokol\u00fc bir araya geldi. YARGI VE \u0130L\u00c7E PROTOKOL\u00dc BULU\u015eTU Programa; Silivri Cumhuriyet Ba\u015fsavc\u0131s\u0131 Bar\u0131\u015f Kurt, Silivri Adli Yarg\u0131 \u0130lk Derece Mahkemesi Adalet Komisyonu Ba\u015fkan\u0131 Ali Onur Atar, Silivri Kaymakam\u0131 Murat Eren, \u00c7atalca Cumhuriyet Ba\u015fsavc\u0131s\u0131 [&hellip;]<\/p>\n","protected":false},"author":1,"featured_media":42163,"comment_status":"open","ping_status":"open","sticky":false,"template":"","format":"standard","meta":{"footnotes":"","_links_to":"","_links_to_target":""},"categories":[1],"tags":[],"class_list":["post-42162","post","type-post","status-publish","format-standard","has-post-thumbnail","hentry","category-haberler"],"_links":{"self":[{"href":"https:\/\/www.abchukuk.com\/index.php\/wp-json\/wp\/v2\/posts\/42162","targetHints":{"allow":["GET"]}}],"collection":[{"href":"https:\/\/www.abchukuk.com\/index.php\/wp-json\/wp\/v2\/posts"}],"about":[{"href":"https:\/\/www.abchukuk.com\/index.php\/wp-json\/wp\/v2\/types\/post"}],"author":[{"embeddable":true,"href":"https:\/\/www.abchukuk.com\/index.php\/wp-json\/wp\/v2\/users\/1"}],"replies":[{"embeddable":true,"href":"https:\/\/www.abchukuk.com\/index.php\/wp-json\/wp\/v2\/comments?post=42162"}],"version-history":[{"count":0,"href":"https:\/\/www.abchukuk.com\/index.php\/wp-json\/wp\/v2\/posts\/42162\/revisions"}],"wp:featuredmedia":[{"embeddable":true,"href":"https:\/\/www.abchukuk.com\/index.php\/wp-json\/wp\/v2\/media\/42163"}],"wp:attachment":[{"href":"https:\/\/www.abchukuk.com\/index.php\/wp-json\/wp\/v2\/media?parent=42162"}],"wp:term":[{"taxonomy":"category","embeddable":true,"href":"https:\/\/www.abchukuk.com\/index.php\/wp-json\/wp\/v2\/categories?post=42162"},{"taxonomy":"post_tag","embeddable":true,"href":"https:\/\/www.abchukuk.com\/index.php\/wp-json\/wp\/v2\/tags?post=42162"}],"curies":[{"name":"wp","href":"https:\/\/api.w.org\/{rel}","templated":true}]}}