{"id":42160,"date":"2026-09-01T21:39:00","date_gmt":"2026-09-01T21:39:00","guid":{"rendered":"https:\/\/www.abchukuk.com\/index.php\/2026\/09\/01\/adalet-bakani-gurlek-yunanistandan-baygaralarin-liderini-istedi\/"},"modified":"2026-09-01T21:39:00","modified_gmt":"2026-09-01T21:39:00","slug":"adalet-bakani-gurlek-yunanistandan-baygaralarin-liderini-istedi","status":"publish","type":"post","link":"https:\/\/www.abchukuk.com\/index.php\/2026\/09\/01\/adalet-bakani-gurlek-yunanistandan-baygaralarin-liderini-istedi\/","title":{"rendered":"Adalet Bakan\u0131 G\u00fcrlek, Yunanistan\u2019dan &#8216;Bay\u011faralar\u0131n&#8217; liderini istedi"},"content":{"rendered":"<p>Adalet Bakan\u0131 Ak\u0131n G\u00fcrlek, Yunanistan Adalet Bakan\u0131 Giorgos Floridis ile yapt\u0131\u011f\u0131 g\u00f6r\u00fc\u015fmede, T\u00fcrkiye\u2019nin Yunanistan\u2019dan iadesini talep etti\u011fi \u201cBay\u011faralar\u201d su\u00e7 \u00f6rg\u00fct\u00fc lideri Ramazan Bay\u011fara ile Nedim Sorgu\u00e7 ve Ali Ye\u015filda\u011f dosyalar\u0131n\u0131 g\u00fcndeme getirdi. Floridis, \u00fc\u00e7 dosyada da Yunan adli makamlar\u0131n\u0131n iade karar\u0131 verdi\u011fini, Bay\u011fara ve Sorgu\u00e7\u2019un teslimlerinin A\u0130HM\u2019in ge\u00e7ici tedbir kararlar\u0131 nedeniyle ger\u00e7ekle\u015fmedi\u011fini a\u00e7\u0131klad\u0131.Adalet Bakan\u0131 Ak\u0131n G\u00fcrlek, Yunanistan Adalet Bakan\u0131 Giorgos Floridis ile yapt\u0131\u011f\u0131 g\u00f6r\u00fc\u015fmede, T\u00fcrkiye\u2019nin Yunanistan\u2019dan iadesini talep etti\u011fi \u201cBay\u011faralar\u201d su\u00e7 \u00f6rg\u00fct\u00fc lideri Ramazan Bay\u011fara ile Nedim Sorgu\u00e7 ve Ali Ye\u015filda\u011f dosyalar\u0131n\u0131 g\u00fcndeme getirdi. Floridis, \u00fc\u00e7 dosyada da Yunan adli makamlar\u0131n\u0131n iade karar\u0131 verdi\u011fini, Bay\u011fara ve Sorgu\u00e7\u2019un teslimlerinin A\u0130HM\u2019in ge\u00e7ici tedbir kararlar\u0131 nedeniyle ger\u00e7ekle\u015fmedi\u011fini a\u00e7\u0131klad\u0131.\u00a0<a href=\"https:\/\/www.cumhuriyet.com.tr\/turkiye\/adalet-bakani-gurlek-yunanistan-dan-baygaralarin-liderini-istedi-2534208\" target=\"_blank\" class=\"feedzy-rss-link-icon\">Read More<\/a><\/p>","protected":false},"excerpt":{"rendered":"<p>Adalet Bakan\u0131 Ak\u0131n G\u00fcrlek, Yunanistan Adalet Bakan\u0131 Giorgos Floridis ile yapt\u0131\u011f\u0131 g\u00f6r\u00fc\u015fmede, T\u00fcrkiye\u2019nin Yunanistan\u2019dan iadesini talep etti\u011fi \u201cBay\u011faralar\u201d su\u00e7 \u00f6rg\u00fct\u00fc lideri Ramazan Bay\u011fara ile Nedim Sorgu\u00e7 ve Ali Ye\u015filda\u011f dosyalar\u0131n\u0131 g\u00fcndeme getirdi. Floridis, \u00fc\u00e7 dosyada da Yunan adli makamlar\u0131n\u0131n iade karar\u0131 verdi\u011fini, Bay\u011fara ve Sorgu\u00e7\u2019un teslimlerinin A\u0130HM\u2019in ge\u00e7ici tedbir kararlar\u0131 nedeniyle ger\u00e7ekle\u015fmedi\u011fini a\u00e7\u0131klad\u0131.Adalet Bakan\u0131 Ak\u0131n [&hellip;]<\/p>\n","protected":false},"author":1,"featured_media":42161,"comment_status":"open","ping_status":"open","sticky":false,"template":"","format":"standard","meta":{"footnotes":"","_links_to":"","_links_to_target":""},"categories":[1],"tags":[],"class_list":["post-42160","post","type-post","status-publish","format-standard","has-post-thumbnail","hentry","category-haberler"],"_links":{"self":[{"href":"https:\/\/www.abchukuk.com\/index.php\/wp-json\/wp\/v2\/posts\/42160","targetHints":{"allow":["GET"]}}],"collection":[{"href":"https:\/\/www.abchukuk.com\/index.php\/wp-json\/wp\/v2\/posts"}],"about":[{"href":"https:\/\/www.abchukuk.com\/index.php\/wp-json\/wp\/v2\/types\/post"}],"author":[{"embeddable":true,"href":"https:\/\/www.abchukuk.com\/index.php\/wp-json\/wp\/v2\/users\/1"}],"replies":[{"embeddable":true,"href":"https:\/\/www.abchukuk.com\/index.php\/wp-json\/wp\/v2\/comments?post=42160"}],"version-history":[{"count":0,"href":"https:\/\/www.abchukuk.com\/index.php\/wp-json\/wp\/v2\/posts\/42160\/revisions"}],"wp:featuredmedia":[{"embeddable":true,"href":"https:\/\/www.abchukuk.com\/index.php\/wp-json\/wp\/v2\/media\/42161"}],"wp:attachment":[{"href":"https:\/\/www.abchukuk.com\/index.php\/wp-json\/wp\/v2\/media?parent=42160"}],"wp:term":[{"taxonomy":"category","embeddable":true,"href":"https:\/\/www.abchukuk.com\/index.php\/wp-json\/wp\/v2\/categories?post=42160"},{"taxonomy":"post_tag","embeddable":true,"href":"https:\/\/www.abchukuk.com\/index.php\/wp-json\/wp\/v2\/tags?post=42160"}],"curies":[{"name":"wp","href":"https:\/\/api.w.org\/{rel}","templated":true}]}}