{"id":42158,"date":"2026-09-01T21:52:00","date_gmt":"2026-09-01T21:52:00","guid":{"rendered":"https:\/\/www.abchukuk.com\/index.php\/2026\/09\/01\/musta-5-yil-kesinlesmis-hapis-cezasi-bulunan-firari-yakalandi\/"},"modified":"2026-09-01T21:52:00","modified_gmt":"2026-09-01T21:52:00","slug":"musta-5-yil-kesinlesmis-hapis-cezasi-bulunan-firari-yakalandi","status":"publish","type":"post","link":"https:\/\/www.abchukuk.com\/index.php\/2026\/09\/01\/musta-5-yil-kesinlesmis-hapis-cezasi-bulunan-firari-yakalandi\/","title":{"rendered":"Mu\u015f\u2019ta 5 y\u0131l kesinle\u015fmi\u015f hapis cezas\u0131 bulunan firari yakaland\u0131"},"content":{"rendered":"<p>Mu\u015f\u2019ta hakk\u0131nda &#8220;silahla birden fazla ki\u015fi ile birlikte, konutta geceleyin ya\u011fma&#8221; su\u00e7undan 5 y\u0131l kesinle\u015fmi\u015f hapis cezas\u0131 bulunan \u015fah\u0131s, polis ekiplerince yakaland\u0131. \u015eah\u0131s, i\u015flemleri yap\u0131lmak \u00fczere emniyete g\u00f6t\u00fcr\u00fcld\u00fc.Mu\u015f\u2019ta hakk\u0131nda &#8220;silahla birden fazla ki\u015fi ile birlikte, konutta geceleyin ya\u011fma&#8221; su\u00e7undan 5 y\u0131l kesinle\u015fmi\u015f hapis cezas\u0131 bulunan \u015fah\u0131s, polis ekiplerince yakaland\u0131. \u015eah\u0131s, i\u015flemleri yap\u0131lmak \u00fczere emniyete g\u00f6t\u00fcr\u00fcld\u00fc.\u00a0<a href=\"https:\/\/www.cumhuriyet.com.tr\/turkiye\/mus-ta-5-yil-kesinlesmis-hapis-cezasi-bulunan-firari-yakalandi-2534213\" target=\"_blank\" class=\"feedzy-rss-link-icon\">Read More<\/a><\/p>","protected":false},"excerpt":{"rendered":"<p>Mu\u015f\u2019ta hakk\u0131nda &#8220;silahla birden fazla ki\u015fi ile birlikte, konutta geceleyin ya\u011fma&#8221; su\u00e7undan 5 y\u0131l kesinle\u015fmi\u015f hapis cezas\u0131 bulunan \u015fah\u0131s, polis ekiplerince yakaland\u0131. \u015eah\u0131s, i\u015flemleri yap\u0131lmak \u00fczere emniyete g\u00f6t\u00fcr\u00fcld\u00fc.Mu\u015f\u2019ta hakk\u0131nda &#8220;silahla birden fazla ki\u015fi ile birlikte, konutta geceleyin ya\u011fma&#8221; su\u00e7undan 5 y\u0131l kesinle\u015fmi\u015f hapis cezas\u0131 bulunan \u015fah\u0131s, polis ekiplerince yakaland\u0131. \u015eah\u0131s, i\u015flemleri yap\u0131lmak \u00fczere emniyete g\u00f6t\u00fcr\u00fcld\u00fc.\u00a0Read [&hellip;]<\/p>\n","protected":false},"author":1,"featured_media":42159,"comment_status":"open","ping_status":"open","sticky":false,"template":"","format":"standard","meta":{"footnotes":"","_links_to":"","_links_to_target":""},"categories":[1],"tags":[],"class_list":["post-42158","post","type-post","status-publish","format-standard","has-post-thumbnail","hentry","category-haberler"],"_links":{"self":[{"href":"https:\/\/www.abchukuk.com\/index.php\/wp-json\/wp\/v2\/posts\/42158","targetHints":{"allow":["GET"]}}],"collection":[{"href":"https:\/\/www.abchukuk.com\/index.php\/wp-json\/wp\/v2\/posts"}],"about":[{"href":"https:\/\/www.abchukuk.com\/index.php\/wp-json\/wp\/v2\/types\/post"}],"author":[{"embeddable":true,"href":"https:\/\/www.abchukuk.com\/index.php\/wp-json\/wp\/v2\/users\/1"}],"replies":[{"embeddable":true,"href":"https:\/\/www.abchukuk.com\/index.php\/wp-json\/wp\/v2\/comments?post=42158"}],"version-history":[{"count":0,"href":"https:\/\/www.abchukuk.com\/index.php\/wp-json\/wp\/v2\/posts\/42158\/revisions"}],"wp:featuredmedia":[{"embeddable":true,"href":"https:\/\/www.abchukuk.com\/index.php\/wp-json\/wp\/v2\/media\/42159"}],"wp:attachment":[{"href":"https:\/\/www.abchukuk.com\/index.php\/wp-json\/wp\/v2\/media?parent=42158"}],"wp:term":[{"taxonomy":"category","embeddable":true,"href":"https:\/\/www.abchukuk.com\/index.php\/wp-json\/wp\/v2\/categories?post=42158"},{"taxonomy":"post_tag","embeddable":true,"href":"https:\/\/www.abchukuk.com\/index.php\/wp-json\/wp\/v2\/tags?post=42158"}],"curies":[{"name":"wp","href":"https:\/\/api.w.org\/{rel}","templated":true}]}}