{"id":42157,"date":"2026-09-01T19:14:40","date_gmt":"2026-09-01T19:14:40","guid":{"rendered":"https:\/\/www.abchukuk.com\/index.php\/2026\/09\/01\/bakan-gurlek-yunanistan-adalet-bakani-sayin-floridis-ile-adalet-alanindaki-is-birligimizi-degerlendirdik\/"},"modified":"2026-09-01T19:14:40","modified_gmt":"2026-09-01T19:14:40","slug":"bakan-gurlek-yunanistan-adalet-bakani-sayin-floridis-ile-adalet-alanindaki-is-birligimizi-degerlendirdik","status":"publish","type":"post","link":"https:\/\/www.abchukuk.com\/index.php\/2026\/09\/01\/bakan-gurlek-yunanistan-adalet-bakani-sayin-floridis-ile-adalet-alanindaki-is-birligimizi-degerlendirdik\/","title":{"rendered":"Bakan G\u00fcrlek: Yunanistan Adalet Bakan\u0131 say\u0131n Floridis ile adalet alan\u0131ndaki i\u015f birli\u011fimizi de\u011ferlendirdik"},"content":{"rendered":"<p>Adalet Bakan\u0131 G\u00fcrlek, Yunan mevkida\u015f\u0131 Floridis ile adalet alan\u0131ndaki i\u015f birli\u011fini de\u011ferlendirdikleri bir video konferans g\u00f6r\u00fc\u015fmesi yapt\u0131klar\u0131n\u0131 belirtti.Adalet Bakan\u0131 G\u00fcrlek, Yunan mevkida\u015f\u0131 Floridis ile adalet alan\u0131ndaki i\u015f birli\u011fini de\u011ferlendirdikleri bir video konferans g\u00f6r\u00fc\u015fmesi yapt\u0131klar\u0131n\u0131 belirtti.\u00a0<a href=\"https:\/\/anlatilaninotesi.com.tr\/20260901\/adalet-bakani-gurlek-yunanistan-adalet-bakani-sayin-floridis-ile-adalet-alanindaki-is-birligimizi-1108415936.html\" target=\"_blank\" class=\"feedzy-rss-link-icon\">Read More<\/a><\/p>","protected":false},"excerpt":{"rendered":"<p>Adalet Bakan\u0131 G\u00fcrlek, Yunan mevkida\u015f\u0131 Floridis ile adalet alan\u0131ndaki i\u015f birli\u011fini de\u011ferlendirdikleri bir video konferans g\u00f6r\u00fc\u015fmesi yapt\u0131klar\u0131n\u0131 belirtti.Adalet Bakan\u0131 G\u00fcrlek, Yunan mevkida\u015f\u0131 Floridis ile adalet alan\u0131ndaki i\u015f birli\u011fini de\u011ferlendirdikleri bir video konferans g\u00f6r\u00fc\u015fmesi yapt\u0131klar\u0131n\u0131 belirtti.\u00a0Read More<\/p>\n","protected":false},"author":1,"featured_media":0,"comment_status":"open","ping_status":"open","sticky":false,"template":"","format":"standard","meta":{"footnotes":"","_links_to":"","_links_to_target":""},"categories":[1],"tags":[],"class_list":["post-42157","post","type-post","status-publish","format-standard","hentry","category-haberler"],"_links":{"self":[{"href":"https:\/\/www.abchukuk.com\/index.php\/wp-json\/wp\/v2\/posts\/42157","targetHints":{"allow":["GET"]}}],"collection":[{"href":"https:\/\/www.abchukuk.com\/index.php\/wp-json\/wp\/v2\/posts"}],"about":[{"href":"https:\/\/www.abchukuk.com\/index.php\/wp-json\/wp\/v2\/types\/post"}],"author":[{"embeddable":true,"href":"https:\/\/www.abchukuk.com\/index.php\/wp-json\/wp\/v2\/users\/1"}],"replies":[{"embeddable":true,"href":"https:\/\/www.abchukuk.com\/index.php\/wp-json\/wp\/v2\/comments?post=42157"}],"version-history":[{"count":0,"href":"https:\/\/www.abchukuk.com\/index.php\/wp-json\/wp\/v2\/posts\/42157\/revisions"}],"wp:attachment":[{"href":"https:\/\/www.abchukuk.com\/index.php\/wp-json\/wp\/v2\/media?parent=42157"}],"wp:term":[{"taxonomy":"category","embeddable":true,"href":"https:\/\/www.abchukuk.com\/index.php\/wp-json\/wp\/v2\/categories?post=42157"},{"taxonomy":"post_tag","embeddable":true,"href":"https:\/\/www.abchukuk.com\/index.php\/wp-json\/wp\/v2\/tags?post=42157"}],"curies":[{"name":"wp","href":"https:\/\/api.w.org\/{rel}","templated":true}]}}